{"id":538,"date":"2019-11-11T16:15:52","date_gmt":"2019-11-11T16:15:52","guid":{"rendered":""},"modified":"2021-04-19T16:24:21","modified_gmt":"2021-04-19T14:24:21","slug":"las-edades-de-la-piel","status":"publish","type":"post","link":"https:\/\/armoniabio.com\/blog\/las-edades-de-la-piel\/","title":{"rendered":"Las edades de la piel"},"content":{"rendered":"<p><span style=\"font-family: arial, helvetica, sans-serif; font-size: 12pt;\">Antes de comprar un producto ten en cuenta que no se trata solo de encontrar la mejor crema para cada edad, sino de <strong>adaptar tu rutina de belleza a las necesidades<\/strong>\u00a0que le van surgiendo a tu piel.<\/span><\/p>\n<div id=\"ez-toc-container\" class=\"ez-toc-v2_0_77 counter-hierarchy ez-toc-counter ez-toc-grey ez-toc-container-direction\">\n<div class=\"ez-toc-title-container\">\n<p class=\"ez-toc-title\" style=\"cursor:inherit\">\u00cdndice de contenidos:<\/p>\n<span class=\"ez-toc-title-toggle\"><a href=\"#\" class=\"ez-toc-pull-right ez-toc-btn ez-toc-btn-xs ez-toc-btn-default ez-toc-toggle\" aria-label=\"Alternar tabla de contenidos\"><span class=\"ez-toc-js-icon-con\"><span class=\"\"><span class=\"eztoc-hide\" style=\"display:none;\">Toggle<\/span><span class=\"ez-toc-icon-toggle-span\"><svg style=\"fill: #999;color:#999\" xmlns=\"http:\/\/www.w3.org\/2000\/svg\" class=\"list-377408\" width=\"20px\" height=\"20px\" viewBox=\"0 0 24 24\" fill=\"none\"><path d=\"M6 6H4v2h2V6zm14 0H8v2h12V6zM4 11h2v2H4v-2zm16 0H8v2h12v-2zM4 16h2v2H4v-2zm16 0H8v2h12v-2z\" fill=\"currentColor\"><\/path><\/svg><svg style=\"fill: #999;color:#999\" class=\"arrow-unsorted-368013\" xmlns=\"http:\/\/www.w3.org\/2000\/svg\" width=\"10px\" height=\"10px\" viewBox=\"0 0 24 24\" version=\"1.2\" baseProfile=\"tiny\"><path d=\"M18.2 9.3l-6.2-6.3-6.2 6.3c-.2.2-.3.4-.3.7s.1.5.3.7c.2.2.4.3.7.3h11c.3 0 .5-.1.7-.3.2-.2.3-.5.3-.7s-.1-.5-.3-.7zM5.8 14.7l6.2 6.3 6.2-6.3c.2-.2.3-.5.3-.7s-.1-.5-.3-.7c-.2-.2-.4-.3-.7-.3h-11c-.3 0-.5.1-.7.3-.2.2-.3.5-.3.7s.1.5.3.7z\"\/><\/svg><\/span><\/span><\/span><\/a><\/span><\/div>\n<nav><ul class='ez-toc-list ez-toc-list-level-1 ' ><li class='ez-toc-page-1 ez-toc-heading-level-2'><a class=\"ez-toc-link ez-toc-heading-1\" href=\"https:\/\/armoniabio.com\/blog\/las-edades-de-la-piel\/#Cuidados_para_la_piel_recomendados_segun_la_edad_que_tengas\" >Cuidados para la piel recomendados seg\u00fan la edad que tengas.<\/a><ul class='ez-toc-list-level-3' ><li class='ez-toc-heading-level-3'><a class=\"ez-toc-link ez-toc-heading-2\" href=\"https:\/\/armoniabio.com\/blog\/las-edades-de-la-piel\/#Cuidados_de_la_piel_a_los_20_Limpieza_e_hidratacion\" >Cuidados de la piel a los 20: Limpieza e hidrataci\u00f3n.<\/a><\/li><li class='ez-toc-page-1 ez-toc-heading-level-3'><a class=\"ez-toc-link ez-toc-heading-3\" href=\"https:\/\/armoniabio.com\/blog\/las-edades-de-la-piel\/#Cuidados_de_la_piel_a_los_30_Tratamiento_para_el_contorno_de_los_ojos\" >Cuidados de la piel a los 30: Tratamiento para el contorno de los ojos.<\/a><\/li><li class='ez-toc-page-1 ez-toc-heading-level-3'><a class=\"ez-toc-link ez-toc-heading-4\" href=\"https:\/\/armoniabio.com\/blog\/las-edades-de-la-piel\/#Cuidados_de_la_piel_a_los_40_Cremas_anti_manchas_y_contra_las_arrugas\" >Cuidados de la piel a los 40: Cremas anti manchas y contra las arrugas.<\/a><\/li><li class='ez-toc-page-1 ez-toc-heading-level-3'><a class=\"ez-toc-link ez-toc-heading-5\" href=\"https:\/\/armoniabio.com\/blog\/las-edades-de-la-piel\/#Cuidados_de_la_piel_a_partir_de_los_50_Combate_la_flacidez\" >Cuidados de la piel a partir de los 50: Combate la flacidez.<\/a><\/li><li class='ez-toc-page-1 ez-toc-heading-level-3'><a class=\"ez-toc-link ez-toc-heading-6\" href=\"https:\/\/armoniabio.com\/blog\/las-edades-de-la-piel\/#Cuidados_de_la_piel_a_a_cualquier_edad\" >Cuidados de la piel a a cualquier edad:<\/a><\/li><\/ul><\/li><\/ul><\/nav><\/div>\n<h2><span class=\"ez-toc-section\" id=\"Cuidados_para_la_piel_recomendados_segun_la_edad_que_tengas\"><\/span>Cuidados para la piel recomendados seg\u00fan la edad que tengas.<span class=\"ez-toc-section-end\"><\/span><\/h2>\n<p><span style=\"font-family: arial, helvetica, sans-serif; font-size: 12pt;\">Dicho esto, vamos a hacer un repaso de los cuidados fundamentales en cada etapa.<\/span><\/p>\n<h3><span class=\"ez-toc-section\" id=\"Cuidados_de_la_piel_a_los_20_Limpieza_e_hidratacion\"><\/span><span style=\"font-family: arial, helvetica, sans-serif; font-size: 12pt;\"><strong>Cuidados de la piel a los 20: L<\/strong><\/span><span style=\"font-family: arial, helvetica, sans-serif; font-size: 12pt;\"><strong>impieza e hidrataci\u00f3n.<\/strong><\/span><span class=\"ez-toc-section-end\"><\/span><\/h3>\n<p><span style=\"font-family: arial, helvetica, sans-serif; font-size: 12pt;\">Seguramente tendr\u00e1s una piel preciosa<strong>, <\/strong>mantenla cuidando sobre todo la hidrataci\u00f3n ma\u00f1ana y noche. Utiliza una crema espec\u00edfica para tu tipo de piel, ya sea mixta, grasa, seca o sensible. <em><span style=\"color: #99cc00;\"><a href=\"https:\/\/armoniabio.com\/cremas-faciales-naturales\/crema-acido-hialuronico.html\" target=\"_blank\" rel=\"noopener noreferrer\"><span style=\"color: #99cc00;\">Crema Acido Hialur\u00f3nico<\/span><\/a><\/span>, <span style=\"color: #99cc00;\"><a href=\"https:\/\/armoniabio.com\/cremas-faciales-naturales\/crema-depurativa.html\" target=\"_blank\" rel=\"noopener noreferrer\"><span style=\"color: #99cc00;\">Crema Depurativa<\/span><\/a><\/span><\/em>.<\/span><\/p>\n<p><span style=\"font-family: arial, helvetica, sans-serif; font-size: 12pt;\">Si tu piel es grasa o tienes granitos, conviene que te realices una\u00a0<strong>exfoliaci\u00f3n<\/strong>\u00a0facial una vez a la semana.\u00a0<em><span style=\"color: #99cc00;\"><a href=\"https:\/\/armoniabio.com\/desmaquillante-natural\/microexfoliante-urban-protection.html\" target=\"_blank\" rel=\"noopener noreferrer\"><span style=\"color: #99cc00;\">Microexfoliante Urban<\/span><\/a><\/span><\/em><\/span><\/p>\n<h3><span class=\"ez-toc-section\" id=\"Cuidados_de_la_piel_a_los_30_Tratamiento_para_el_contorno_de_los_ojos\"><\/span><span style=\"font-family: arial, helvetica, sans-serif; font-size: 12pt;\"><strong>Cuidados de la piel a los 30: Tratamiento para el contorno de los ojos.<\/strong><\/span><span class=\"ez-toc-section-end\"><\/span><\/h3>\n<p><span style=\"font-family: arial, helvetica, sans-serif; font-size: 12pt;\">Adem\u00e1s de seguir con los cuidados de los 20, presta atenci\u00f3n a las l\u00edneas de expresi\u00f3n e incorpora el cuidado del\u00a0<strong>contorno de ojos<\/strong> por la ma\u00f1ana y por la noche.\u00a0<em><span style=\"color: #99cc00;\"><a href=\"\/contorno-ojos-natural\/contorno-de-ojos-helix-active.html\" target=\"_blank\" rel=\"noopener noreferrer\"><span style=\"color: #99cc00;\">Contorno de ojos Helix Active<\/span><\/a><\/span><\/em><\/span><\/p>\n<p><span style=\"font-family: arial, helvetica, sans-serif; font-size: 12pt;\">Si tu piel es seca, aplica una vez a la semana una mascarilla nutritiva que te ayudar\u00e1 a mantener la elasticidad de la piel.\u00a0<em><span style=\"color: #99cc00;\"><a href=\"\/mascarillas-faciales-naturales\/mascarilla-hidratante-de-noche.html\" target=\"_blank\" rel=\"noopener noreferrer\"><span style=\"color: #99cc00;\">Mascarilla Hidratissima<\/span><\/a><\/span> <\/em>Y si tu piel es grasa y con acn\u00e9, una mascarilla purificante o detox, que limpie los poros.<em>\u00a0<span style=\"color: #99cc00;\"><a href=\"\/mascarillas-faciales-naturales\/mascarilla-urban-protection.html\" target=\"_blank\" rel=\"noopener noreferrer\"><span style=\"color: #99cc00;\">Mascarilla Urban<\/span><\/a><\/span><\/em><\/span><\/p>\n<p><span style=\"font-family: arial, helvetica, sans-serif; font-size: 12pt;\">Incluye un nuevo producto en tu rutina; el\u00a0<strong>serum<\/strong>. Busca uno seg\u00fan las necesidades de tu piel (luminosidad, anti arrugas, hidratante, anti-manchas, etc.).\u00a0<em><span style=\"color: #99cc00;\"><a href=\"\/serum-facial\/serum-helix-active.html\" target=\"_blank\" rel=\"noopener noreferrer\"><span style=\"color: #99cc00;\">Serum Helix Active<\/span><\/a><\/span><\/em><\/span><\/p>\n<h3><span class=\"ez-toc-section\" id=\"Cuidados_de_la_piel_a_los_40_Cremas_anti_manchas_y_contra_las_arrugas\"><\/span><span style=\"font-family: arial, helvetica, sans-serif; font-size: 12pt;\"><strong>Cuidados de la piel a los 40: Cremas anti manchas y contra las arrugas.<\/strong><\/span><span class=\"ez-toc-section-end\"><\/span><\/h3>\n<p><span style=\"font-family: arial, helvetica, sans-serif; font-size: 12pt;\">En esta etapa se intensifican las l\u00edneas de expresi\u00f3n y se vuelven m\u00e1s evidentes las manchas solares.Deber\u00e1s\u00a0<strong>adaptar tus cremas a esta nueva condici\u00f3n.<\/strong><\/span><\/p>\n<p><span style=\"font-family: arial, helvetica, sans-serif; font-size: 12pt;\">Para atenuar las <strong>hiperpigmentaciones <\/strong>que aparecen por los cambios hormonales y el exceso de sol, aplica a diario una crema que contenga alg\u00fan activo despigmentante. <em><span style=\"color: #99cc00;\"><a href=\"\/cremas-faciales-naturales\/crema-regeneradora-helix-active.html\" target=\"_blank\" rel=\"noopener noreferrer\"><span style=\"color: #99cc00;\">Crema Regeneradora Helix Active<\/span><\/a><\/span>. <\/em>Sigue con el s\u00e9rum, quiz\u00e1s necesites uno reparador<em>.\u00a0<span style=\"color: #99cc00;\"><a href=\"\/serum-facial\/serum-helix-active.html\" target=\"_blank\" rel=\"noopener noreferrer\"><span style=\"color: #99cc00;\">Serum Concentrado Helix Active<\/span><\/a><\/span><\/em><\/span><\/p>\n<p><span style=\"font-family: arial, helvetica, sans-serif; font-size: 12pt;\">Adem\u00e1s conviene que tu crema de noche sea m\u00e1s\u00a0<strong>nutritiva<\/strong> y con una mayor concentraci\u00f3n de activos. <em><span style=\"color: #99cc00;\"><a href=\"\/tratamiento-efecto-lifting\/crema-lifting-effect.html\" target=\"_blank\" rel=\"noopener noreferrer\"><span style=\"color: #99cc00;\">Crema Efecto Lifting<\/span><\/a><\/span><\/em><\/span><\/p>\n<h3><span class=\"ez-toc-section\" id=\"Cuidados_de_la_piel_a_partir_de_los_50_Combate_la_flacidez\"><\/span><span style=\"font-family: arial, helvetica, sans-serif; font-size: 12pt;\"><strong>Cuidados de la piel a partir de los 50: Combate la flacidez.<\/strong><\/span><span class=\"ez-toc-section-end\"><\/span><\/h3>\n<p><span style=\"font-family: arial, helvetica, sans-serif; font-size: 12pt;\">La <strong>flacidez<\/strong> es el gran enemigo a combatir. El rostro va perdiendo definici\u00f3n y el \u00f3valo facial se desdibuja. Es importante seguir con la rutina de belleza que has seguido hasta el momento, pero incorporando cremas y s\u00e9rums con efecto tensor.<\/span><\/p>\n<h3><span class=\"ez-toc-section\" id=\"Cuidados_de_la_piel_a_a_cualquier_edad\"><\/span><span style=\"font-family: arial, helvetica, sans-serif; font-size: 12pt;\"><strong>Cuidados de la piel a a cualquier edad:<\/strong><\/span><span class=\"ez-toc-section-end\"><\/span><\/h3>\n<p><span style=\"font-family: arial, helvetica, sans-serif; font-size: 12pt;\">&#8211; Limpia tu rostro cada d\u00eda, es esencial.<\/span><\/p>\n<p><span style=\"font-family: arial, helvetica, sans-serif; font-size: 12pt;\"><strong>&#8211; Hidratar la piel por dentro<\/strong>. \u00a1Bebe agua!<\/span><\/p>\n<p><span style=\"font-family: arial, helvetica, sans-serif; font-size: 12pt;\"><strong>&#8211; Usa protecci\u00f3n solar A DIARIO<\/strong>.<\/span><\/p>\n<p><span style=\"font-family: arial, helvetica, sans-serif; font-size: 12pt;\"><strong>&#8211; Duerme lo suficiente<\/strong>.<\/span><\/p>\n<p><span style=\"font-family: arial, helvetica, sans-serif; font-size: 12pt;\">Recuerda que envejecer es parte del ciclo natural de la vida, as\u00ed que \u00a1cu\u00eddate, vive y s\u00e9 feliz!<\/span><\/p>\n\n\n<div class=\"kk-star-ratings kksr-auto kksr-align-left kksr-valign-bottom\"\n    data-payload='{&quot;align&quot;:&quot;left&quot;,&quot;id&quot;:&quot;538&quot;,&quot;slug&quot;:&quot;default&quot;,&quot;valign&quot;:&quot;bottom&quot;,&quot;ignore&quot;:&quot;&quot;,&quot;reference&quot;:&quot;auto&quot;,&quot;class&quot;:&quot;&quot;,&quot;count&quot;:&quot;4&quot;,&quot;legendonly&quot;:&quot;&quot;,&quot;readonly&quot;:&quot;&quot;,&quot;score&quot;:&quot;4.5&quot;,&quot;starsonly&quot;:&quot;&quot;,&quot;best&quot;:&quot;5&quot;,&quot;gap&quot;:&quot;5&quot;,&quot;greet&quot;:&quot;\\u00bfTe ha gustado nuestro contenido?&quot;,&quot;legend&quot;:&quot;4.5\\\/5&quot;,&quot;size&quot;:&quot;24&quot;,&quot;title&quot;:&quot;Las edades de la piel&quot;,&quot;width&quot;:&quot;128&quot;,&quot;_legend&quot;:&quot;{score}\\\/{best}&quot;,&quot;font_factor&quot;:&quot;1.25&quot;}'>\n            \n<div class=\"kksr-stars\">\n    \n<div class=\"kksr-stars-inactive\">\n            <div class=\"kksr-star\" data-star=\"1\" style=\"padding-right: 5px\">\n            \n\n<div class=\"kksr-icon\" style=\"width: 24px; height: 24px;\"><\/div>\n        <\/div>\n            <div class=\"kksr-star\" data-star=\"2\" style=\"padding-right: 5px\">\n            \n\n<div class=\"kksr-icon\" style=\"width: 24px; height: 24px;\"><\/div>\n        <\/div>\n            <div class=\"kksr-star\" data-star=\"3\" style=\"padding-right: 5px\">\n            \n\n<div class=\"kksr-icon\" style=\"width: 24px; height: 24px;\"><\/div>\n        <\/div>\n            <div class=\"kksr-star\" data-star=\"4\" style=\"padding-right: 5px\">\n            \n\n<div class=\"kksr-icon\" style=\"width: 24px; height: 24px;\"><\/div>\n        <\/div>\n            <div class=\"kksr-star\" data-star=\"5\" style=\"padding-right: 5px\">\n            \n\n<div class=\"kksr-icon\" style=\"width: 24px; height: 24px;\"><\/div>\n        <\/div>\n    <\/div>\n    \n<div class=\"kksr-stars-active\" style=\"width: 128px;\">\n            <div class=\"kksr-star\" style=\"padding-right: 5px\">\n            \n\n<div class=\"kksr-icon\" style=\"width: 24px; height: 24px;\"><\/div>\n        <\/div>\n            <div class=\"kksr-star\" style=\"padding-right: 5px\">\n            \n\n<div class=\"kksr-icon\" style=\"width: 24px; height: 24px;\"><\/div>\n        <\/div>\n            <div class=\"kksr-star\" style=\"padding-right: 5px\">\n            \n\n<div class=\"kksr-icon\" style=\"width: 24px; height: 24px;\"><\/div>\n        <\/div>\n            <div class=\"kksr-star\" style=\"padding-right: 5px\">\n            \n\n<div class=\"kksr-icon\" style=\"width: 24px; height: 24px;\"><\/div>\n        <\/div>\n            <div class=\"kksr-star\" style=\"padding-right: 5px\">\n            \n\n<div class=\"kksr-icon\" style=\"width: 24px; height: 24px;\"><\/div>\n        <\/div>\n    <\/div>\n<\/div>\n                \n\n<div class=\"kksr-legend\" style=\"font-size: 19.2px;\">\n            4.5\/5    <\/div>\n    <\/div>\n","protected":false},"excerpt":{"rendered":"<p>Antes de comprar un producto ten en cuenta que no se trata solo de encontrar la mejor crema para cada edad, sino de adaptar tu rutina de belleza a las necesidades\u00a0que le van surgiendo a tu piel. Cuidados para la piel recomendados seg\u00fan la edad que tengas. Dicho esto, vamos<\/p>\n","protected":false},"author":10,"featured_media":543,"comment_status":"open","ping_status":"open","sticky":false,"template":"","format":"standard","meta":{"footnotes":""},"categories":[9,10,8],"tags":[],"yoast_head":"<!-- This site is optimized with the Yoast SEO plugin v22.6 - https:\/\/yoast.com\/wordpress\/plugins\/seo\/ -->\n<title>Cuidados para la piel recomendados seg\u00fan la edad<\/title>\n<meta name=\"robots\" content=\"index, follow, max-snippet:-1, max-image-preview:large, max-video-preview:-1\" \/>\n<link rel=\"canonical\" href=\"https:\/\/armoniabio.com\/blog\/las-edades-de-la-piel\/\" \/>\n<meta property=\"og:locale\" content=\"es_ES\" \/>\n<meta property=\"og:type\" content=\"article\" \/>\n<meta property=\"og:title\" content=\"Cuidados para la piel recomendados seg\u00fan la edad\" \/>\n<meta property=\"og:description\" content=\"Antes de comprar un producto ten en cuenta que no se trata solo de encontrar la mejor crema para cada edad, sino de adaptar tu rutina de belleza a las necesidades\u00a0que le van surgiendo a tu piel. Cuidados para la piel recomendados seg\u00fan la edad que tengas. Dicho esto, vamos\" \/>\n<meta property=\"og:url\" content=\"https:\/\/armoniabio.com\/blog\/las-edades-de-la-piel\/\" \/>\n<meta property=\"og:site_name\" content=\"Blog armon\u00eda\" \/>\n<meta property=\"article:publisher\" content=\"https:\/\/www.facebook.com\/ArmoniaCosmetica\/\" \/>\n<meta property=\"article:published_time\" content=\"2019-11-11T16:15:52+00:00\" \/>\n<meta property=\"article:modified_time\" content=\"2021-04-19T14:24:21+00:00\" \/>\n<meta property=\"og:image\" content=\"https:\/\/armoniabio.com\/blog\/wp-content\/uploads\/2019\/11\/160-edad-piel.jpg\" \/>\n\t<meta property=\"og:image:width\" content=\"812\" \/>\n\t<meta property=\"og:image:height\" content=\"580\" \/>\n\t<meta property=\"og:image:type\" content=\"image\/jpeg\" \/>\n<meta name=\"author\" content=\"Ana de Sus\" \/>\n<meta name=\"twitter:card\" content=\"summary_large_image\" \/>\n<meta name=\"twitter:creator\" content=\"@armoniabio\" \/>\n<meta name=\"twitter:site\" content=\"@armoniabio\" \/>\n<script type=\"application\/ld+json\" class=\"yoast-schema-graph\">{\"@context\":\"https:\/\/schema.org\",\"@graph\":[{\"@type\":\"Article\",\"@id\":\"https:\/\/armoniabio.com\/blog\/las-edades-de-la-piel\/#article\",\"isPartOf\":{\"@id\":\"https:\/\/armoniabio.com\/blog\/las-edades-de-la-piel\/\"},\"author\":{\"name\":\"Ana de Sus\",\"@id\":\"https:\/\/armoniabio.com\/blog\/#\/schema\/person\/1283d62e62bbb3a937177b0816975498\"},\"headline\":\"Las edades de la piel\",\"datePublished\":\"2019-11-11T16:15:52+00:00\",\"dateModified\":\"2021-04-19T14:24:21+00:00\",\"mainEntityOfPage\":{\"@id\":\"https:\/\/armoniabio.com\/blog\/las-edades-de-la-piel\/\"},\"wordCount\":487,\"commentCount\":0,\"publisher\":{\"@id\":\"https:\/\/armoniabio.com\/blog\/#organization\"},\"image\":{\"@id\":\"https:\/\/armoniabio.com\/blog\/las-edades-de-la-piel\/#primaryimage\"},\"thumbnailUrl\":\"https:\/\/armoniabio.com\/blog\/wp-content\/uploads\/2019\/11\/160-edad-piel.jpg\",\"articleSection\":[\"Belleza\",\"Limpieza facial\",\"Tratamiento de rostro\"],\"inLanguage\":\"es\",\"potentialAction\":[{\"@type\":\"CommentAction\",\"name\":\"Comment\",\"target\":[\"https:\/\/armoniabio.com\/blog\/las-edades-de-la-piel\/#respond\"]}]},{\"@type\":\"WebPage\",\"@id\":\"https:\/\/armoniabio.com\/blog\/las-edades-de-la-piel\/\",\"url\":\"https:\/\/armoniabio.com\/blog\/las-edades-de-la-piel\/\",\"name\":\"Cuidados para la piel recomendados seg\u00fan la edad\",\"isPartOf\":{\"@id\":\"https:\/\/armoniabio.com\/blog\/#website\"},\"primaryImageOfPage\":{\"@id\":\"https:\/\/armoniabio.com\/blog\/las-edades-de-la-piel\/#primaryimage\"},\"image\":{\"@id\":\"https:\/\/armoniabio.com\/blog\/las-edades-de-la-piel\/#primaryimage\"},\"thumbnailUrl\":\"https:\/\/armoniabio.com\/blog\/wp-content\/uploads\/2019\/11\/160-edad-piel.jpg\",\"datePublished\":\"2019-11-11T16:15:52+00:00\",\"dateModified\":\"2021-04-19T14:24:21+00:00\",\"breadcrumb\":{\"@id\":\"https:\/\/armoniabio.com\/blog\/las-edades-de-la-piel\/#breadcrumb\"},\"inLanguage\":\"es\",\"potentialAction\":[{\"@type\":\"ReadAction\",\"target\":[\"https:\/\/armoniabio.com\/blog\/las-edades-de-la-piel\/\"]}]},{\"@type\":\"ImageObject\",\"inLanguage\":\"es\",\"@id\":\"https:\/\/armoniabio.com\/blog\/las-edades-de-la-piel\/#primaryimage\",\"url\":\"https:\/\/armoniabio.com\/blog\/wp-content\/uploads\/2019\/11\/160-edad-piel.jpg\",\"contentUrl\":\"https:\/\/armoniabio.com\/blog\/wp-content\/uploads\/2019\/11\/160-edad-piel.jpg\",\"width\":812,\"height\":580},{\"@type\":\"BreadcrumbList\",\"@id\":\"https:\/\/armoniabio.com\/blog\/las-edades-de-la-piel\/#breadcrumb\",\"itemListElement\":[{\"@type\":\"ListItem\",\"position\":1,\"name\":\"Portada\",\"item\":\"https:\/\/armoniabio.com\/blog\/\"},{\"@type\":\"ListItem\",\"position\":2,\"name\":\"Las edades de la piel\"}]},{\"@type\":\"WebSite\",\"@id\":\"https:\/\/armoniabio.com\/blog\/#website\",\"url\":\"https:\/\/armoniabio.com\/blog\/\",\"name\":\"Blog armon\u00eda\",\"description\":\"\",\"publisher\":{\"@id\":\"https:\/\/armoniabio.com\/blog\/#organization\"},\"potentialAction\":[{\"@type\":\"SearchAction\",\"target\":{\"@type\":\"EntryPoint\",\"urlTemplate\":\"https:\/\/armoniabio.com\/blog\/?s={search_term_string}\"},\"query-input\":\"required name=search_term_string\"}],\"inLanguage\":\"es\"},{\"@type\":\"Organization\",\"@id\":\"https:\/\/armoniabio.com\/blog\/#organization\",\"name\":\"Armon\u00eda Cosm\u00e9tica Natural\",\"url\":\"https:\/\/armoniabio.com\/blog\/\",\"logo\":{\"@type\":\"ImageObject\",\"inLanguage\":\"es\",\"@id\":\"https:\/\/armoniabio.com\/blog\/#\/schema\/logo\/image\/\",\"url\":\"http:\/\/armoniabio.com\/blog\/wp-content\/uploads\/2021\/04\/logo_armoniabio.svg\",\"contentUrl\":\"http:\/\/armoniabio.com\/blog\/wp-content\/uploads\/2021\/04\/logo_armoniabio.svg\",\"width\":1,\"height\":1,\"caption\":\"Armon\u00eda Cosm\u00e9tica Natural\"},\"image\":{\"@id\":\"https:\/\/armoniabio.com\/blog\/#\/schema\/logo\/image\/\"},\"sameAs\":[\"https:\/\/www.facebook.com\/ArmoniaCosmetica\/\",\"https:\/\/x.com\/armoniabio\",\"https:\/\/www.instagram.com\/armoniabio\/\",\"https:\/\/www.pinterest.es\/armonacosmticanatural\/\",\"https:\/\/www.youtube.com\/channel\/UCvRU98h_rm6BNIt8CAJtQbw\"]},{\"@type\":\"Person\",\"@id\":\"https:\/\/armoniabio.com\/blog\/#\/schema\/person\/1283d62e62bbb3a937177b0816975498\",\"name\":\"Ana de Sus\"}]}<\/script>\n<!-- \/ Yoast SEO plugin. -->","yoast_head_json":{"title":"Cuidados para la piel recomendados seg\u00fan la edad","robots":{"index":"index","follow":"follow","max-snippet":"max-snippet:-1","max-image-preview":"max-image-preview:large","max-video-preview":"max-video-preview:-1"},"canonical":"https:\/\/armoniabio.com\/blog\/las-edades-de-la-piel\/","og_locale":"es_ES","og_type":"article","og_title":"Cuidados para la piel recomendados seg\u00fan la edad","og_description":"Antes de comprar un producto ten en cuenta que no se trata solo de encontrar la mejor crema para cada edad, sino de adaptar tu rutina de belleza a las necesidades\u00a0que le van surgiendo a tu piel. Cuidados para la piel recomendados seg\u00fan la edad que tengas. Dicho esto, vamos","og_url":"https:\/\/armoniabio.com\/blog\/las-edades-de-la-piel\/","og_site_name":"Blog armon\u00eda","article_publisher":"https:\/\/www.facebook.com\/ArmoniaCosmetica\/","article_published_time":"2019-11-11T16:15:52+00:00","article_modified_time":"2021-04-19T14:24:21+00:00","og_image":[{"width":812,"height":580,"url":"https:\/\/armoniabio.com\/blog\/wp-content\/uploads\/2019\/11\/160-edad-piel.jpg","type":"image\/jpeg"}],"author":"Ana de Sus","twitter_card":"summary_large_image","twitter_creator":"@armoniabio","twitter_site":"@armoniabio","schema":{"@context":"https:\/\/schema.org","@graph":[{"@type":"Article","@id":"https:\/\/armoniabio.com\/blog\/las-edades-de-la-piel\/#article","isPartOf":{"@id":"https:\/\/armoniabio.com\/blog\/las-edades-de-la-piel\/"},"author":{"name":"Ana de Sus","@id":"https:\/\/armoniabio.com\/blog\/#\/schema\/person\/1283d62e62bbb3a937177b0816975498"},"headline":"Las edades de la piel","datePublished":"2019-11-11T16:15:52+00:00","dateModified":"2021-04-19T14:24:21+00:00","mainEntityOfPage":{"@id":"https:\/\/armoniabio.com\/blog\/las-edades-de-la-piel\/"},"wordCount":487,"commentCount":0,"publisher":{"@id":"https:\/\/armoniabio.com\/blog\/#organization"},"image":{"@id":"https:\/\/armoniabio.com\/blog\/las-edades-de-la-piel\/#primaryimage"},"thumbnailUrl":"https:\/\/armoniabio.com\/blog\/wp-content\/uploads\/2019\/11\/160-edad-piel.jpg","articleSection":["Belleza","Limpieza facial","Tratamiento de rostro"],"inLanguage":"es","potentialAction":[{"@type":"CommentAction","name":"Comment","target":["https:\/\/armoniabio.com\/blog\/las-edades-de-la-piel\/#respond"]}]},{"@type":"WebPage","@id":"https:\/\/armoniabio.com\/blog\/las-edades-de-la-piel\/","url":"https:\/\/armoniabio.com\/blog\/las-edades-de-la-piel\/","name":"Cuidados para la piel recomendados seg\u00fan la edad","isPartOf":{"@id":"https:\/\/armoniabio.com\/blog\/#website"},"primaryImageOfPage":{"@id":"https:\/\/armoniabio.com\/blog\/las-edades-de-la-piel\/#primaryimage"},"image":{"@id":"https:\/\/armoniabio.com\/blog\/las-edades-de-la-piel\/#primaryimage"},"thumbnailUrl":"https:\/\/armoniabio.com\/blog\/wp-content\/uploads\/2019\/11\/160-edad-piel.jpg","datePublished":"2019-11-11T16:15:52+00:00","dateModified":"2021-04-19T14:24:21+00:00","breadcrumb":{"@id":"https:\/\/armoniabio.com\/blog\/las-edades-de-la-piel\/#breadcrumb"},"inLanguage":"es","potentialAction":[{"@type":"ReadAction","target":["https:\/\/armoniabio.com\/blog\/las-edades-de-la-piel\/"]}]},{"@type":"ImageObject","inLanguage":"es","@id":"https:\/\/armoniabio.com\/blog\/las-edades-de-la-piel\/#primaryimage","url":"https:\/\/armoniabio.com\/blog\/wp-content\/uploads\/2019\/11\/160-edad-piel.jpg","contentUrl":"https:\/\/armoniabio.com\/blog\/wp-content\/uploads\/2019\/11\/160-edad-piel.jpg","width":812,"height":580},{"@type":"BreadcrumbList","@id":"https:\/\/armoniabio.com\/blog\/las-edades-de-la-piel\/#breadcrumb","itemListElement":[{"@type":"ListItem","position":1,"name":"Portada","item":"https:\/\/armoniabio.com\/blog\/"},{"@type":"ListItem","position":2,"name":"Las edades de la piel"}]},{"@type":"WebSite","@id":"https:\/\/armoniabio.com\/blog\/#website","url":"https:\/\/armoniabio.com\/blog\/","name":"Blog armon\u00eda","description":"","publisher":{"@id":"https:\/\/armoniabio.com\/blog\/#organization"},"potentialAction":[{"@type":"SearchAction","target":{"@type":"EntryPoint","urlTemplate":"https:\/\/armoniabio.com\/blog\/?s={search_term_string}"},"query-input":"required name=search_term_string"}],"inLanguage":"es"},{"@type":"Organization","@id":"https:\/\/armoniabio.com\/blog\/#organization","name":"Armon\u00eda Cosm\u00e9tica Natural","url":"https:\/\/armoniabio.com\/blog\/","logo":{"@type":"ImageObject","inLanguage":"es","@id":"https:\/\/armoniabio.com\/blog\/#\/schema\/logo\/image\/","url":"http:\/\/armoniabio.com\/blog\/wp-content\/uploads\/2021\/04\/logo_armoniabio.svg","contentUrl":"http:\/\/armoniabio.com\/blog\/wp-content\/uploads\/2021\/04\/logo_armoniabio.svg","width":1,"height":1,"caption":"Armon\u00eda Cosm\u00e9tica Natural"},"image":{"@id":"https:\/\/armoniabio.com\/blog\/#\/schema\/logo\/image\/"},"sameAs":["https:\/\/www.facebook.com\/ArmoniaCosmetica\/","https:\/\/x.com\/armoniabio","https:\/\/www.instagram.com\/armoniabio\/","https:\/\/www.pinterest.es\/armonacosmticanatural\/","https:\/\/www.youtube.com\/channel\/UCvRU98h_rm6BNIt8CAJtQbw"]},{"@type":"Person","@id":"https:\/\/armoniabio.com\/blog\/#\/schema\/person\/1283d62e62bbb3a937177b0816975498","name":"Ana de Sus"}]}},"_links":{"self":[{"href":"https:\/\/armoniabio.com\/blog\/wp-json\/wp\/v2\/posts\/538"}],"collection":[{"href":"https:\/\/armoniabio.com\/blog\/wp-json\/wp\/v2\/posts"}],"about":[{"href":"https:\/\/armoniabio.com\/blog\/wp-json\/wp\/v2\/types\/post"}],"author":[{"embeddable":true,"href":"https:\/\/armoniabio.com\/blog\/wp-json\/wp\/v2\/users\/10"}],"replies":[{"embeddable":true,"href":"https:\/\/armoniabio.com\/blog\/wp-json\/wp\/v2\/comments?post=538"}],"version-history":[{"count":3,"href":"https:\/\/armoniabio.com\/blog\/wp-json\/wp\/v2\/posts\/538\/revisions"}],"predecessor-version":[{"id":970,"href":"https:\/\/armoniabio.com\/blog\/wp-json\/wp\/v2\/posts\/538\/revisions\/970"}],"wp:featuredmedia":[{"embeddable":true,"href":"https:\/\/armoniabio.com\/blog\/wp-json\/wp\/v2\/media\/543"}],"wp:attachment":[{"href":"https:\/\/armoniabio.com\/blog\/wp-json\/wp\/v2\/media?parent=538"}],"wp:term":[{"taxonomy":"category","embeddable":true,"href":"https:\/\/armoniabio.com\/blog\/wp-json\/wp\/v2\/categories?post=538"},{"taxonomy":"post_tag","embeddable":true,"href":"https:\/\/armoniabio.com\/blog\/wp-json\/wp\/v2\/tags?post=538"}],"curies":[{"name":"wp","href":"https:\/\/api.w.org\/{rel}","templated":true}]}}