{"id":535,"date":"2019-10-21T13:14:49","date_gmt":"2019-10-21T11:14:49","guid":{"rendered":""},"modified":"2023-11-30T15:54:24","modified_gmt":"2023-11-30T14:54:24","slug":"cuidado-del-contorno-de-ojos","status":"publish","type":"post","link":"https:\/\/armoniabio.com\/blog\/cuidado-del-contorno-de-ojos\/","title":{"rendered":"Cuidado del contorno de ojos"},"content":{"rendered":"<p><span style=\"font-family: arial, helvetica, sans-serif; font-size: 12pt;\">En la zona de los ojos podemos encontrar <strong>arrugas<\/strong>, consecuencia del movimiento constante de las contracciones musculares; <strong>p\u00e9rdida de firmeza\u00a0<\/strong>que se produce cuando las fibras de col\u00e1geno y elastina empiezan a escasear; las <strong>ojeras<\/strong> y, por \u00faltimo, las <strong>bolsas.<\/strong><\/span><\/p>\n<p><span style=\"font-family: arial, helvetica, sans-serif; font-size: 12pt;\">Adem\u00e1s, las <strong>bolsas<\/strong> y las <strong>ojeras<\/strong> tienen una causa com\u00fan: no est\u00e1s durmiendo todo lo que deber\u00edas. Eso hace que la zona de debajo de tus ojos amanezca hinchada y congestionada. Por eso, si no quieres que el cansancio y los nervios pasen factura a tu mirada, procura siempre\u00a0<strong>descansar las ocho horas\u00a0<\/strong>recomendadas.<\/span><\/p>\n<p><span style=\"font-family: arial, helvetica, sans-serif; font-size: 12pt;\">Nuestro consejo es que mantengas dos aspectos bajo control: la <strong>hidrataci\u00f3n y la descongesti\u00f3n<\/strong>. Busca un producto que contenga ingredientes que proporcionen elasticidad e hidrataci\u00f3n. <span style=\"color: #99cc00;\"><em><a href=\"https:\/\/armoniabio.com\/contorno-ojos-natural\/\" target=\"_blank\" rel=\"noopener noreferrer\"><span style=\"color: #99cc00;\">Contorno de ojos natural<\/span><\/a><\/em><\/span><\/span><\/p>\n<p><span style=\"font-family: arial, helvetica, sans-serif; font-size: 12pt;\">Aplica el contorno de ojos por la ma\u00f1ana y\/o por la noche, sobre la <strong>piel limpia<\/strong>, aplic\u00e1ndolo con <strong>toquecitos suaves <\/strong>con el dedo anular o coraz\u00f3n. <\/span><\/p>\n<p><span style=\"font-family: arial, helvetica, sans-serif; font-size: 12pt;\">Bajar un par de grados la temperatura de nuestros p\u00e1rpados es la mejor soluci\u00f3n para lucir una mirada limpia, descongestionada y muy luminosa. \u00bfUn truquito? Guarda en la nevera tu contorno de ojos favorito.<\/span><\/p>\n<p><span style=\"font-family: arial, helvetica, sans-serif; font-size: 12pt;\"><iframe loading=\"lazy\" src=\"https:\/\/www.youtube.com\/embed\/8AjUCo9VaJw\" width=\"560\" height=\"315\" frameborder=\"0\" allowfullscreen=\"allowfullscreen\"><\/iframe><\/span><\/p>\n<p><span style=\"font-family: arial, helvetica, sans-serif; font-size: 12pt;\">\u00a1Ah! No queremos acabar este post sin recordarte que prestes atenci\u00f3n a tus labios, porque,\u00a0 igual que la piel del contorno de los ojos, tambi\u00e9n pierde elastina y col\u00e1geno, envejeciendo y volvi\u00e9ndose m\u00e1s finos con el tiempo. Pero si los cuidamos, el contorno seguir\u00e1 perfilado durante m\u00e1s tiempo. S\u00e1cale el m\u00e1ximo partido a tu contorno de ojos y no olvides aplic\u00e1rtelo alrededor de los labios para perfeccionar y proteger esta delicada zona. Haznos caso, notar\u00e1s la diferencia.<\/span><\/p>\n<p><span style=\"font-family: arial, helvetica, sans-serif; font-size: 12pt;\">\u00bfCu\u00e1l es tu contorno de ojos favorito de Armon\u00eda? Cu\u00e9ntanoslo en comentarios y \u00a1s\u00edguenos en nuestras redes sociales!<\/span><\/p>\n\n\n<div class=\"kk-star-ratings kksr-auto kksr-align-left kksr-valign-bottom\"\n    data-payload='{&quot;align&quot;:&quot;left&quot;,&quot;id&quot;:&quot;535&quot;,&quot;slug&quot;:&quot;default&quot;,&quot;valign&quot;:&quot;bottom&quot;,&quot;ignore&quot;:&quot;&quot;,&quot;reference&quot;:&quot;auto&quot;,&quot;class&quot;:&quot;&quot;,&quot;count&quot;:&quot;0&quot;,&quot;legendonly&quot;:&quot;&quot;,&quot;readonly&quot;:&quot;&quot;,&quot;score&quot;:&quot;0&quot;,&quot;starsonly&quot;:&quot;&quot;,&quot;best&quot;:&quot;5&quot;,&quot;gap&quot;:&quot;5&quot;,&quot;greet&quot;:&quot;\\u00bfTe ha gustado nuestro contenido?&quot;,&quot;legend&quot;:&quot;0\\\/5&quot;,&quot;size&quot;:&quot;24&quot;,&quot;title&quot;:&quot;Cuidado del contorno de ojos&quot;,&quot;width&quot;:&quot;0&quot;,&quot;_legend&quot;:&quot;{score}\\\/{best}&quot;,&quot;font_factor&quot;:&quot;1.25&quot;}'>\n            \n<div class=\"kksr-stars\">\n    \n<div class=\"kksr-stars-inactive\">\n            <div class=\"kksr-star\" data-star=\"1\" style=\"padding-right: 5px\">\n            \n\n<div class=\"kksr-icon\" style=\"width: 24px; height: 24px;\"><\/div>\n        <\/div>\n            <div class=\"kksr-star\" data-star=\"2\" style=\"padding-right: 5px\">\n            \n\n<div class=\"kksr-icon\" style=\"width: 24px; height: 24px;\"><\/div>\n        <\/div>\n            <div class=\"kksr-star\" data-star=\"3\" style=\"padding-right: 5px\">\n            \n\n<div class=\"kksr-icon\" style=\"width: 24px; height: 24px;\"><\/div>\n        <\/div>\n            <div class=\"kksr-star\" data-star=\"4\" style=\"padding-right: 5px\">\n            \n\n<div class=\"kksr-icon\" style=\"width: 24px; height: 24px;\"><\/div>\n        <\/div>\n            <div class=\"kksr-star\" data-star=\"5\" style=\"padding-right: 5px\">\n            \n\n<div class=\"kksr-icon\" style=\"width: 24px; height: 24px;\"><\/div>\n        <\/div>\n    <\/div>\n    \n<div class=\"kksr-stars-active\" style=\"width: 0px;\">\n            <div class=\"kksr-star\" style=\"padding-right: 5px\">\n            \n\n<div class=\"kksr-icon\" style=\"width: 24px; height: 24px;\"><\/div>\n        <\/div>\n            <div class=\"kksr-star\" style=\"padding-right: 5px\">\n            \n\n<div class=\"kksr-icon\" style=\"width: 24px; height: 24px;\"><\/div>\n        <\/div>\n            <div class=\"kksr-star\" style=\"padding-right: 5px\">\n            \n\n<div class=\"kksr-icon\" style=\"width: 24px; height: 24px;\"><\/div>\n        <\/div>\n            <div class=\"kksr-star\" style=\"padding-right: 5px\">\n            \n\n<div class=\"kksr-icon\" style=\"width: 24px; height: 24px;\"><\/div>\n        <\/div>\n            <div class=\"kksr-star\" style=\"padding-right: 5px\">\n            \n\n<div class=\"kksr-icon\" style=\"width: 24px; height: 24px;\"><\/div>\n        <\/div>\n    <\/div>\n<\/div>\n                \n\n<div class=\"kksr-legend\" style=\"font-size: 19.2px;\">\n            <span class=\"kksr-muted\">\u00bfTe ha gustado nuestro contenido?<\/span>\n    <\/div>\n    <\/div>\n","protected":false},"excerpt":{"rendered":"<p>En la zona de los ojos podemos encontrar arrugas, consecuencia del movimiento constante de las contracciones musculares; p\u00e9rdida de firmeza\u00a0que se produce cuando las fibras de col\u00e1geno y elastina empiezan a escasear; las ojeras y, por \u00faltimo, las bolsas. Adem\u00e1s, las bolsas y las ojeras tienen una causa com\u00fan: no<\/p>\n","protected":false},"author":10,"featured_media":549,"comment_status":"open","ping_status":"open","sticky":false,"template":"","format":"standard","meta":{"footnotes":""},"categories":[9,12,10,8],"tags":[],"yoast_head":"<!-- This site is optimized with the Yoast SEO plugin v22.6 - https:\/\/yoast.com\/wordpress\/plugins\/seo\/ -->\n<title>Cuidado del contorno de ojos<\/title>\n<meta name=\"robots\" content=\"index, follow, max-snippet:-1, max-image-preview:large, max-video-preview:-1\" \/>\n<link rel=\"canonical\" href=\"https:\/\/armoniabio.com\/blog\/cuidado-del-contorno-de-ojos\/\" \/>\n<meta property=\"og:locale\" content=\"es_ES\" \/>\n<meta property=\"og:type\" content=\"article\" \/>\n<meta property=\"og:title\" content=\"Cuidado del contorno de ojos\" \/>\n<meta property=\"og:description\" content=\"En la zona de los ojos podemos encontrar arrugas, consecuencia del movimiento constante de las contracciones musculares; p\u00e9rdida de firmeza\u00a0que se produce cuando las fibras de col\u00e1geno y elastina empiezan a escasear; las ojeras y, por \u00faltimo, las bolsas. Adem\u00e1s, las bolsas y las ojeras tienen una causa com\u00fan: no\" \/>\n<meta property=\"og:url\" content=\"https:\/\/armoniabio.com\/blog\/cuidado-del-contorno-de-ojos\/\" \/>\n<meta property=\"og:site_name\" content=\"Blog armon\u00eda\" \/>\n<meta property=\"article:publisher\" content=\"https:\/\/www.facebook.com\/ArmoniaCosmetica\/\" \/>\n<meta property=\"article:published_time\" content=\"2019-10-21T11:14:49+00:00\" \/>\n<meta property=\"article:modified_time\" content=\"2023-11-30T14:54:24+00:00\" \/>\n<meta property=\"og:image\" content=\"https:\/\/armoniabio.com\/blog\/wp-content\/uploads\/2019\/10\/156-large.jpg\" \/>\n\t<meta property=\"og:image:width\" content=\"812\" \/>\n\t<meta property=\"og:image:height\" content=\"580\" \/>\n\t<meta property=\"og:image:type\" content=\"image\/jpeg\" \/>\n<meta name=\"author\" content=\"Ana de Sus\" \/>\n<meta name=\"twitter:card\" content=\"summary_large_image\" \/>\n<meta name=\"twitter:creator\" content=\"@armoniabio\" \/>\n<meta name=\"twitter:site\" content=\"@armoniabio\" \/>\n<script type=\"application\/ld+json\" class=\"yoast-schema-graph\">{\"@context\":\"https:\/\/schema.org\",\"@graph\":[{\"@type\":\"Article\",\"@id\":\"https:\/\/armoniabio.com\/blog\/cuidado-del-contorno-de-ojos\/#article\",\"isPartOf\":{\"@id\":\"https:\/\/armoniabio.com\/blog\/cuidado-del-contorno-de-ojos\/\"},\"author\":{\"name\":\"Ana de Sus\",\"@id\":\"https:\/\/armoniabio.com\/blog\/#\/schema\/person\/1283d62e62bbb3a937177b0816975498\"},\"headline\":\"Cuidado del contorno de ojos\",\"datePublished\":\"2019-10-21T11:14:49+00:00\",\"dateModified\":\"2023-11-30T14:54:24+00:00\",\"mainEntityOfPage\":{\"@id\":\"https:\/\/armoniabio.com\/blog\/cuidado-del-contorno-de-ojos\/\"},\"wordCount\":312,\"commentCount\":0,\"publisher\":{\"@id\":\"https:\/\/armoniabio.com\/blog\/#organization\"},\"image\":{\"@id\":\"https:\/\/armoniabio.com\/blog\/cuidado-del-contorno-de-ojos\/#primaryimage\"},\"thumbnailUrl\":\"https:\/\/armoniabio.com\/blog\/wp-content\/uploads\/2019\/10\/156-large.jpg\",\"articleSection\":[\"Belleza\",\"Consejo de experta\",\"Limpieza facial\",\"Tratamiento de rostro\"],\"inLanguage\":\"es\",\"potentialAction\":[{\"@type\":\"CommentAction\",\"name\":\"Comment\",\"target\":[\"https:\/\/armoniabio.com\/blog\/cuidado-del-contorno-de-ojos\/#respond\"]}]},{\"@type\":\"WebPage\",\"@id\":\"https:\/\/armoniabio.com\/blog\/cuidado-del-contorno-de-ojos\/\",\"url\":\"https:\/\/armoniabio.com\/blog\/cuidado-del-contorno-de-ojos\/\",\"name\":\"Cuidado del contorno de ojos\",\"isPartOf\":{\"@id\":\"https:\/\/armoniabio.com\/blog\/#website\"},\"primaryImageOfPage\":{\"@id\":\"https:\/\/armoniabio.com\/blog\/cuidado-del-contorno-de-ojos\/#primaryimage\"},\"image\":{\"@id\":\"https:\/\/armoniabio.com\/blog\/cuidado-del-contorno-de-ojos\/#primaryimage\"},\"thumbnailUrl\":\"https:\/\/armoniabio.com\/blog\/wp-content\/uploads\/2019\/10\/156-large.jpg\",\"datePublished\":\"2019-10-21T11:14:49+00:00\",\"dateModified\":\"2023-11-30T14:54:24+00:00\",\"breadcrumb\":{\"@id\":\"https:\/\/armoniabio.com\/blog\/cuidado-del-contorno-de-ojos\/#breadcrumb\"},\"inLanguage\":\"es\",\"potentialAction\":[{\"@type\":\"ReadAction\",\"target\":[\"https:\/\/armoniabio.com\/blog\/cuidado-del-contorno-de-ojos\/\"]}]},{\"@type\":\"ImageObject\",\"inLanguage\":\"es\",\"@id\":\"https:\/\/armoniabio.com\/blog\/cuidado-del-contorno-de-ojos\/#primaryimage\",\"url\":\"https:\/\/armoniabio.com\/blog\/wp-content\/uploads\/2019\/10\/156-large.jpg\",\"contentUrl\":\"https:\/\/armoniabio.com\/blog\/wp-content\/uploads\/2019\/10\/156-large.jpg\",\"width\":812,\"height\":580},{\"@type\":\"BreadcrumbList\",\"@id\":\"https:\/\/armoniabio.com\/blog\/cuidado-del-contorno-de-ojos\/#breadcrumb\",\"itemListElement\":[{\"@type\":\"ListItem\",\"position\":1,\"name\":\"Portada\",\"item\":\"https:\/\/armoniabio.com\/blog\/\"},{\"@type\":\"ListItem\",\"position\":2,\"name\":\"Cuidado del contorno de ojos\"}]},{\"@type\":\"WebSite\",\"@id\":\"https:\/\/armoniabio.com\/blog\/#website\",\"url\":\"https:\/\/armoniabio.com\/blog\/\",\"name\":\"Blog armon\u00eda\",\"description\":\"\",\"publisher\":{\"@id\":\"https:\/\/armoniabio.com\/blog\/#organization\"},\"potentialAction\":[{\"@type\":\"SearchAction\",\"target\":{\"@type\":\"EntryPoint\",\"urlTemplate\":\"https:\/\/armoniabio.com\/blog\/?s={search_term_string}\"},\"query-input\":\"required name=search_term_string\"}],\"inLanguage\":\"es\"},{\"@type\":\"Organization\",\"@id\":\"https:\/\/armoniabio.com\/blog\/#organization\",\"name\":\"Armon\u00eda Cosm\u00e9tica Natural\",\"url\":\"https:\/\/armoniabio.com\/blog\/\",\"logo\":{\"@type\":\"ImageObject\",\"inLanguage\":\"es\",\"@id\":\"https:\/\/armoniabio.com\/blog\/#\/schema\/logo\/image\/\",\"url\":\"http:\/\/armoniabio.com\/blog\/wp-content\/uploads\/2021\/04\/logo_armoniabio.svg\",\"contentUrl\":\"http:\/\/armoniabio.com\/blog\/wp-content\/uploads\/2021\/04\/logo_armoniabio.svg\",\"width\":1,\"height\":1,\"caption\":\"Armon\u00eda Cosm\u00e9tica Natural\"},\"image\":{\"@id\":\"https:\/\/armoniabio.com\/blog\/#\/schema\/logo\/image\/\"},\"sameAs\":[\"https:\/\/www.facebook.com\/ArmoniaCosmetica\/\",\"https:\/\/x.com\/armoniabio\",\"https:\/\/www.instagram.com\/armoniabio\/\",\"https:\/\/www.pinterest.es\/armonacosmticanatural\/\",\"https:\/\/www.youtube.com\/channel\/UCvRU98h_rm6BNIt8CAJtQbw\"]},{\"@type\":\"Person\",\"@id\":\"https:\/\/armoniabio.com\/blog\/#\/schema\/person\/1283d62e62bbb3a937177b0816975498\",\"name\":\"Ana de Sus\"}]}<\/script>\n<!-- \/ Yoast SEO plugin. -->","yoast_head_json":{"title":"Cuidado del contorno de ojos","robots":{"index":"index","follow":"follow","max-snippet":"max-snippet:-1","max-image-preview":"max-image-preview:large","max-video-preview":"max-video-preview:-1"},"canonical":"https:\/\/armoniabio.com\/blog\/cuidado-del-contorno-de-ojos\/","og_locale":"es_ES","og_type":"article","og_title":"Cuidado del contorno de ojos","og_description":"En la zona de los ojos podemos encontrar arrugas, consecuencia del movimiento constante de las contracciones musculares; p\u00e9rdida de firmeza\u00a0que se produce cuando las fibras de col\u00e1geno y elastina empiezan a escasear; las ojeras y, por \u00faltimo, las bolsas. Adem\u00e1s, las bolsas y las ojeras tienen una causa com\u00fan: no","og_url":"https:\/\/armoniabio.com\/blog\/cuidado-del-contorno-de-ojos\/","og_site_name":"Blog armon\u00eda","article_publisher":"https:\/\/www.facebook.com\/ArmoniaCosmetica\/","article_published_time":"2019-10-21T11:14:49+00:00","article_modified_time":"2023-11-30T14:54:24+00:00","og_image":[{"width":812,"height":580,"url":"https:\/\/armoniabio.com\/blog\/wp-content\/uploads\/2019\/10\/156-large.jpg","type":"image\/jpeg"}],"author":"Ana de Sus","twitter_card":"summary_large_image","twitter_creator":"@armoniabio","twitter_site":"@armoniabio","schema":{"@context":"https:\/\/schema.org","@graph":[{"@type":"Article","@id":"https:\/\/armoniabio.com\/blog\/cuidado-del-contorno-de-ojos\/#article","isPartOf":{"@id":"https:\/\/armoniabio.com\/blog\/cuidado-del-contorno-de-ojos\/"},"author":{"name":"Ana de Sus","@id":"https:\/\/armoniabio.com\/blog\/#\/schema\/person\/1283d62e62bbb3a937177b0816975498"},"headline":"Cuidado del contorno de ojos","datePublished":"2019-10-21T11:14:49+00:00","dateModified":"2023-11-30T14:54:24+00:00","mainEntityOfPage":{"@id":"https:\/\/armoniabio.com\/blog\/cuidado-del-contorno-de-ojos\/"},"wordCount":312,"commentCount":0,"publisher":{"@id":"https:\/\/armoniabio.com\/blog\/#organization"},"image":{"@id":"https:\/\/armoniabio.com\/blog\/cuidado-del-contorno-de-ojos\/#primaryimage"},"thumbnailUrl":"https:\/\/armoniabio.com\/blog\/wp-content\/uploads\/2019\/10\/156-large.jpg","articleSection":["Belleza","Consejo de experta","Limpieza facial","Tratamiento de rostro"],"inLanguage":"es","potentialAction":[{"@type":"CommentAction","name":"Comment","target":["https:\/\/armoniabio.com\/blog\/cuidado-del-contorno-de-ojos\/#respond"]}]},{"@type":"WebPage","@id":"https:\/\/armoniabio.com\/blog\/cuidado-del-contorno-de-ojos\/","url":"https:\/\/armoniabio.com\/blog\/cuidado-del-contorno-de-ojos\/","name":"Cuidado del contorno de ojos","isPartOf":{"@id":"https:\/\/armoniabio.com\/blog\/#website"},"primaryImageOfPage":{"@id":"https:\/\/armoniabio.com\/blog\/cuidado-del-contorno-de-ojos\/#primaryimage"},"image":{"@id":"https:\/\/armoniabio.com\/blog\/cuidado-del-contorno-de-ojos\/#primaryimage"},"thumbnailUrl":"https:\/\/armoniabio.com\/blog\/wp-content\/uploads\/2019\/10\/156-large.jpg","datePublished":"2019-10-21T11:14:49+00:00","dateModified":"2023-11-30T14:54:24+00:00","breadcrumb":{"@id":"https:\/\/armoniabio.com\/blog\/cuidado-del-contorno-de-ojos\/#breadcrumb"},"inLanguage":"es","potentialAction":[{"@type":"ReadAction","target":["https:\/\/armoniabio.com\/blog\/cuidado-del-contorno-de-ojos\/"]}]},{"@type":"ImageObject","inLanguage":"es","@id":"https:\/\/armoniabio.com\/blog\/cuidado-del-contorno-de-ojos\/#primaryimage","url":"https:\/\/armoniabio.com\/blog\/wp-content\/uploads\/2019\/10\/156-large.jpg","contentUrl":"https:\/\/armoniabio.com\/blog\/wp-content\/uploads\/2019\/10\/156-large.jpg","width":812,"height":580},{"@type":"BreadcrumbList","@id":"https:\/\/armoniabio.com\/blog\/cuidado-del-contorno-de-ojos\/#breadcrumb","itemListElement":[{"@type":"ListItem","position":1,"name":"Portada","item":"https:\/\/armoniabio.com\/blog\/"},{"@type":"ListItem","position":2,"name":"Cuidado del contorno de ojos"}]},{"@type":"WebSite","@id":"https:\/\/armoniabio.com\/blog\/#website","url":"https:\/\/armoniabio.com\/blog\/","name":"Blog armon\u00eda","description":"","publisher":{"@id":"https:\/\/armoniabio.com\/blog\/#organization"},"potentialAction":[{"@type":"SearchAction","target":{"@type":"EntryPoint","urlTemplate":"https:\/\/armoniabio.com\/blog\/?s={search_term_string}"},"query-input":"required name=search_term_string"}],"inLanguage":"es"},{"@type":"Organization","@id":"https:\/\/armoniabio.com\/blog\/#organization","name":"Armon\u00eda Cosm\u00e9tica Natural","url":"https:\/\/armoniabio.com\/blog\/","logo":{"@type":"ImageObject","inLanguage":"es","@id":"https:\/\/armoniabio.com\/blog\/#\/schema\/logo\/image\/","url":"http:\/\/armoniabio.com\/blog\/wp-content\/uploads\/2021\/04\/logo_armoniabio.svg","contentUrl":"http:\/\/armoniabio.com\/blog\/wp-content\/uploads\/2021\/04\/logo_armoniabio.svg","width":1,"height":1,"caption":"Armon\u00eda Cosm\u00e9tica Natural"},"image":{"@id":"https:\/\/armoniabio.com\/blog\/#\/schema\/logo\/image\/"},"sameAs":["https:\/\/www.facebook.com\/ArmoniaCosmetica\/","https:\/\/x.com\/armoniabio","https:\/\/www.instagram.com\/armoniabio\/","https:\/\/www.pinterest.es\/armonacosmticanatural\/","https:\/\/www.youtube.com\/channel\/UCvRU98h_rm6BNIt8CAJtQbw"]},{"@type":"Person","@id":"https:\/\/armoniabio.com\/blog\/#\/schema\/person\/1283d62e62bbb3a937177b0816975498","name":"Ana de Sus"}]}},"_links":{"self":[{"href":"https:\/\/armoniabio.com\/blog\/wp-json\/wp\/v2\/posts\/535"}],"collection":[{"href":"https:\/\/armoniabio.com\/blog\/wp-json\/wp\/v2\/posts"}],"about":[{"href":"https:\/\/armoniabio.com\/blog\/wp-json\/wp\/v2\/types\/post"}],"author":[{"embeddable":true,"href":"https:\/\/armoniabio.com\/blog\/wp-json\/wp\/v2\/users\/10"}],"replies":[{"embeddable":true,"href":"https:\/\/armoniabio.com\/blog\/wp-json\/wp\/v2\/comments?post=535"}],"version-history":[{"count":3,"href":"https:\/\/armoniabio.com\/blog\/wp-json\/wp\/v2\/posts\/535\/revisions"}],"predecessor-version":[{"id":1679,"href":"https:\/\/armoniabio.com\/blog\/wp-json\/wp\/v2\/posts\/535\/revisions\/1679"}],"wp:featuredmedia":[{"embeddable":true,"href":"https:\/\/armoniabio.com\/blog\/wp-json\/wp\/v2\/media\/549"}],"wp:attachment":[{"href":"https:\/\/armoniabio.com\/blog\/wp-json\/wp\/v2\/media?parent=535"}],"wp:term":[{"taxonomy":"category","embeddable":true,"href":"https:\/\/armoniabio.com\/blog\/wp-json\/wp\/v2\/categories?post=535"},{"taxonomy":"post_tag","embeddable":true,"href":"https:\/\/armoniabio.com\/blog\/wp-json\/wp\/v2\/tags?post=535"}],"curies":[{"name":"wp","href":"https:\/\/api.w.org\/{rel}","templated":true}]}}