{"id":532,"date":"2019-09-17T10:44:56","date_gmt":"2019-09-17T08:44:56","guid":{"rendered":""},"modified":"2021-11-12T12:22:07","modified_gmt":"2021-11-12T11:22:07","slug":"llega-el-cambio-de-estacion-se-me-va-a-caer-el-pelo","status":"publish","type":"post","link":"https:\/\/armoniabio.com\/blog\/llega-el-cambio-de-estacion-se-me-va-a-caer-el-pelo\/","title":{"rendered":"Llega el cambio de estaci\u00f3n, \u00bfse me va a caer el pelo?"},"content":{"rendered":"<p><span style=\"font-family: arial, helvetica, sans-serif; font-size: 12pt;\">Hoy vamos a dar respuesta a algunas preguntas que todas nos hemos hecho alguna vez relacionadas con la p\u00e9rdida del cabello. Atenta.<\/span><\/p>\n<div id=\"ez-toc-container\" class=\"ez-toc-v2_0_77 counter-hierarchy ez-toc-counter ez-toc-grey ez-toc-container-direction\">\n<div class=\"ez-toc-title-container\">\n<p class=\"ez-toc-title\" style=\"cursor:inherit\">\u00cdndice de contenidos:<\/p>\n<span class=\"ez-toc-title-toggle\"><a href=\"#\" class=\"ez-toc-pull-right ez-toc-btn ez-toc-btn-xs ez-toc-btn-default ez-toc-toggle\" aria-label=\"Alternar tabla de contenidos\"><span class=\"ez-toc-js-icon-con\"><span class=\"\"><span class=\"eztoc-hide\" style=\"display:none;\">Toggle<\/span><span class=\"ez-toc-icon-toggle-span\"><svg style=\"fill: #999;color:#999\" xmlns=\"http:\/\/www.w3.org\/2000\/svg\" class=\"list-377408\" width=\"20px\" height=\"20px\" viewBox=\"0 0 24 24\" fill=\"none\"><path d=\"M6 6H4v2h2V6zm14 0H8v2h12V6zM4 11h2v2H4v-2zm16 0H8v2h12v-2zM4 16h2v2H4v-2zm16 0H8v2h12v-2z\" fill=\"currentColor\"><\/path><\/svg><svg style=\"fill: #999;color:#999\" class=\"arrow-unsorted-368013\" xmlns=\"http:\/\/www.w3.org\/2000\/svg\" width=\"10px\" height=\"10px\" viewBox=\"0 0 24 24\" version=\"1.2\" baseProfile=\"tiny\"><path d=\"M18.2 9.3l-6.2-6.3-6.2 6.3c-.2.2-.3.4-.3.7s.1.5.3.7c.2.2.4.3.7.3h11c.3 0 .5-.1.7-.3.2-.2.3-.5.3-.7s-.1-.5-.3-.7zM5.8 14.7l6.2 6.3 6.2-6.3c.2-.2.3-.5.3-.7s-.1-.5-.3-.7c-.2-.2-.4-.3-.7-.3h-11c-.3 0-.5.1-.7.3-.2.2-.3.5-.3.7s.1.5.3.7z\"\/><\/svg><\/span><\/span><\/span><\/a><\/span><\/div>\n<nav><ul class='ez-toc-list ez-toc-list-level-1 ' ><li class='ez-toc-page-1 ez-toc-heading-level-2'><a class=\"ez-toc-link ez-toc-heading-1\" href=\"https:\/\/armoniabio.com\/blog\/llega-el-cambio-de-estacion-se-me-va-a-caer-el-pelo\/#Preguntas_frecuentes_sobre_la_perdida_de_cabello_durante_el_cambio_de_estacion\" >Preguntas frecuentes sobre la p\u00e9rdida de cabello durante el cambio de estaci\u00f3n<\/a><ul class='ez-toc-list-level-3' ><li class='ez-toc-heading-level-3'><a class=\"ez-toc-link ez-toc-heading-2\" href=\"https:\/\/armoniabio.com\/blog\/llega-el-cambio-de-estacion-se-me-va-a-caer-el-pelo\/#%C2%BFDebo_dejar_tenirme_el_pelo_para_evitar_que_caiga_mas\" >\u00bfDebo dejar te\u00f1irme el pelo para evitar que caiga m\u00e1s?<\/a><\/li><li class='ez-toc-page-1 ez-toc-heading-level-3'><a class=\"ez-toc-link ez-toc-heading-3\" href=\"https:\/\/armoniabio.com\/blog\/llega-el-cambio-de-estacion-se-me-va-a-caer-el-pelo\/#Si_uso_gorros_%C2%BFse_me_caera_mas_el_pelo\" >Si uso gorros \u00bfse me caer\u00e1 m\u00e1s el pelo?<\/a><\/li><li class='ez-toc-page-1 ez-toc-heading-level-3'><a class=\"ez-toc-link ez-toc-heading-4\" href=\"https:\/\/armoniabio.com\/blog\/llega-el-cambio-de-estacion-se-me-va-a-caer-el-pelo\/#%C2%BFDebo_cortarme_el_pelo_para_evitar_que_se_me_caiga\" >\u00bfDebo cortarme el pelo para evitar que se me caiga?<\/a><\/li><\/ul><\/li><\/ul><\/nav><\/div>\n<h2><span class=\"ez-toc-section\" id=\"Preguntas_frecuentes_sobre_la_perdida_de_cabello_durante_el_cambio_de_estacion\"><\/span>Preguntas frecuentes sobre la p\u00e9rdida de cabello durante el cambio de estaci\u00f3n<span class=\"ez-toc-section-end\"><\/span><\/h2>\n<h3><span class=\"ez-toc-section\" id=\"%C2%BFDebo_dejar_tenirme_el_pelo_para_evitar_que_caiga_mas\"><\/span><span style=\"font-family: arial, helvetica, sans-serif; font-size: 12pt;\"><em>\u00bfDebo dejar te\u00f1irme el pelo para evitar que caiga m\u00e1s? <\/em><\/span><span class=\"ez-toc-section-end\"><\/span><\/h3>\n<p><span style=\"font-family: arial, helvetica, sans-serif; font-size: 12pt;\">No. La realidad es que los tintes contienen ciertos ingredientes que pueden da\u00f1ar el pelo, pero que no tienen por qu\u00e9 perjudicar al cuero cabelludo. El mayor problema que pueden provocar es una mayor <strong>sequedad<\/strong> y <strong>debilitamiento del pelo. <\/strong>Por eso te recomendamos que uses champ\u00fas que protejan la coloraci\u00f3n como nuestro\u00a0<a href=\"https:\/\/armoniabio.com\/champus-naturales\/champu-calmante.html\"><em><span style=\"color: #99cc00;\"><span style=\"color: #99cc00;\">champ\u00fa <\/span>calmante <\/span><\/em><\/a>y que protejan el cuero cabelludo.<em><span style=\"color: #99cc00;\">\u00a0<\/span><\/em><\/span><\/p>\n<h3><span class=\"ez-toc-section\" id=\"Si_uso_gorros_%C2%BFse_me_caera_mas_el_pelo\"><\/span><span style=\"font-family: arial, helvetica, sans-serif; font-size: 12pt;\">S<em>i uso gorros \u00bfse me caer\u00e1 m\u00e1s el pelo? <\/em><\/span><span class=\"ez-toc-section-end\"><\/span><\/h3>\n<p><span style=\"font-family: arial, helvetica, sans-serif; font-size: 12pt;\">\u00a1De eso nada! Ponerte gorras o sombreros en contacto directo con la cabeza no impide la oxigenaci\u00f3n del cuero cabelludo. Los fol\u00edculos capilares toman el ox\u00edgeno del torrente sangu\u00edneo y no del aire. Por eso no dudes en ponerte el sombrero del color tendencia de este oto\u00f1o sin ninguna preocupaci\u00f3n, seguir\u00e1s luciendo \u00a1pelazo!<\/span><\/p>\n<h3><span class=\"ez-toc-section\" id=\"%C2%BFDebo_cortarme_el_pelo_para_evitar_que_se_me_caiga\"><\/span><span style=\"font-family: arial, helvetica, sans-serif; font-size: 12pt;\"><em>\u00bfDebo cortarme el pelo para evitar que se me caiga?<\/em> <\/span><span class=\"ez-toc-section-end\"><\/span><\/h3>\n<p><span style=\"font-family: arial, helvetica, sans-serif; font-size: 12pt;\">No hace falta que te rapes el pelo al estilo Britney Spears, porque lo \u00fanico que conseguimos al cortarlo es sanearlo, pero en ning\u00fan momento evitaremos su ca\u00edda. Si lo haces, que sea porque te ves divina.<\/span><\/p>\n<p><iframe loading=\"lazy\" src=\"https:\/\/www.youtube.com\/embed\/IAF0MRWkQ7o\" width=\"560\" height=\"315\" frameborder=\"0\" allowfullscreen=\"allowfullscreen\"><\/iframe><\/p>\n<p><span style=\"font-family: arial, helvetica, sans-serif; font-size: 12pt;\">D\u00e9janos darte un consejillo m\u00e1s, si bien las mascarillas las utilizamos a lo largo de todo el a\u00f1o, durante este mes de septiembre intenta aumentar la frecuencia de uso de la mascarilla aplic\u00e1ndola 2 o 3 veces por semana. As\u00ed lograremos\u00a0recomponer la textura y humedad, as\u00ed como la hidrataci\u00f3n perdida<em>.\u00a0<span style=\"color: #99cc00;\"><a href=\"https:\/\/armoniabio.com\/champus-naturales\/mascarilla-capilar-tepezcohuite.html\" target=\"_blank\" rel=\"noopener noreferrer\"><span style=\"color: #99cc00;\">Mascarilla tepezcohuite<\/span><\/a><\/span><\/em><\/span><\/p>\n<p>Otro consejo que te damos, especialmente con la llegada del verano y el calor, es que pruebes la <a href=\"https:\/\/armoniabio.com\/champus-naturales\/tonico-capilar-ronquina.html\">ronquina<\/a>, ya que, adem\u00e1s de sus beneficios y propiedades anticaida, nos aporta un frescor en el pelo y el cuero cabelludo.<\/p>\n<p><span style=\"font-family: arial, helvetica, sans-serif; font-size: 12pt;\">\u00bfSab\u00edas que los pistachos son uno de los frutos secos que <strong>mayor cantidad de hierro y selenio <\/strong>tienen? Son una <strong>fuente <\/strong>importante tambi\u00e9n de<strong> cobre<\/strong>, que favorece una pigmentaci\u00f3n normal y ayuda a mantener el cabello brillante.<\/span><\/p>\n<p><span style=\"font-family: arial, helvetica, sans-serif; font-size: 12pt;\">Si no hay s\u00edntomas que te hagan sospechar que la ca\u00edda de pelo no es debido al cambio estacional, no te preocupes m\u00e1s y deja que la naturaleza siga su curso.<\/span><\/p>\n<p><span style=\"font-family: arial, helvetica, sans-serif; font-size: 12pt;\">\u00bfTienes alguna pregunta m\u00e1s? No dudes en hac\u00e9rnosla, puedes dejar aqu\u00ed tu comentario o preguntarnos a trav\u00e9s de nuestras redes sociales \u00a1nos encantar\u00eda escucharte!<\/span><\/p>\n\n\n<div class=\"kk-star-ratings kksr-auto kksr-align-left kksr-valign-bottom\"\n    data-payload='{&quot;align&quot;:&quot;left&quot;,&quot;id&quot;:&quot;532&quot;,&quot;slug&quot;:&quot;default&quot;,&quot;valign&quot;:&quot;bottom&quot;,&quot;ignore&quot;:&quot;&quot;,&quot;reference&quot;:&quot;auto&quot;,&quot;class&quot;:&quot;&quot;,&quot;count&quot;:&quot;3&quot;,&quot;legendonly&quot;:&quot;&quot;,&quot;readonly&quot;:&quot;&quot;,&quot;score&quot;:&quot;5&quot;,&quot;starsonly&quot;:&quot;&quot;,&quot;best&quot;:&quot;5&quot;,&quot;gap&quot;:&quot;5&quot;,&quot;greet&quot;:&quot;\\u00bfTe ha gustado nuestro contenido?&quot;,&quot;legend&quot;:&quot;5\\\/5&quot;,&quot;size&quot;:&quot;24&quot;,&quot;title&quot;:&quot;Llega el cambio de estaci\\u00f3n, \\u00bfse me va a caer el pelo?&quot;,&quot;width&quot;:&quot;142.5&quot;,&quot;_legend&quot;:&quot;{score}\\\/{best}&quot;,&quot;font_factor&quot;:&quot;1.25&quot;}'>\n            \n<div class=\"kksr-stars\">\n    \n<div class=\"kksr-stars-inactive\">\n            <div class=\"kksr-star\" data-star=\"1\" style=\"padding-right: 5px\">\n            \n\n<div class=\"kksr-icon\" style=\"width: 24px; height: 24px;\"><\/div>\n        <\/div>\n            <div class=\"kksr-star\" data-star=\"2\" style=\"padding-right: 5px\">\n            \n\n<div class=\"kksr-icon\" style=\"width: 24px; height: 24px;\"><\/div>\n        <\/div>\n            <div class=\"kksr-star\" data-star=\"3\" style=\"padding-right: 5px\">\n            \n\n<div class=\"kksr-icon\" style=\"width: 24px; height: 24px;\"><\/div>\n        <\/div>\n            <div class=\"kksr-star\" data-star=\"4\" style=\"padding-right: 5px\">\n            \n\n<div class=\"kksr-icon\" style=\"width: 24px; height: 24px;\"><\/div>\n        <\/div>\n            <div class=\"kksr-star\" data-star=\"5\" style=\"padding-right: 5px\">\n            \n\n<div class=\"kksr-icon\" style=\"width: 24px; height: 24px;\"><\/div>\n        <\/div>\n    <\/div>\n    \n<div class=\"kksr-stars-active\" style=\"width: 142.5px;\">\n            <div class=\"kksr-star\" style=\"padding-right: 5px\">\n            \n\n<div class=\"kksr-icon\" style=\"width: 24px; height: 24px;\"><\/div>\n        <\/div>\n            <div class=\"kksr-star\" style=\"padding-right: 5px\">\n            \n\n<div class=\"kksr-icon\" style=\"width: 24px; height: 24px;\"><\/div>\n        <\/div>\n            <div class=\"kksr-star\" style=\"padding-right: 5px\">\n            \n\n<div class=\"kksr-icon\" style=\"width: 24px; height: 24px;\"><\/div>\n        <\/div>\n            <div class=\"kksr-star\" style=\"padding-right: 5px\">\n            \n\n<div class=\"kksr-icon\" style=\"width: 24px; height: 24px;\"><\/div>\n        <\/div>\n            <div class=\"kksr-star\" style=\"padding-right: 5px\">\n            \n\n<div class=\"kksr-icon\" style=\"width: 24px; height: 24px;\"><\/div>\n        <\/div>\n    <\/div>\n<\/div>\n                \n\n<div class=\"kksr-legend\" style=\"font-size: 19.2px;\">\n            5\/5    <\/div>\n    <\/div>\n","protected":false},"excerpt":{"rendered":"<p>Hoy vamos a dar respuesta a algunas preguntas que todas nos hemos hecho alguna vez relacionadas con la p\u00e9rdida del cabello. Atenta. Preguntas frecuentes sobre la p\u00e9rdida de cabello durante el cambio de estaci\u00f3n \u00bfDebo dejar te\u00f1irme el pelo para evitar que caiga m\u00e1s? No. La realidad es que los<\/p>\n","protected":false},"author":10,"featured_media":558,"comment_status":"open","ping_status":"open","sticky":false,"template":"","format":"standard","meta":{"footnotes":""},"categories":[11,12,14,15],"tags":[],"yoast_head":"<!-- This site is optimized with the Yoast SEO plugin v22.6 - https:\/\/yoast.com\/wordpress\/plugins\/seo\/ -->\n<title>Llega el cambio de estaci\u00f3n, \u00bfse me va a caer el pelo?<\/title>\n<meta name=\"robots\" content=\"index, follow, max-snippet:-1, max-image-preview:large, max-video-preview:-1\" \/>\n<link rel=\"canonical\" href=\"https:\/\/armoniabio.com\/blog\/llega-el-cambio-de-estacion-se-me-va-a-caer-el-pelo\/\" \/>\n<meta property=\"og:locale\" content=\"es_ES\" \/>\n<meta property=\"og:type\" content=\"article\" \/>\n<meta property=\"og:title\" content=\"Llega el cambio de estaci\u00f3n, \u00bfse me va a caer el pelo?\" \/>\n<meta property=\"og:description\" content=\"Hoy vamos a dar respuesta a algunas preguntas que todas nos hemos hecho alguna vez relacionadas con la p\u00e9rdida del cabello. Atenta. Preguntas frecuentes sobre la p\u00e9rdida de cabello durante el cambio de estaci\u00f3n \u00bfDebo dejar te\u00f1irme el pelo para evitar que caiga m\u00e1s? No. La realidad es que los\" \/>\n<meta property=\"og:url\" content=\"https:\/\/armoniabio.com\/blog\/llega-el-cambio-de-estacion-se-me-va-a-caer-el-pelo\/\" \/>\n<meta property=\"og:site_name\" content=\"Blog armon\u00eda\" \/>\n<meta property=\"article:publisher\" content=\"https:\/\/www.facebook.com\/ArmoniaCosmetica\/\" \/>\n<meta property=\"article:published_time\" content=\"2019-09-17T08:44:56+00:00\" \/>\n<meta property=\"article:modified_time\" content=\"2021-11-12T11:22:07+00:00\" \/>\n<meta property=\"og:image\" content=\"https:\/\/armoniabio.com\/blog\/wp-content\/uploads\/2019\/09\/152-large.jpg\" \/>\n\t<meta property=\"og:image:width\" content=\"812\" \/>\n\t<meta property=\"og:image:height\" content=\"580\" \/>\n\t<meta property=\"og:image:type\" content=\"image\/jpeg\" \/>\n<meta name=\"author\" content=\"Ana de Sus\" \/>\n<meta name=\"twitter:card\" content=\"summary_large_image\" \/>\n<meta name=\"twitter:creator\" content=\"@armoniabio\" \/>\n<meta name=\"twitter:site\" content=\"@armoniabio\" \/>\n<script type=\"application\/ld+json\" class=\"yoast-schema-graph\">{\"@context\":\"https:\/\/schema.org\",\"@graph\":[{\"@type\":\"Article\",\"@id\":\"https:\/\/armoniabio.com\/blog\/llega-el-cambio-de-estacion-se-me-va-a-caer-el-pelo\/#article\",\"isPartOf\":{\"@id\":\"https:\/\/armoniabio.com\/blog\/llega-el-cambio-de-estacion-se-me-va-a-caer-el-pelo\/\"},\"author\":{\"name\":\"Ana de Sus\",\"@id\":\"https:\/\/armoniabio.com\/blog\/#\/schema\/person\/1283d62e62bbb3a937177b0816975498\"},\"headline\":\"Llega el cambio de estaci\u00f3n, \u00bfse me va a caer el pelo?\",\"datePublished\":\"2019-09-17T08:44:56+00:00\",\"dateModified\":\"2021-11-12T11:22:07+00:00\",\"mainEntityOfPage\":{\"@id\":\"https:\/\/armoniabio.com\/blog\/llega-el-cambio-de-estacion-se-me-va-a-caer-el-pelo\/\"},\"wordCount\":442,\"commentCount\":0,\"publisher\":{\"@id\":\"https:\/\/armoniabio.com\/blog\/#organization\"},\"image\":{\"@id\":\"https:\/\/armoniabio.com\/blog\/llega-el-cambio-de-estacion-se-me-va-a-caer-el-pelo\/#primaryimage\"},\"thumbnailUrl\":\"https:\/\/armoniabio.com\/blog\/wp-content\/uploads\/2019\/09\/152-large.jpg\",\"articleSection\":[\"Capilar\",\"Consejo de experta\",\"Preguntas y respuestas\",\"Salud\"],\"inLanguage\":\"es\",\"potentialAction\":[{\"@type\":\"CommentAction\",\"name\":\"Comment\",\"target\":[\"https:\/\/armoniabio.com\/blog\/llega-el-cambio-de-estacion-se-me-va-a-caer-el-pelo\/#respond\"]}]},{\"@type\":\"WebPage\",\"@id\":\"https:\/\/armoniabio.com\/blog\/llega-el-cambio-de-estacion-se-me-va-a-caer-el-pelo\/\",\"url\":\"https:\/\/armoniabio.com\/blog\/llega-el-cambio-de-estacion-se-me-va-a-caer-el-pelo\/\",\"name\":\"Llega el cambio de estaci\u00f3n, \u00bfse me va a caer el pelo?\",\"isPartOf\":{\"@id\":\"https:\/\/armoniabio.com\/blog\/#website\"},\"primaryImageOfPage\":{\"@id\":\"https:\/\/armoniabio.com\/blog\/llega-el-cambio-de-estacion-se-me-va-a-caer-el-pelo\/#primaryimage\"},\"image\":{\"@id\":\"https:\/\/armoniabio.com\/blog\/llega-el-cambio-de-estacion-se-me-va-a-caer-el-pelo\/#primaryimage\"},\"thumbnailUrl\":\"https:\/\/armoniabio.com\/blog\/wp-content\/uploads\/2019\/09\/152-large.jpg\",\"datePublished\":\"2019-09-17T08:44:56+00:00\",\"dateModified\":\"2021-11-12T11:22:07+00:00\",\"breadcrumb\":{\"@id\":\"https:\/\/armoniabio.com\/blog\/llega-el-cambio-de-estacion-se-me-va-a-caer-el-pelo\/#breadcrumb\"},\"inLanguage\":\"es\",\"potentialAction\":[{\"@type\":\"ReadAction\",\"target\":[\"https:\/\/armoniabio.com\/blog\/llega-el-cambio-de-estacion-se-me-va-a-caer-el-pelo\/\"]}]},{\"@type\":\"ImageObject\",\"inLanguage\":\"es\",\"@id\":\"https:\/\/armoniabio.com\/blog\/llega-el-cambio-de-estacion-se-me-va-a-caer-el-pelo\/#primaryimage\",\"url\":\"https:\/\/armoniabio.com\/blog\/wp-content\/uploads\/2019\/09\/152-large.jpg\",\"contentUrl\":\"https:\/\/armoniabio.com\/blog\/wp-content\/uploads\/2019\/09\/152-large.jpg\",\"width\":812,\"height\":580},{\"@type\":\"BreadcrumbList\",\"@id\":\"https:\/\/armoniabio.com\/blog\/llega-el-cambio-de-estacion-se-me-va-a-caer-el-pelo\/#breadcrumb\",\"itemListElement\":[{\"@type\":\"ListItem\",\"position\":1,\"name\":\"Portada\",\"item\":\"https:\/\/armoniabio.com\/blog\/\"},{\"@type\":\"ListItem\",\"position\":2,\"name\":\"Llega el cambio de estaci\u00f3n, \u00bfse me va a caer el pelo?\"}]},{\"@type\":\"WebSite\",\"@id\":\"https:\/\/armoniabio.com\/blog\/#website\",\"url\":\"https:\/\/armoniabio.com\/blog\/\",\"name\":\"Blog armon\u00eda\",\"description\":\"\",\"publisher\":{\"@id\":\"https:\/\/armoniabio.com\/blog\/#organization\"},\"potentialAction\":[{\"@type\":\"SearchAction\",\"target\":{\"@type\":\"EntryPoint\",\"urlTemplate\":\"https:\/\/armoniabio.com\/blog\/?s={search_term_string}\"},\"query-input\":\"required name=search_term_string\"}],\"inLanguage\":\"es\"},{\"@type\":\"Organization\",\"@id\":\"https:\/\/armoniabio.com\/blog\/#organization\",\"name\":\"Armon\u00eda Cosm\u00e9tica Natural\",\"url\":\"https:\/\/armoniabio.com\/blog\/\",\"logo\":{\"@type\":\"ImageObject\",\"inLanguage\":\"es\",\"@id\":\"https:\/\/armoniabio.com\/blog\/#\/schema\/logo\/image\/\",\"url\":\"http:\/\/armoniabio.com\/blog\/wp-content\/uploads\/2021\/04\/logo_armoniabio.svg\",\"contentUrl\":\"http:\/\/armoniabio.com\/blog\/wp-content\/uploads\/2021\/04\/logo_armoniabio.svg\",\"width\":1,\"height\":1,\"caption\":\"Armon\u00eda Cosm\u00e9tica Natural\"},\"image\":{\"@id\":\"https:\/\/armoniabio.com\/blog\/#\/schema\/logo\/image\/\"},\"sameAs\":[\"https:\/\/www.facebook.com\/ArmoniaCosmetica\/\",\"https:\/\/x.com\/armoniabio\",\"https:\/\/www.instagram.com\/armoniabio\/\",\"https:\/\/www.pinterest.es\/armonacosmticanatural\/\",\"https:\/\/www.youtube.com\/channel\/UCvRU98h_rm6BNIt8CAJtQbw\"]},{\"@type\":\"Person\",\"@id\":\"https:\/\/armoniabio.com\/blog\/#\/schema\/person\/1283d62e62bbb3a937177b0816975498\",\"name\":\"Ana de Sus\"}]}<\/script>\n<!-- \/ Yoast SEO plugin. -->","yoast_head_json":{"title":"Llega el cambio de estaci\u00f3n, \u00bfse me va a caer el pelo?","robots":{"index":"index","follow":"follow","max-snippet":"max-snippet:-1","max-image-preview":"max-image-preview:large","max-video-preview":"max-video-preview:-1"},"canonical":"https:\/\/armoniabio.com\/blog\/llega-el-cambio-de-estacion-se-me-va-a-caer-el-pelo\/","og_locale":"es_ES","og_type":"article","og_title":"Llega el cambio de estaci\u00f3n, \u00bfse me va a caer el pelo?","og_description":"Hoy vamos a dar respuesta a algunas preguntas que todas nos hemos hecho alguna vez relacionadas con la p\u00e9rdida del cabello. Atenta. Preguntas frecuentes sobre la p\u00e9rdida de cabello durante el cambio de estaci\u00f3n \u00bfDebo dejar te\u00f1irme el pelo para evitar que caiga m\u00e1s? No. La realidad es que los","og_url":"https:\/\/armoniabio.com\/blog\/llega-el-cambio-de-estacion-se-me-va-a-caer-el-pelo\/","og_site_name":"Blog armon\u00eda","article_publisher":"https:\/\/www.facebook.com\/ArmoniaCosmetica\/","article_published_time":"2019-09-17T08:44:56+00:00","article_modified_time":"2021-11-12T11:22:07+00:00","og_image":[{"width":812,"height":580,"url":"https:\/\/armoniabio.com\/blog\/wp-content\/uploads\/2019\/09\/152-large.jpg","type":"image\/jpeg"}],"author":"Ana de Sus","twitter_card":"summary_large_image","twitter_creator":"@armoniabio","twitter_site":"@armoniabio","schema":{"@context":"https:\/\/schema.org","@graph":[{"@type":"Article","@id":"https:\/\/armoniabio.com\/blog\/llega-el-cambio-de-estacion-se-me-va-a-caer-el-pelo\/#article","isPartOf":{"@id":"https:\/\/armoniabio.com\/blog\/llega-el-cambio-de-estacion-se-me-va-a-caer-el-pelo\/"},"author":{"name":"Ana de Sus","@id":"https:\/\/armoniabio.com\/blog\/#\/schema\/person\/1283d62e62bbb3a937177b0816975498"},"headline":"Llega el cambio de estaci\u00f3n, \u00bfse me va a caer el pelo?","datePublished":"2019-09-17T08:44:56+00:00","dateModified":"2021-11-12T11:22:07+00:00","mainEntityOfPage":{"@id":"https:\/\/armoniabio.com\/blog\/llega-el-cambio-de-estacion-se-me-va-a-caer-el-pelo\/"},"wordCount":442,"commentCount":0,"publisher":{"@id":"https:\/\/armoniabio.com\/blog\/#organization"},"image":{"@id":"https:\/\/armoniabio.com\/blog\/llega-el-cambio-de-estacion-se-me-va-a-caer-el-pelo\/#primaryimage"},"thumbnailUrl":"https:\/\/armoniabio.com\/blog\/wp-content\/uploads\/2019\/09\/152-large.jpg","articleSection":["Capilar","Consejo de experta","Preguntas y respuestas","Salud"],"inLanguage":"es","potentialAction":[{"@type":"CommentAction","name":"Comment","target":["https:\/\/armoniabio.com\/blog\/llega-el-cambio-de-estacion-se-me-va-a-caer-el-pelo\/#respond"]}]},{"@type":"WebPage","@id":"https:\/\/armoniabio.com\/blog\/llega-el-cambio-de-estacion-se-me-va-a-caer-el-pelo\/","url":"https:\/\/armoniabio.com\/blog\/llega-el-cambio-de-estacion-se-me-va-a-caer-el-pelo\/","name":"Llega el cambio de estaci\u00f3n, \u00bfse me va a caer el pelo?","isPartOf":{"@id":"https:\/\/armoniabio.com\/blog\/#website"},"primaryImageOfPage":{"@id":"https:\/\/armoniabio.com\/blog\/llega-el-cambio-de-estacion-se-me-va-a-caer-el-pelo\/#primaryimage"},"image":{"@id":"https:\/\/armoniabio.com\/blog\/llega-el-cambio-de-estacion-se-me-va-a-caer-el-pelo\/#primaryimage"},"thumbnailUrl":"https:\/\/armoniabio.com\/blog\/wp-content\/uploads\/2019\/09\/152-large.jpg","datePublished":"2019-09-17T08:44:56+00:00","dateModified":"2021-11-12T11:22:07+00:00","breadcrumb":{"@id":"https:\/\/armoniabio.com\/blog\/llega-el-cambio-de-estacion-se-me-va-a-caer-el-pelo\/#breadcrumb"},"inLanguage":"es","potentialAction":[{"@type":"ReadAction","target":["https:\/\/armoniabio.com\/blog\/llega-el-cambio-de-estacion-se-me-va-a-caer-el-pelo\/"]}]},{"@type":"ImageObject","inLanguage":"es","@id":"https:\/\/armoniabio.com\/blog\/llega-el-cambio-de-estacion-se-me-va-a-caer-el-pelo\/#primaryimage","url":"https:\/\/armoniabio.com\/blog\/wp-content\/uploads\/2019\/09\/152-large.jpg","contentUrl":"https:\/\/armoniabio.com\/blog\/wp-content\/uploads\/2019\/09\/152-large.jpg","width":812,"height":580},{"@type":"BreadcrumbList","@id":"https:\/\/armoniabio.com\/blog\/llega-el-cambio-de-estacion-se-me-va-a-caer-el-pelo\/#breadcrumb","itemListElement":[{"@type":"ListItem","position":1,"name":"Portada","item":"https:\/\/armoniabio.com\/blog\/"},{"@type":"ListItem","position":2,"name":"Llega el cambio de estaci\u00f3n, \u00bfse me va a caer el pelo?"}]},{"@type":"WebSite","@id":"https:\/\/armoniabio.com\/blog\/#website","url":"https:\/\/armoniabio.com\/blog\/","name":"Blog armon\u00eda","description":"","publisher":{"@id":"https:\/\/armoniabio.com\/blog\/#organization"},"potentialAction":[{"@type":"SearchAction","target":{"@type":"EntryPoint","urlTemplate":"https:\/\/armoniabio.com\/blog\/?s={search_term_string}"},"query-input":"required name=search_term_string"}],"inLanguage":"es"},{"@type":"Organization","@id":"https:\/\/armoniabio.com\/blog\/#organization","name":"Armon\u00eda Cosm\u00e9tica Natural","url":"https:\/\/armoniabio.com\/blog\/","logo":{"@type":"ImageObject","inLanguage":"es","@id":"https:\/\/armoniabio.com\/blog\/#\/schema\/logo\/image\/","url":"http:\/\/armoniabio.com\/blog\/wp-content\/uploads\/2021\/04\/logo_armoniabio.svg","contentUrl":"http:\/\/armoniabio.com\/blog\/wp-content\/uploads\/2021\/04\/logo_armoniabio.svg","width":1,"height":1,"caption":"Armon\u00eda Cosm\u00e9tica Natural"},"image":{"@id":"https:\/\/armoniabio.com\/blog\/#\/schema\/logo\/image\/"},"sameAs":["https:\/\/www.facebook.com\/ArmoniaCosmetica\/","https:\/\/x.com\/armoniabio","https:\/\/www.instagram.com\/armoniabio\/","https:\/\/www.pinterest.es\/armonacosmticanatural\/","https:\/\/www.youtube.com\/channel\/UCvRU98h_rm6BNIt8CAJtQbw"]},{"@type":"Person","@id":"https:\/\/armoniabio.com\/blog\/#\/schema\/person\/1283d62e62bbb3a937177b0816975498","name":"Ana de Sus"}]}},"_links":{"self":[{"href":"https:\/\/armoniabio.com\/blog\/wp-json\/wp\/v2\/posts\/532"}],"collection":[{"href":"https:\/\/armoniabio.com\/blog\/wp-json\/wp\/v2\/posts"}],"about":[{"href":"https:\/\/armoniabio.com\/blog\/wp-json\/wp\/v2\/types\/post"}],"author":[{"embeddable":true,"href":"https:\/\/armoniabio.com\/blog\/wp-json\/wp\/v2\/users\/10"}],"replies":[{"embeddable":true,"href":"https:\/\/armoniabio.com\/blog\/wp-json\/wp\/v2\/comments?post=532"}],"version-history":[{"count":4,"href":"https:\/\/armoniabio.com\/blog\/wp-json\/wp\/v2\/posts\/532\/revisions"}],"predecessor-version":[{"id":1204,"href":"https:\/\/armoniabio.com\/blog\/wp-json\/wp\/v2\/posts\/532\/revisions\/1204"}],"wp:featuredmedia":[{"embeddable":true,"href":"https:\/\/armoniabio.com\/blog\/wp-json\/wp\/v2\/media\/558"}],"wp:attachment":[{"href":"https:\/\/armoniabio.com\/blog\/wp-json\/wp\/v2\/media?parent=532"}],"wp:term":[{"taxonomy":"category","embeddable":true,"href":"https:\/\/armoniabio.com\/blog\/wp-json\/wp\/v2\/categories?post=532"},{"taxonomy":"post_tag","embeddable":true,"href":"https:\/\/armoniabio.com\/blog\/wp-json\/wp\/v2\/tags?post=532"}],"curies":[{"name":"wp","href":"https:\/\/api.w.org\/{rel}","templated":true}]}}