{"id":529,"date":"2019-07-30T13:01:39","date_gmt":"2019-07-30T11:01:39","guid":{"rendered":""},"modified":"2021-07-21T11:01:20","modified_gmt":"2021-07-21T09:01:20","slug":"cuidas-tu-pelo-en-verano","status":"publish","type":"post","link":"https:\/\/armoniabio.com\/blog\/cuidas-tu-pelo-en-verano\/","title":{"rendered":"\u00bfC\u00f3mo cuidar nuestro pelo en verano?"},"content":{"rendered":"<p>Nuestro pelo se expone a determinados factores perjudiciales durante el verano que pueden suponer un empeoramiento de nuestra salud capilar. Por estos motivos, hemos preparado una serie de recomendaciones que no pueden faltar en tu rutina de cuidado capilar durante los meses m\u00e1s calurosos del a\u00f1o.<\/p>\n<div id=\"ez-toc-container\" class=\"ez-toc-v2_0_77 counter-hierarchy ez-toc-counter ez-toc-grey ez-toc-container-direction\">\n<div class=\"ez-toc-title-container\">\n<p class=\"ez-toc-title\" style=\"cursor:inherit\">\u00cdndice de contenidos:<\/p>\n<span class=\"ez-toc-title-toggle\"><a href=\"#\" class=\"ez-toc-pull-right ez-toc-btn ez-toc-btn-xs ez-toc-btn-default ez-toc-toggle\" aria-label=\"Alternar tabla de contenidos\"><span class=\"ez-toc-js-icon-con\"><span class=\"\"><span class=\"eztoc-hide\" style=\"display:none;\">Toggle<\/span><span class=\"ez-toc-icon-toggle-span\"><svg style=\"fill: #999;color:#999\" xmlns=\"http:\/\/www.w3.org\/2000\/svg\" class=\"list-377408\" width=\"20px\" height=\"20px\" viewBox=\"0 0 24 24\" fill=\"none\"><path d=\"M6 6H4v2h2V6zm14 0H8v2h12V6zM4 11h2v2H4v-2zm16 0H8v2h12v-2zM4 16h2v2H4v-2zm16 0H8v2h12v-2z\" fill=\"currentColor\"><\/path><\/svg><svg style=\"fill: #999;color:#999\" class=\"arrow-unsorted-368013\" xmlns=\"http:\/\/www.w3.org\/2000\/svg\" width=\"10px\" height=\"10px\" viewBox=\"0 0 24 24\" version=\"1.2\" baseProfile=\"tiny\"><path d=\"M18.2 9.3l-6.2-6.3-6.2 6.3c-.2.2-.3.4-.3.7s.1.5.3.7c.2.2.4.3.7.3h11c.3 0 .5-.1.7-.3.2-.2.3-.5.3-.7s-.1-.5-.3-.7zM5.8 14.7l6.2 6.3 6.2-6.3c.2-.2.3-.5.3-.7s-.1-.5-.3-.7c-.2-.2-.4-.3-.7-.3h-11c-.3 0-.5.1-.7.3-.2.2-.3.5-.3.7s.1.5.3.7z\"\/><\/svg><\/span><\/span><\/span><\/a><\/span><\/div>\n<nav><ul class='ez-toc-list ez-toc-list-level-1 ' ><li class='ez-toc-page-1 ez-toc-heading-level-2'><a class=\"ez-toc-link ez-toc-heading-1\" href=\"https:\/\/armoniabio.com\/blog\/cuidas-tu-pelo-en-verano\/#Principales_consejos_para_cuidar_tu_pelo_en_verano\" >Principales consejos para cuidar tu pelo en verano<\/a><\/li><li class='ez-toc-page-1 ez-toc-heading-level-2'><a class=\"ez-toc-link ez-toc-heading-2\" href=\"https:\/\/armoniabio.com\/blog\/cuidas-tu-pelo-en-verano\/#Otros_consejos_para_cuidar_el_pelo_en_verano\" >Otros consejos para cuidar el pelo en verano<\/a><\/li><li class='ez-toc-page-1 ez-toc-heading-level-2'><a class=\"ez-toc-link ez-toc-heading-3\" href=\"https:\/\/armoniabio.com\/blog\/cuidas-tu-pelo-en-verano\/#La_importancia_de_la_alimentacion_en_el_cuidado_de_tu_pelo\" >La importancia de la alimentaci\u00f3n en el cuidado de tu pelo<\/a><\/li><\/ul><\/nav><\/div>\n<h2><span class=\"ez-toc-section\" id=\"Principales_consejos_para_cuidar_tu_pelo_en_verano\"><\/span>Principales consejos para cuidar tu pelo en verano<span class=\"ez-toc-section-end\"><\/span><\/h2>\n<p>Utiliza <a href=\"https:\/\/armoniabio.com\/champus-naturales\/\">champ\u00fas naturales sin sulfatos<\/a>, limpian de una manera suave y delicada y no irritan los cueros cabelludos m\u00e1s sensibles. Elige el que se adapte a las necesidades de tu pelo, adem\u00e1s es perfecto para el uso diario de toda la familia.<\/p>\n<p>Despu\u00e9s del ba\u00f1o o de la exposici\u00f3n al sol, <strong>aprovecha para nutrir y reparar tu melena<\/strong>. Apl\u00edcate una <a href=\"https:\/\/armoniabio.com\/champus-naturales\/mascarilla-capilar-tepezcohuite.html\">mascarilla capilar<\/a> nutriente para restablecer la capa hidrolip\u00eddica natural del cabello. Otra opci\u00f3n realmente interesante tras lavar nuestro pelo es aplicarnos unas gotas de <a href=\"https:\/\/armoniabio.com\/champus-naturales\/tonico-capilar-ronquina.html\">ronquina<\/a> para refrescar nuestro cuero cabelludo y reforzarlo gracias a sus propiedades antica\u00edda.<\/p>\n<ul class=\"short-products\"><li><a  title='Mascarilla capilar Tepezcohuite' href='https:\/\/armoniabio.com\/champus-naturales\/mascarilla-capilar-tepezcohuite.html' target='blank_'><img style='border-color:#F90' src='data:image\/jpg;base64,\/9j\/4AAQSkZJRgABAQAAAQABAAD\/\/gAfQ29tcHJlc3NlZCBieSBqcGVnLXJlY29tcHJlc3P\/2wCEAA4ODg4PDg8REQ8WFxUXFiAdGxsdIDAiJSIlIjBJLjUuLjUuSUFOQDtATkF0W1FRW3SGcWtxhqORkaPNws3\/\/\/8BDg4ODg8ODxERDxYXFRcWIB0bGx0gMCIlIiUiMEkuNS4uNS5JQU5AO0BOQXRbUVFbdIZxa3GGo5GRo83Czf\/\/\/\/\/CABEIAe4BfAMBIgACEQEDEQH\/xAAyAAEBAAMBAQEAAAAAAAAAAAAAAQMEBQIGBwEBAAMBAQAAAAAAAAAAAAAAAAEDBAIF\/9oADAMBAAIQAxAAAAD9IWAAApFEUAAASglEoJRFEURRFEURRFEURRFEoQABRFEURRKABKACFAAlEUAAJRKAEUAARYVBUFQVBUFQVBUFQVBUFQVBUFQVBUFQVBUFQVBUFQKBBYCgBFAABBUFQVBUFQVBUFQVBUFQVBUFQVBZYAAVBUFSgAAAACKRRKCURRFEURRFEURRFBAURRFhUFQVAAl0jbuoNuao2mqNpqjaao2mqNpqjaao3E9EURRFEURRFEoAEoAAAABNLe1Dwy0wsoxMgxsoxMoxMoxMoxXL7MlgqCoKgqUAAECgAAAAABr7GM082ltGZ49CWCwUAoUMnn2UCUAAAJRFEUEFAAlEoAAJRxNvVzmfJhyHqWEulhqdR492lC2U9egKIoAAAAAAlAAAAABKAOP6yYTYy4chljweeZ0NbjrS7+lms62L59RW9efZ6BQAAAAAAACFSgAAACUAc\/U3ucbeXBlM2pteoavjbsNfFu2XnLLK+vPsoKAAAAAAACUEUiiKAAAANfj9vhG3mwZi4+d7N9zcp0MHN2zf2uRmOlk8ewAoiiKIoiiKIoigAAAAQqUAA8\/PfR\/PGfPpa52sGDMYvePIMVp0vfN8nW96W6LBQAAAAAAAEoBFEURRFEoAOD3uIec+tsGfLgzFeZD368+perKe\/fmgpFEURRFEURRFEURQAAAAAAA4\/Y5Zp7Grsl8ZeRlt3\/fM2cNnQ29Ha3U57izaeMgksoAAAAAAAIUABBQAAAAOf0NI5OxrbBm4XY42S3Jk5+95OroZNDa7q6\/vW2fcy5B0oAAAAAAAACBQAAAAAAauzgOFZjR8565mzmj6Kes3jehdPXydcdnt8jq+xlzyzRFoAAAAAAAEFAQVBQAAAAMWXwfO+\/OQ+Oy7+hRXudHk7GTVj6mHax3dHqc7o+zk9i2KAAAAAAAAAlAAAAAAAEo+b9+fRm5HYnE\/L9lPKv523q5d2fp9\/wCR+p08bE9Se6AAAAAACUEoAAigAAAACLD5+e8ZsZ8GcnJ72jT1xXd5FvHY6nE7cz6lhVEURRFEURRFEURRAVBUFgLBUFQVBYHD4nZ+Oyc9\/Z4m5njsamPW7dfxzdjhvZeZh5j6jZ5XU9Cz2i1UFQVBUFQVBUFQFEoAAAAAARR8r+Q\/sv4\/nnJtet2+Mup29I0Z1fBzNzJ7PpPsvjfs8c5BtgAAAAAABKAACCoLAWCpQADh\/j\/7P+fUdfL9f3kv52\/GzqnrBl9w5u9sdqWb7DkdjNNRpioKgqCoKgqCoKgWCgAAAAAAA4f5r+kfix9Ru\/n+Y\/T\/AB8joH3vj4YfabXwHfPoPvfzP9NAAAAAAAAACCoKgKAIoEKADg\/i37T+LGpsa\/QPUzjB7yDH9BwO8dD9P\/Mv00AAAAAAAIKAAlABCoKgoAAOD+Lfu34qcjf0Mx02bWPbxB3vn+sdv9O+A+\/AAAAAAAAAAAAAAAAAAJizDg6X1Y+I8\/cj4fP9iPmOr0hKAAAAAAAABAoARQQVKAJQAAAAAAAAAAAIVKAAACBRKACUSgAAAAAAAlEoAAAAAAAARQBKBBQJRKAAhQAAAAAAAAAAAAAAACFSghUFQVBUFQUAAAAAAAAAAAAAAACUf\/\/EAEcQAAIBAgMEBgMLCQgDAAAAAAECAwARBBIhBTFBUQYQIlBhcRMyNBQWICMwQmJykZKhFTNSU1RzgbHBJDVAgIKj0dJksvH\/2gAIAQEAAT8A\/wA9+ZQbXrOnOs6c6zpzrOvOs686zrzrOvOs686zrzrOvOs6c6zpzrOvOs686zpzrOnPuBDcA89eu\/wb\/Iru\/wAfYo7pa9j+BqzcqseVa8q15VryrXlWvKrHlWvKteVa8q15VryrXlVjyrX9E0N3+Pn7MiMOItQN+u1W+DbqtVqtVqUdwYsXguBqpBpGuKB+WA7glGaOReamoWuooGh8oO4k7LMvJiKU0KHyYrj3DIMuIlH0qU0KHUaxEZncRhyuUZrjmdBQxE2FdUxJBQmwkpJI5FzI6sOYN\/hCh3DihbEnxApaBodeiOzHc1rmp3SbPGCDIJd\/0amYYvHomEOXIbzTJ\/6\/BHUO4dpKFnS261qQ0KFCmkRWVSbFt2htXuiIhfWIbd2G1qVMBicrSQhzYZbobkHlUTYWBQkUeXf2VQ3050J0ys5PZBGoBOhF6BBAINwesVw7i2iBaIikpTQoU8cZkLlje4O4cNKGQGOwbsDKKyRAIbsCiqARa4tpSqkbkksWva5trmt\/xXoISFszaL4HgBx8qitkUDcAB1ij3FjheG\/JqjNLQofICh3Hi1vh3qM0poUskU8BZJAUZSMwpI0mVJUmYqwup869ypY9t78717lTizHzNCABbZ2p40hDs8kmVFL7tLKKgyq0iCRmYAE34X6hQriO4pheKQfRNJS0tYXDzehhiC2hlRTJ9Egaj\/VWVjDh0eHQRcY2fXlYWsaVJL4SRo2eX0cIYPGTbmQ\/A1CgjXXCs2KAe7kWzG36fI16KW2IEUJAbByg5YjFd9LCx3msThyqSJFGbHBTjndjb8TU2dGxJ9GxDehF9Rbfc9mtnFyuIBvlE1kuGGmUHTNrahQriO4mF1YcxQ0Y0tLS0806yMFhzILU2MxGQMMG9+XnSYmdpAhwrKCW7V7gAUmKmKXbCuDnynfy317un0PuN7XOljfQUhzKrWIuAbHeL0KHVx7jcZZWFSGURn0QBfS1\/Olm2lb2ZM1K2OGclE0S6+Jvup1xl+xIlteHgKCbSK3MqA5RYEcfGkTHB4y0yFdc4t4aWsOdZNpZo\/jUsN\/j+FCPaQKEyoTazU35RCRZQhYA5vGi+1FDWiRrlje40HAbxWGkxTSMs0IUAGxHUOPceIFp38zS0KWh8IUOodx40WnakpaFCmYLa\/E2oOpZlB1G8fAFDqHcePHxt\/AUlLUrskZK2vUOLvFmNzrvFSzD0qsbjKuh3XrCveR\/pa66mmkDyKqm1mHHf9lLewva\/UKXqHce0BqnlSUtNYo1zpakbIwqVjdRm4fgKhlAu1yCN1uNQC8hcbsvAVGxKZmNIzMd1ltQoUd3cm0B2UPnSUtb1NOcrFO0eZtuFO6kmxvm0FKO0NN1E5Ey6XOppZM2WEc7G3G9KCAL0KFHuTHD4tfOkpaSeN3ljDdpLZh51ObyvkFzcaXterMJ8pIEhsSw5cgKUsACRbTcKDEsL1h2SMZyATfdeoJhLfUXuRbxG+hQo9yYwXhPnS7zUuISEantWuFvqfKocUEzESXYHL5qaXEWmUu7Bb301olGlDEG7D5xtoNd1RB2mN2UhfCxvRGjkWBPOlxcMsggSQl\/0gNBWyFlc4md1Ko7nIDy50rKdx6j3JiheF6HrGsYgkwsgKBtL2NGEoQwKsCOH8qiDmTKygAMCb20tTEesoF997WGo40mW6uLG6jXwFbUxMkQSOJgGbeB61q2fCEjC6gnfpaoN2RB53cm9\/OolyqB\/W\/Vx7knF4n8qPrGmBaNgLXI40MqyMvpFI3EW1vWQic8QzCozLKhCMFAGptwoMLAX1CHcLkVIEOIWwu40ubm50N9d1BcpU351hMgKgKb\/hQ6h63ckgvG\/wBU03r0tbUwWVhJEAA3zFS5qEOBqDYfhUeJ9AsgAFiuU30HO5rCzytECsZYuwCkiwtao0sCSbm+uU3B8ahjjLhmyAk76wrQdrISdwufE0vUN\/cjDskeFP61LRUOpUgEGn2c6sXklLqPVAFv\/gp4oi0aAixcFzvHkPCogqZgu8KSBbdc1PIoBjhNiLajkKgv7kkN9RNY+RFYFwhu443peobz3LL61LS06O+blbSjHkuCpN7VJqr9qwVMxsdSL\/yp+3IzcwL+HOkJRXAPrAeO6sOuImkCxPHfzNYaNo4lVjduJ6l3nuWcWc+dLS0tS4dZAOFejdZp7cMO38zSiWNsNIRnu+QjncXtWNxGGwDy5kZ2jyZynzc+7eRWz50mhhljYNHKt1PEW4Glo0vcuKHxj+dLS0vUigY1\/pRX\/GpcMCc67w6vbmVqSZ4sRiSsEc0Uzhikpy2IGU8DWy4UihSNFsqM7abrub2FIaal7lxf5x\/OhtIqSDFuPOl2ovGE\/bSbUj\/VNX5Sit+ban2lEMVC2R7FHWvypF+remx+GY3OHJNLtSNQAsBA5XApdqX3Q\/jWHnM8ZYrbW1Lu7lx8kaSuGYCjPAZHAmQ9o\/OFQTqq23iknQ2JX+AGm+9CaIAXjv8AwFSTxI0RyaZ1BuoqN0VmLLcEGvTw8Yr9q+4DQi1qGKQXvGCbg\/YaWSIXOdQL8SKwE8Ag\/Or653GkIKgjuXbSXmI5isWMuKxA5StRwIGc+lkspILeiOW48RUEAUj+0AeauP6VkGX2pd3J\/wDiig44xPsk\/wCtZP8AzU+yT\/rRiU78Wh\/g\/wD1oYUMbZ2bd6sbHfuqOJY0jysSGF9Rl42rZVxCh+kah\/Np5DuXa63mBrGxu+PxYRC1pX3C\/Gosc0JcpJKod2fKYQwu2\/W\/hUG1ZL3E4uSDcxW1DFufM0dpylD8ZFu\/QPIiptoSTLIjzx2cEbn3Gjtee1hPCPEI1Ha0m\/0sXr5tIuNstflSW4IxDiwsLQKf5tQDMkbBZCADdmW1yWJvx51s6\/ueEDix\/nUYsiDwHcu1dHH1axk8uF2ninjIDekak2riVW1kO\/nxqDHvNDnd4Q2oyWOblSMqwNCJYSCCLnxo4izZS+GbMbk+R0vS4m5cmTDDW2p\/RO8UH9HO0oxEF2ABAuf6jlR2lOjSACM3cm9jSYqaSIIxFiBuHKtlAGKC\/ifxobh3LtGMOVvyrG9F3xOIlmTFgZzexSj0Px\/zZ4DUXRXaqfqT5PXvf2nl\/NJ98Uejm1v1C\/fWh0a2v+oX761719rH5kX36XojtQ73gH+o1B0VxIAz4qMeQJrCbMXCKqmUuQOVu5tvO8eERkYqc9S9Jdo4ed0tE4B4rSdMsQPXwcZ8mtUPTS5scB\/uUnSoFbnBH79e++L9if79e\/CL9hf79HpnywH+5Xv1nJsuAQeb175touLBYV8lrZe1MfjNpQpNOSmfcAAO5ukHsa\/WrH+1zefVB69B0SJSxtRlW\/Gg6njTUvrL51HwrYH97Q\/ve5ukHsa\/WrH+1zefVhx2ieVEO5uxr0dejNANbWl9ZfOo+FbC\/vSP953N0g9jX69Y\/wBrl8+rDLaO\/M\/BX1x51GRpWwLHasI5y9zdIfY1+vWP9rm8+rCsCpTiOq3UbCl9cedR8K2CL7Vi\/e9zbWwrYnBlE1ca2ra2DnhxLs0bAHqgNnoRJIgYMVPhRDg2zj7KF+L0zX40rAML1HjIuAY10awM74kYp4ysYubnuebDYecWlgR\/MXqfozsSe5ODC\/UJFHoNsiT1JZ1o9BsDwxk9e8XC\/t8te8bB39umodCNljfiZ2qPohsVN8Uj+b1BsfZeGsYsFEDztc\/5xf\/EAC4RAAEEAAQCBwkAAAAAAAAAAAEAAgMREkBBUQQTITEzQnCBkRQgIlJTYGGhwf\/aAAgBAgEBPwDxLMlOotNb5hzMQLdCjpl6O6o7\/Y9i6sZfiJTG5pBOqE5MrXEirtQSF9uOpPogQRYyvFtBa07FSDCQmSEygA03+JhBaCOqsq4YgQdlIaTIw2MSP3+EKKQPoNHQB0nK0QSFxEAcQQQpCXvDNjShZy2AZV5oXRKc90s7BRFKOBjNLQy3JZzMY60BleJkewNwFDiJfqfpc+T5x6IcRKe+B5L2iaxUl+SifiaASMWuTZ2zx+FQVDZUNlQUHbznJtYRM52hHuwxuY+Vx7x8Sv\/EACARAQADAAIBBQEAAAAAAAAAAAEAAhExQAMSICEicGD\/2gAIAQMBAT8A\/YzOFcl7lsDgP7bx1LDGn1ljOt4X5jxGuDHl6jwylkSb8TWy1I1znq8OTx3+MYfWrF13qgLMK0lvJazKu9b1OZA6qzWazWaw46ee146eme14\/Sv\/2Q==' alt='Mascarilla capilar Tepezcohuite' \/><\/a><br><a  class='product_name' title='Mascarilla capilar Tepezcohuite' href='https:\/\/armoniabio.com\/champus-naturales\/mascarilla-capilar-tepezcohuite.html' target='blank_'>Mascarilla capilar Tepezcohuite<\/a><br><span class='price'>16,60 \u20ac<\/span><br><\/li><li><a  title='Ronquina' href='https:\/\/armoniabio.com\/champus-naturales\/tonico-capilar-ronquina.html' target='blank_'><img style='border-color:#F90' src='data:image\/jpg;base64,\/9j\/4AAQSkZJRgABAQAAAQABAAD\/\/gAfQ29tcHJlc3NlZCBieSBqcGVnLXJlY29tcHJlc3P\/2wCEAA4ODg4PDg8REQ8WFxUXFiAdGxsdIDAiJSIlIjBJLjUuLjUuSUFOQDtATkF0W1FRW3SGcWtxhqORkaPNws3\/\/\/8BDg4ODg8ODxERDxYXFRcWIB0bGx0gMCIlIiUiMEkuNS4uNS5JQU5AO0BOQXRbUVFbdIZxa3GGo5GRo83Czf\/\/\/\/\/CABEIAe4BfAMBIgACEQEDEQH\/xAAzAAEBAAMBAQEBAAAAAAAAAAAAAQMEBgUCBwgBAQADAQEAAAAAAAAAAAAAAAABAgQDBf\/aAAwDAQACEAMQAAAA\/SFgAAKRRFAAAEoJRKCURRFEURRFEURRFEURRKEAAURRFEUSgASgAhQAJRFAACUSgBFAAEWFQVBUFQVBUFQVBUFQVBUFQVBUFQVBUFQVBUFQVBUCgQWAoARQAAQVBZdMyOM0z9AycX7h7aCoKgqCoKgqCoKgqCoLLAACoKgqUAAAAaW7oH5xyHXcmdn2nFdme7QSiKIoiiKIoiiKIoICiKIsKgqCoAAAKB5vpeKfl3iXGdr13G9MdioiiKIoiiKIoiiKIolAAlAAAAAAAAHHdh+Amhky5T3+g5fKfsP3zfSBBUFQVBUFQVKAACBQAAAAAAAABP58\/oP+eT6y4sp7H18\/R33T8v1JFAACUAAAJRFEUEFAAlEoAAAACD+d\/wB+5w\/J8n6r9HB5e6GPrPD9k+lEURRFAAAAAAEoAAAAAJQBFE8zf42nbZweWzen6M1sNe+\/fOqPV3PCz3zdxk8L3dPmUWoAAAAAAAAIVKAAAAJQAIeTyfu87l9XB8Jy9L0tPb0Kdclx2YzbWl6U8Nzq+W9\/V426O2QAAAAAAACUEUiiKAAAAEsOV8P39PN6fgzpM8aPE0O2xxPG\/fY04\/0Ohzzy8n2pn6YtpXbLFEURRFEURRFEUAAAACFSgAAHNYc2Ez58GY2pfk+\/v4+jJsa2yWfXyZQAAAAAAAAEoBFEURRFEoAAc1gz4DYzYM5l+PrzeUez9aO91v8AezrbKv1LD7URRFEURRFEURRFEUAAAAAAAAc1gz4DPnwQ9DytiRPz6vmfU29TZ1tlT6lhkSgAAAAAAAhQAEFAAAAAlHNYM2Ez5MfwbzWtW39aFl6uzqbcvqWGQAAAAAAAABAoAAAAAAEHNYc2A1N7Q2TcXXN\/Hh+jb3fNznqSwyAAAAAAAAIKAgqCgAAAASjmtfY842cWLYM2S6xmSmb3PE+z2pYZAAAAAAAAAEoAAAAAAABzODYwGbPgzm1L8n39fH2fe1q5jN8\/P2ZAAAAAAASglAAEUAAAAACHN4M2kbrn5wnofI0M+bZ6nqc9kmdnd8\/6jj7+9pbG3PsquiiKIoiiKIoiiKICoKgsBYKgqCoLA4bxceTDt+9j5z5tF197TltTys149LNp+nNfj2sPqacu2jTnqCoKgqCoKgqCoCiUAAAAAAIo\/N9bpsObR4uLqs\/Tn4OTpPm0eTvZuXtXsPP+Uxm9nT3DIAAAAAAABKAACCoLAWCoKgqDl9PLzmWnUbfL5KR105f6Om5\/H8nuauhaR6\/u8n1mi+VGi1QVBUFQVBUFQVAsFAAAAAAAIfhehueLS3ufebarz1frF91Pj7+jDh2\/Gs3\/ANZ\/HP2Gun3x34AAAAAAAAEFQVAUARQIUCWH4\/x3X8hTrn9Xw92\/L0cNpky6lPjyoNv9a\/Mf2SvT10tuYAAAAABBQAEoAIVBUFAAlhx3Nd\/ynDfzmP09aNLS6XK5cv8AXSaKfN9TW34t7Hv872F8eZL2ygAAAAAAAAAAAAAAAAMGeHlafQotz3z0Y8J7pHi7foD5+iYAAAAAAAAIFACKCCpQBKAAAAAAAAAAABCpQAAAQKJQASiUAAAAAAAEolAAAAAAAACKAJQIKBKJQAEKAAAAAAAAAAAAAAAAQqUEKgqCoKgqCgAAAAAAAAAAAAAAASj\/xABAEAACAQMCAwQGBwcDBAMAAAABAgMABBESMQUhQTNQUXEGExQiMoEQJEJhcpGxFSNDUlSCoTSTokRigJJz0dL\/2gAIAQEAAT8A\/wDDUkAUbu1X4riMf3Che2PW5T5Ghd2hI+sp+dLJG\/wOp8j3Zf8A+jn8h+tT3NraqpmYKDtyzQ41wwtgSEn8NJd27bN\/iuH9unPx7s4lgWMniSv616RdjB5tUAJlXG+oVDv8qsDidO7OKY9hfxLCvSLsYPNqt+2XzqHf5VY9unn3ZxblZk\/94rjl1K9w0JI0JtUHaL51FkaOe4rhcjOYmbfV3Z6RO8HDHkA5g5HyFXNzJcytK+NR8Kh+NahyI4zqJrg8rGaNDtv3Z6W8St4bQ2rONbg1z++oxhhv+VW06sirq2+6uG3cUM6szgCkkSRFdCCCM8jnuviTl+J3zEk5uJP1ofC1Dc+Yq3A9WfxtWTqPOvRZ\/qM4JPad13hzf3R8Z3\/WujUNz5irf4P7nofEfnXosfqk\/wCMd1znN3OfGVv1ro3lQ3PmtW3wf3PQ3Pma9FGxBdeY7qNPznkP\/ea1DBoMuTz6irRWaPKqcAvzpYZScBeZr0VOlL1DuNHdUtwBkKM0eDcJySLGLPlQ4Xw0bWMH+2K\/ZvDv6GD\/AGxQsbMDAtogPAKK9htP6dB8qslismcwxga\/iqOVZF935jui9vRF7g5mnv3ycYo3svjXts3jXt0v81e3S\/zUL2X+alvZB1zUN+6sDgVFKssauvXuaaQRxsx6CrmYszN1NFzWvNRDPM0\/xHH0A0GpGrhc+GMZPJu5uKy6UVPGpnyTTNStzpOSUW5nzrNZoGolZ6h\/dMCN1INKwZVYbEZ7l4q+Zj9wqSmpN6HwjyrND6BVseS1jmv3jFWDaraP7uXcvE+2kp6ek3r7Py+gUKFWu3zrovnXDewb8Z7lvUDyyEnrQtYTuCaFhaHeL\/JpLCzH8BaFna47Fa9gs\/6dKFhZf06V+zrL+nWv2ZYn+APzNRcLswOUZHzNPw+HAwWFWkQhRl1Z97Pct12knnS0tLQ2+gUKFR7U+1R\/a7luu0k\/FS0tLQ2+gUKFRbfOpNqj69y3XaSedLS0tSyiGJpGGQKhuIp1zG2fEdRQoUKi2qTao9m8+5brtJPOlpaWmBZ4R0GW\/IYq8jWFvaIBpdGGvw517V6qSOKdNLOcIVOoNQoVFt86k2FR9e5brtJPOlpaWsZAxuNquUuixxb643wWVXAOV86toJ5Lg3d0oVgNMcec6BQoVF8NPtUfXz7luu0k\/FS0tTS+rUYZVLHALEAfPNRy3DxesDKMmMAadtWnP60ZZ1xqfkS4LafhCuFBoTTkTFWBWNCynT8de0MkoRdI\/ekEHchn3WhUW1PtUf2vPuW67STzpaWsP9k4rTKR8daXwcPRVyTh8CsSfz0Ki+Gn2qP7Xct12knnS0tSXHqm043XIJIAoXy4U+rYAnAz8x8tqF2hD+78IzuKPEIwxXAJ8dQxsTv8qPEUTOtT8TADY8jikJKgkYyNqi2p9qj69y3XaSedLSXN0IfaCYimogppIbAbTvmjeRKzZRyitpaQAaVNNxCJDKDFKVifTI4A0rUt9HD64mKVkh7R1AIBAzSzxOZORzEA3\/sKN7EgklYtoEMUmNOwkJFRXkbGRTHKjIurSy8yp6gDNWlxHN6xQGV0I1K40kA7U+wqPr59y3XaSedJUXD9CQtnMiSl8F2KEFvA0bWYpNAHT1MrMSeeoBzlhT2rPb30eoZnLkHw1KBV1b3KwXyxOmiRZG2JYFhzAo21zmQxSIomiVW1AkqQMZFewvoK6x2MCf7TEmrm1lmkZ45NJMOjqPtBtx41w60lgmuZXWNRIkahVZnxoJ6t50+1R9fPuW67ST8VLUzSqqGMfbGeWcCkm4gTygXY8iPChPxHVH9VGMDX5k0Jb3M2YVAD4THPK53oTcS94GBB7owR4la9dxXMf1aPnvzwBUE3ETKglgUKTzI6VFtT7VH18+5brtJPOpYpnKGOTSVB67kkUbe+O1yOYwT+e1Rw3+Y9VypwwLctx4bUkF4PWlrjJZhp6YUHalteJctV4ObZaha3ognjF1zbGg+Fey8SOB7YPvpIL4G3JuQSpX1n3gE0lrxTORdqQAmOhz9s7Gn2FR9e5brtJPxUtLS0NvoFChUW1PtUf2vPuW67STzpaWlobVnHOlIIBB5GhQq2mjlRjHIrAMQcHqK9aj6wrAlGw2OhqPr3LddpJ50tLU04t4\/WFGYZAwu\/Onu5Y2ufdQoioYzn4tW9XV9LOdKnCdB41w6+maVYZcFcYU9QRVxdpAMDDP4U15cPFMrliSVI0cjyOwq0ndrZhahdSvqMKthsMepNWlo9qkmZNQd9eCPhJ3GetR9e5brtJfOppXhgkkRNZUZ07UeIXMutFKxMpGBuTV3NNOqo8uBpGQBzLDmG+6gr4A+7mftNjxNRQ55k0IBywzZFBB4mgnLkPHr4jFWmLV2eFFQkYqC8WYBXwHzy++rWeKdXaJwwDEZHiO5eK8VigkmSJDLICeS0L+4nQB1A8V8KUO4+LAPhypYwvwimGV5VatNHK0MvNWyUb9QakuraAhZZVVtwNzQuJCTmMAZ5Us0vQAfKlkkJxq\/wK\/eEeArgxX1Eiq4IWQjy69yzW1wL29eR2UGduRHTNKg1ZwfnW1IrMRQU5Iq9jaSJolbQx+3tpqGHh9rgyTBn3Lmv2lYA4Qu58FqI3s\/YcNlx0aT3at+HcZkzrNtEp\/uIpOCRKAZriWT\/AIirW3ht0ZYkCjOT3LegtcT+Akb9a1gYyQPADmT8qVL1+UFofxy8qPo7fTuJpr0F\/AZFDg\/E5fivY4l8EUufmTS+jkB7a7uJPmFqHgHCYtrRWPi5LUj2VudMaKvT3E\/+qjdZBqU5FQcftTHe64ZUe3cqwxkk501wfir8VguJzAI41m0R9cgCo+vct3bwNLKTCmdR+yKhiij7ONV8gBS0tDb6JuzOCRllXP4iBV7b8RvDdmwlRGgn0CP7lFcOmL29pPIuhpbYM4+8YAq7EE8tvhlKklJlwcunIgVDPb6Y4oItCdFAAUVH17lvpFjMrMeQaku7Y\/xRSTQnaVPzFIwOxFDb6HQOhU9an4TLJOZGUOSfj1kZ8+YpI1it5FM8frCvLJGkdQOfSlVkDfXoBz5MDk8j4CrIwi4UC8eVsbEGo+vcvF+yn\/EP1qIKWAY8udLDG2cPzxmhbAEgP4kEDcZowOsZfXsD\/g4oW8uGxJ8O+9C1kbT+8HMZoWzagC3RT\/7ULZQSGkAp4oVQlJctqrhn+sj8m\/So\/tdy39zcC64ji4dcXD8gT\/NS8RvE2mPzANDiPE4xl4PzQil47Mu8C0PSJv6b\/nQ9Iz\/Tn\/co+kTdLb\/nR9IZeluv50OM8Rk7K3X5ITU3FeLR4EhMWfGMCuHcUnjvopbieR0GrlmuAzPPbSsykfvOWe5eKzQm6vUVPe9ofn\/d9FsYEe4E6qrGctGXBAOVbcjpnFT+wOI1gvXXU7BCJSSfxBjyqytbi65NeonvupyA3wYp7GdfZ\/rEL+sYLyhQ4yM17HKJxE1\/Gv7svqCKBybTS2jggPxkJt188jfpilgsZdAl4hM+2cPqwSuccgauUdIbVXVlOG5EY61woFr2IBAxw3I+VcAP1eYawxEvPzwO5fSCGM+2S6E1iXcb7\/RDJIHVVmdASBkGhBdsQBdiTIJ973tiPHNLaXracG3yQDziX\/8ANPFeLLHEVt9T5\/hL0+VC0vSxUm2BAB7NOoP3V7HegEm5iTBxlVA646Cr0Twomb95CTgjVtRJO5zVk8iXCmPVqwR7u\/MV6IRSx8PmMq4MkxbuXj0d\/G96sqAxmY8wOmr6bd7RY5BMjFz8JFJLw3Cagw5LqwW+dFuG64iJpOW5y3hSPwsZ1mV\/fPjsDRl4UCCI3I57+f08Ej18SgBB0881wck28nu6R6w4GMdy8UOJZhU1pbSc3gTzxT8Ms+kWPImhwi0Y\/bHzr9gWenOqWv2RbeMtDg1sdjJX7GtfGSl4RZ9VY+Zq04XYD\/plPPrzpYkjRVSNVGdgMVwvsH\/+Q9y8SsDOPWIPMVPbOp2qQopxqoZJ+L\/NQwwiMSTSBAeQOqls4XHuTEj7nNPw+MjtH+ZJFS2MsQyNvEGkfScMahkOPdYVa29zdMoXOOp2AqGJYY0jXYDuaS3hl+ONTUnBeHS\/FBTejPDjsHFH0csyqqXLBdgwoejVoDlTp8hihwOPGDPJ+Zo8At+txMw8zS+j\/DRzZGNR8MsIuztx86VVUYVQB4D\/AMxP\/8QALhEAAgIAAwUHAwUAAAAAAAAAAQIAAxFAUhIUITFRBBMiMkFToRAgYEJQcIGR\/9oACAECAQE\/AP5hdtkQu3UzbbUZttqMFjdTFOIBydp8UMH1pPMZN6mYzuGw5iDs7dRO4bqJ3DdRK0ZTx\/bXZ1JYYbI55gqDmNkTZH46Y1ygHrHtZvXhBe4XCLaQfFEKlRhk7bGOIx9ZximFSfKCYtNmmU1OhxJye7nE4tFpRYK0HJRMBlbr2rcAATeX0D\/Zvbe18zen9r5jdrsA8gH9zs1rW1lm65MKreZRDRUf0CbtTo+TN2o0QU0+2swAtUAemTr5HE+v28NvJspBnj1GDb1mePUYQ+oytSMpgJgJgPyz\/8QALxEAAgECBQIDBgcAAAAAAAAAAQIAAxEEEiFAUTJSBRNBFCAjQlNgJDFQYWJwgf\/aAAgBAwEBPwD+zLbWjS8xomGp9ggw1LsEOGpdglTD07dIjpkYjZ4NLLeIstCI6zFLYg7PD4qlSWzXg8Sog9DQeKUexofFKPY0OPon0aV6qVBpf9N1v+0ZStr+u3BAOoBEdy5BNvvYK7dKGUaOQXb857Oma9zaVcOzPmSwFoVynKdnTpqLGaCGBkHURGr0gZWqo40X\/dn5+gssaq7Q1HPzGXO1ZiDM54mc8TOeJ5h4EQlhs3AJHrpMq8TIvEyLxMq8QD8OT\/LZ1eoWHp7tz5dvS+zo1VKgGxnwLa0Vhah9BYr4f6KwmiNRSUTEOraDaB2HzGZ37jMzczMeT91\/\/9k=' alt='Ronquina' \/><\/a><br><a  class='product_name' title='Ronquina' href='https:\/\/armoniabio.com\/champus-naturales\/tonico-capilar-ronquina.html' target='blank_'>Ronquina<\/a><br><span class='price'>10,55 \u20ac<\/span><br><\/li><\/ul><p class='important'><a href='https:\/\/imacreste.com' target='_blank'>Creado por imacreste<\/a><\/p>\n<p>&nbsp;<\/p>\n<p>Te damos un <strong>truquito sencillo<\/strong>, apl\u00edcala por todo el pelo y cuero cabelludo <strong>antes de ir a la playa<\/strong>, as\u00ed crearemos una pel\u00edcula protectora e hidratante y lo protegeremos del cloro, la sal y el sol.<\/p>\n<p>\u00a1El aceite tambi\u00e9n es para el verano!. En esta \u00e9poca del a\u00f1o solemos tener las puntas m\u00e1s secas y da\u00f1adas. Pon unas gotitas de aceite en las palmas de la mano, y apl\u00edcalas de medios a puntas. Tambi\u00e9n te ir\u00e1 genial si tienes tendencia al encrespamiento, ya que es una se\u00f1al de que tu pelo necesita cuidados especiales de hidrataci\u00f3n.<\/p>\n<p><iframe loading=\"lazy\" src=\"https:\/\/www.youtube.com\/embed\/nJpwXq4uAm8\" width=\"560\" height=\"315\" frameborder=\"0\" allowfullscreen=\"allowfullscreen\"><\/iframe><\/p>\n<h2><span class=\"ez-toc-section\" id=\"Otros_consejos_para_cuidar_el_pelo_en_verano\"><\/span>Otros consejos para cuidar el pelo en verano<span class=\"ez-toc-section-end\"><\/span><\/h2>\n<p>Una vez abordados los principales consejos para el cuidado de tu pelo en verano, no debemos olvidar otras recomendaciones m\u00e1s generales pero igualmente importantes a la hora de proteger nuestro cabello:<\/p>\n<ul>\n<li>No marques mucho la raya a la hora de peinarte. Si el pelo es fino corres el riesgo de quemaduras en el cuero cabelludo. Lo id\u00f3neo es peinar el cabello hacia atr\u00e1s. Y si vas a recogerlo evita accesorios met\u00e1licos. \u00a1Mo\u00f1os arriba!<\/li>\n<li>Prescinde de herramientas de calor como planchas y secadores para minimizar el da\u00f1o capilar, deja tu pelo al aire con un look desenfadado y natural.<\/li>\n<li>Cuando te expongas al sol, cubre el cabello con una gorra, sombrero o pa\u00f1uelo para mantener su color.<\/li>\n<li>Hidr\u00e1tate, hay que beber m\u00e1s agua que el resto del a\u00f1o. El agua, las infusiones fr\u00edas y los zumos naturales hidratan el cuerpo y el cabello.<\/li>\n<\/ul>\n<h2><span class=\"ez-toc-section\" id=\"La_importancia_de_la_alimentacion_en_el_cuidado_de_tu_pelo\"><\/span>La importancia de la alimentaci\u00f3n en el cuidado de tu pelo<span class=\"ez-toc-section-end\"><\/span><\/h2>\n<p>\u00bfSab\u00edas que hay nutrientes que ayudan a nuestro cabello a estar sano y fuerte? Por ejemplo el <strong>azufre<\/strong> (presente en verduras y frutas) favorece la s\u00edntesis de la queratina y el col\u00e1geno, el <strong>hierro<\/strong> que ayuda a trasportar el ox\u00edgeno y el <strong>Omega 3<\/strong> que lucha contra la sequedad del cabello.<\/p>\n<p>Recuerda que una melena sana no solo se construye desde fuera,\u00a0lo que comes influye (y mucho) en la salud de tu pelo.<\/p>\n<p>Ya sab\u00e9is que nos encanta conocer vuestras experiencias. D\u00e9janos un comentario y comparte tus trucos para lucir melena este verano.<\/p>\n\n\n<div class=\"kk-star-ratings kksr-auto kksr-align-left kksr-valign-bottom\"\n    data-payload='{&quot;align&quot;:&quot;left&quot;,&quot;id&quot;:&quot;529&quot;,&quot;slug&quot;:&quot;default&quot;,&quot;valign&quot;:&quot;bottom&quot;,&quot;ignore&quot;:&quot;&quot;,&quot;reference&quot;:&quot;auto&quot;,&quot;class&quot;:&quot;&quot;,&quot;count&quot;:&quot;1&quot;,&quot;legendonly&quot;:&quot;&quot;,&quot;readonly&quot;:&quot;&quot;,&quot;score&quot;:&quot;5&quot;,&quot;starsonly&quot;:&quot;&quot;,&quot;best&quot;:&quot;5&quot;,&quot;gap&quot;:&quot;5&quot;,&quot;greet&quot;:&quot;\\u00bfTe ha gustado nuestro contenido?&quot;,&quot;legend&quot;:&quot;5\\\/5&quot;,&quot;size&quot;:&quot;24&quot;,&quot;title&quot;:&quot;\\u00bfC\\u00f3mo cuidar nuestro pelo en verano?&quot;,&quot;width&quot;:&quot;142.5&quot;,&quot;_legend&quot;:&quot;{score}\\\/{best}&quot;,&quot;font_factor&quot;:&quot;1.25&quot;}'>\n            \n<div class=\"kksr-stars\">\n    \n<div class=\"kksr-stars-inactive\">\n            <div class=\"kksr-star\" data-star=\"1\" style=\"padding-right: 5px\">\n            \n\n<div class=\"kksr-icon\" style=\"width: 24px; height: 24px;\"><\/div>\n        <\/div>\n            <div class=\"kksr-star\" data-star=\"2\" style=\"padding-right: 5px\">\n            \n\n<div class=\"kksr-icon\" style=\"width: 24px; height: 24px;\"><\/div>\n        <\/div>\n            <div class=\"kksr-star\" data-star=\"3\" style=\"padding-right: 5px\">\n            \n\n<div class=\"kksr-icon\" style=\"width: 24px; height: 24px;\"><\/div>\n        <\/div>\n            <div class=\"kksr-star\" data-star=\"4\" style=\"padding-right: 5px\">\n            \n\n<div class=\"kksr-icon\" style=\"width: 24px; height: 24px;\"><\/div>\n        <\/div>\n            <div class=\"kksr-star\" data-star=\"5\" style=\"padding-right: 5px\">\n            \n\n<div class=\"kksr-icon\" style=\"width: 24px; height: 24px;\"><\/div>\n        <\/div>\n    <\/div>\n    \n<div class=\"kksr-stars-active\" style=\"width: 142.5px;\">\n            <div class=\"kksr-star\" style=\"padding-right: 5px\">\n            \n\n<div class=\"kksr-icon\" style=\"width: 24px; height: 24px;\"><\/div>\n        <\/div>\n            <div class=\"kksr-star\" style=\"padding-right: 5px\">\n            \n\n<div class=\"kksr-icon\" style=\"width: 24px; height: 24px;\"><\/div>\n        <\/div>\n            <div class=\"kksr-star\" style=\"padding-right: 5px\">\n            \n\n<div class=\"kksr-icon\" style=\"width: 24px; height: 24px;\"><\/div>\n        <\/div>\n            <div class=\"kksr-star\" style=\"padding-right: 5px\">\n            \n\n<div class=\"kksr-icon\" style=\"width: 24px; height: 24px;\"><\/div>\n        <\/div>\n            <div class=\"kksr-star\" style=\"padding-right: 5px\">\n            \n\n<div class=\"kksr-icon\" style=\"width: 24px; height: 24px;\"><\/div>\n        <\/div>\n    <\/div>\n<\/div>\n                \n\n<div class=\"kksr-legend\" style=\"font-size: 19.2px;\">\n            5\/5    <\/div>\n    <\/div>\n","protected":false},"excerpt":{"rendered":"<p>Nuestro pelo se expone a determinados factores perjudiciales durante el verano que pueden suponer un empeoramiento de nuestra salud capilar. Por estos motivos, hemos preparado una serie de recomendaciones que no pueden faltar en tu rutina de cuidado capilar durante los meses m\u00e1s calurosos del a\u00f1o. Principales consejos para cuidar<\/p>\n","protected":false},"author":10,"featured_media":564,"comment_status":"open","ping_status":"open","sticky":false,"template":"","format":"standard","meta":{"footnotes":""},"categories":[9,11,12,6,17],"tags":[],"yoast_head":"<!-- This site is optimized with the Yoast SEO plugin v22.6 - https:\/\/yoast.com\/wordpress\/plugins\/seo\/ -->\n<title>\u00bfC\u00f3mo Cuidar el Pelo en Verano?<\/title>\n<meta name=\"description\" content=\"Se acerca el verano y es importante protegernos del sol y otros peligros para nuestro pelo \u2714\ufe0f \u00a1Te contamos c\u00f3mo!\" \/>\n<meta name=\"robots\" content=\"index, follow, max-snippet:-1, max-image-preview:large, max-video-preview:-1\" \/>\n<link rel=\"canonical\" href=\"https:\/\/armoniabio.com\/blog\/cuidas-tu-pelo-en-verano\/\" \/>\n<meta property=\"og:locale\" content=\"es_ES\" \/>\n<meta property=\"og:type\" content=\"article\" \/>\n<meta property=\"og:title\" content=\"\u00bfC\u00f3mo Cuidar el Pelo en Verano?\" \/>\n<meta property=\"og:description\" content=\"Se acerca el verano y es importante protegernos del sol y otros peligros para nuestro pelo \u2714\ufe0f \u00a1Te contamos c\u00f3mo!\" \/>\n<meta property=\"og:url\" content=\"https:\/\/armoniabio.com\/blog\/cuidas-tu-pelo-en-verano\/\" \/>\n<meta property=\"og:site_name\" content=\"Blog armon\u00eda\" \/>\n<meta property=\"article:publisher\" content=\"https:\/\/www.facebook.com\/ArmoniaCosmetica\/\" \/>\n<meta property=\"article:published_time\" content=\"2019-07-30T11:01:39+00:00\" \/>\n<meta property=\"article:modified_time\" content=\"2021-07-21T09:01:20+00:00\" \/>\n<meta property=\"og:image\" content=\"https:\/\/armoniabio.com\/blog\/wp-content\/uploads\/2019\/07\/149-large.jpg\" \/>\n\t<meta property=\"og:image:width\" content=\"812\" \/>\n\t<meta property=\"og:image:height\" content=\"580\" \/>\n\t<meta property=\"og:image:type\" content=\"image\/jpeg\" \/>\n<meta name=\"author\" content=\"Ana de Sus\" \/>\n<meta name=\"twitter:card\" content=\"summary_large_image\" \/>\n<meta name=\"twitter:creator\" content=\"@armoniabio\" \/>\n<meta name=\"twitter:site\" content=\"@armoniabio\" \/>\n<script type=\"application\/ld+json\" class=\"yoast-schema-graph\">{\"@context\":\"https:\/\/schema.org\",\"@graph\":[{\"@type\":\"Article\",\"@id\":\"https:\/\/armoniabio.com\/blog\/cuidas-tu-pelo-en-verano\/#article\",\"isPartOf\":{\"@id\":\"https:\/\/armoniabio.com\/blog\/cuidas-tu-pelo-en-verano\/\"},\"author\":{\"name\":\"Ana de Sus\",\"@id\":\"https:\/\/armoniabio.com\/blog\/#\/schema\/person\/1283d62e62bbb3a937177b0816975498\"},\"headline\":\"\u00bfC\u00f3mo cuidar nuestro pelo en verano?\",\"datePublished\":\"2019-07-30T11:01:39+00:00\",\"dateModified\":\"2021-07-21T09:01:20+00:00\",\"mainEntityOfPage\":{\"@id\":\"https:\/\/armoniabio.com\/blog\/cuidas-tu-pelo-en-verano\/\"},\"wordCount\":558,\"commentCount\":0,\"publisher\":{\"@id\":\"https:\/\/armoniabio.com\/blog\/#organization\"},\"image\":{\"@id\":\"https:\/\/armoniabio.com\/blog\/cuidas-tu-pelo-en-verano\/#primaryimage\"},\"thumbnailUrl\":\"https:\/\/armoniabio.com\/blog\/wp-content\/uploads\/2019\/07\/149-large.jpg\",\"articleSection\":[\"Belleza\",\"Capilar\",\"Consejo de experta\",\"Corporal y solar\",\"Tiempo libre\"],\"inLanguage\":\"es\",\"potentialAction\":[{\"@type\":\"CommentAction\",\"name\":\"Comment\",\"target\":[\"https:\/\/armoniabio.com\/blog\/cuidas-tu-pelo-en-verano\/#respond\"]}]},{\"@type\":\"WebPage\",\"@id\":\"https:\/\/armoniabio.com\/blog\/cuidas-tu-pelo-en-verano\/\",\"url\":\"https:\/\/armoniabio.com\/blog\/cuidas-tu-pelo-en-verano\/\",\"name\":\"\u00bfC\u00f3mo Cuidar el Pelo en Verano?\",\"isPartOf\":{\"@id\":\"https:\/\/armoniabio.com\/blog\/#website\"},\"primaryImageOfPage\":{\"@id\":\"https:\/\/armoniabio.com\/blog\/cuidas-tu-pelo-en-verano\/#primaryimage\"},\"image\":{\"@id\":\"https:\/\/armoniabio.com\/blog\/cuidas-tu-pelo-en-verano\/#primaryimage\"},\"thumbnailUrl\":\"https:\/\/armoniabio.com\/blog\/wp-content\/uploads\/2019\/07\/149-large.jpg\",\"datePublished\":\"2019-07-30T11:01:39+00:00\",\"dateModified\":\"2021-07-21T09:01:20+00:00\",\"description\":\"Se acerca el verano y es importante protegernos del sol y otros peligros para nuestro pelo \u2714\ufe0f \u00a1Te contamos c\u00f3mo!\",\"breadcrumb\":{\"@id\":\"https:\/\/armoniabio.com\/blog\/cuidas-tu-pelo-en-verano\/#breadcrumb\"},\"inLanguage\":\"es\",\"potentialAction\":[{\"@type\":\"ReadAction\",\"target\":[\"https:\/\/armoniabio.com\/blog\/cuidas-tu-pelo-en-verano\/\"]}]},{\"@type\":\"ImageObject\",\"inLanguage\":\"es\",\"@id\":\"https:\/\/armoniabio.com\/blog\/cuidas-tu-pelo-en-verano\/#primaryimage\",\"url\":\"https:\/\/armoniabio.com\/blog\/wp-content\/uploads\/2019\/07\/149-large.jpg\",\"contentUrl\":\"https:\/\/armoniabio.com\/blog\/wp-content\/uploads\/2019\/07\/149-large.jpg\",\"width\":812,\"height\":580,\"caption\":\"\u00bfC\u00f3mo Cuidar el Pelo en Verano?\"},{\"@type\":\"BreadcrumbList\",\"@id\":\"https:\/\/armoniabio.com\/blog\/cuidas-tu-pelo-en-verano\/#breadcrumb\",\"itemListElement\":[{\"@type\":\"ListItem\",\"position\":1,\"name\":\"Portada\",\"item\":\"https:\/\/armoniabio.com\/blog\/\"},{\"@type\":\"ListItem\",\"position\":2,\"name\":\"\u00bfC\u00f3mo cuidar nuestro pelo en verano?\"}]},{\"@type\":\"WebSite\",\"@id\":\"https:\/\/armoniabio.com\/blog\/#website\",\"url\":\"https:\/\/armoniabio.com\/blog\/\",\"name\":\"Blog armon\u00eda\",\"description\":\"\",\"publisher\":{\"@id\":\"https:\/\/armoniabio.com\/blog\/#organization\"},\"potentialAction\":[{\"@type\":\"SearchAction\",\"target\":{\"@type\":\"EntryPoint\",\"urlTemplate\":\"https:\/\/armoniabio.com\/blog\/?s={search_term_string}\"},\"query-input\":\"required name=search_term_string\"}],\"inLanguage\":\"es\"},{\"@type\":\"Organization\",\"@id\":\"https:\/\/armoniabio.com\/blog\/#organization\",\"name\":\"Armon\u00eda Cosm\u00e9tica Natural\",\"url\":\"https:\/\/armoniabio.com\/blog\/\",\"logo\":{\"@type\":\"ImageObject\",\"inLanguage\":\"es\",\"@id\":\"https:\/\/armoniabio.com\/blog\/#\/schema\/logo\/image\/\",\"url\":\"http:\/\/armoniabio.com\/blog\/wp-content\/uploads\/2021\/04\/logo_armoniabio.svg\",\"contentUrl\":\"http:\/\/armoniabio.com\/blog\/wp-content\/uploads\/2021\/04\/logo_armoniabio.svg\",\"width\":1,\"height\":1,\"caption\":\"Armon\u00eda Cosm\u00e9tica Natural\"},\"image\":{\"@id\":\"https:\/\/armoniabio.com\/blog\/#\/schema\/logo\/image\/\"},\"sameAs\":[\"https:\/\/www.facebook.com\/ArmoniaCosmetica\/\",\"https:\/\/x.com\/armoniabio\",\"https:\/\/www.instagram.com\/armoniabio\/\",\"https:\/\/www.pinterest.es\/armonacosmticanatural\/\",\"https:\/\/www.youtube.com\/channel\/UCvRU98h_rm6BNIt8CAJtQbw\"]},{\"@type\":\"Person\",\"@id\":\"https:\/\/armoniabio.com\/blog\/#\/schema\/person\/1283d62e62bbb3a937177b0816975498\",\"name\":\"Ana de Sus\"}]}<\/script>\n<!-- \/ Yoast SEO plugin. -->","yoast_head_json":{"title":"\u00bfC\u00f3mo Cuidar el Pelo en Verano?","description":"Se acerca el verano y es importante protegernos del sol y otros peligros para nuestro pelo \u2714\ufe0f \u00a1Te contamos c\u00f3mo!","robots":{"index":"index","follow":"follow","max-snippet":"max-snippet:-1","max-image-preview":"max-image-preview:large","max-video-preview":"max-video-preview:-1"},"canonical":"https:\/\/armoniabio.com\/blog\/cuidas-tu-pelo-en-verano\/","og_locale":"es_ES","og_type":"article","og_title":"\u00bfC\u00f3mo Cuidar el Pelo en Verano?","og_description":"Se acerca el verano y es importante protegernos del sol y otros peligros para nuestro pelo \u2714\ufe0f \u00a1Te contamos c\u00f3mo!","og_url":"https:\/\/armoniabio.com\/blog\/cuidas-tu-pelo-en-verano\/","og_site_name":"Blog armon\u00eda","article_publisher":"https:\/\/www.facebook.com\/ArmoniaCosmetica\/","article_published_time":"2019-07-30T11:01:39+00:00","article_modified_time":"2021-07-21T09:01:20+00:00","og_image":[{"width":812,"height":580,"url":"https:\/\/armoniabio.com\/blog\/wp-content\/uploads\/2019\/07\/149-large.jpg","type":"image\/jpeg"}],"author":"Ana de Sus","twitter_card":"summary_large_image","twitter_creator":"@armoniabio","twitter_site":"@armoniabio","schema":{"@context":"https:\/\/schema.org","@graph":[{"@type":"Article","@id":"https:\/\/armoniabio.com\/blog\/cuidas-tu-pelo-en-verano\/#article","isPartOf":{"@id":"https:\/\/armoniabio.com\/blog\/cuidas-tu-pelo-en-verano\/"},"author":{"name":"Ana de Sus","@id":"https:\/\/armoniabio.com\/blog\/#\/schema\/person\/1283d62e62bbb3a937177b0816975498"},"headline":"\u00bfC\u00f3mo cuidar nuestro pelo en verano?","datePublished":"2019-07-30T11:01:39+00:00","dateModified":"2021-07-21T09:01:20+00:00","mainEntityOfPage":{"@id":"https:\/\/armoniabio.com\/blog\/cuidas-tu-pelo-en-verano\/"},"wordCount":558,"commentCount":0,"publisher":{"@id":"https:\/\/armoniabio.com\/blog\/#organization"},"image":{"@id":"https:\/\/armoniabio.com\/blog\/cuidas-tu-pelo-en-verano\/#primaryimage"},"thumbnailUrl":"https:\/\/armoniabio.com\/blog\/wp-content\/uploads\/2019\/07\/149-large.jpg","articleSection":["Belleza","Capilar","Consejo de experta","Corporal y solar","Tiempo libre"],"inLanguage":"es","potentialAction":[{"@type":"CommentAction","name":"Comment","target":["https:\/\/armoniabio.com\/blog\/cuidas-tu-pelo-en-verano\/#respond"]}]},{"@type":"WebPage","@id":"https:\/\/armoniabio.com\/blog\/cuidas-tu-pelo-en-verano\/","url":"https:\/\/armoniabio.com\/blog\/cuidas-tu-pelo-en-verano\/","name":"\u00bfC\u00f3mo Cuidar el Pelo en Verano?","isPartOf":{"@id":"https:\/\/armoniabio.com\/blog\/#website"},"primaryImageOfPage":{"@id":"https:\/\/armoniabio.com\/blog\/cuidas-tu-pelo-en-verano\/#primaryimage"},"image":{"@id":"https:\/\/armoniabio.com\/blog\/cuidas-tu-pelo-en-verano\/#primaryimage"},"thumbnailUrl":"https:\/\/armoniabio.com\/blog\/wp-content\/uploads\/2019\/07\/149-large.jpg","datePublished":"2019-07-30T11:01:39+00:00","dateModified":"2021-07-21T09:01:20+00:00","description":"Se acerca el verano y es importante protegernos del sol y otros peligros para nuestro pelo \u2714\ufe0f \u00a1Te contamos c\u00f3mo!","breadcrumb":{"@id":"https:\/\/armoniabio.com\/blog\/cuidas-tu-pelo-en-verano\/#breadcrumb"},"inLanguage":"es","potentialAction":[{"@type":"ReadAction","target":["https:\/\/armoniabio.com\/blog\/cuidas-tu-pelo-en-verano\/"]}]},{"@type":"ImageObject","inLanguage":"es","@id":"https:\/\/armoniabio.com\/blog\/cuidas-tu-pelo-en-verano\/#primaryimage","url":"https:\/\/armoniabio.com\/blog\/wp-content\/uploads\/2019\/07\/149-large.jpg","contentUrl":"https:\/\/armoniabio.com\/blog\/wp-content\/uploads\/2019\/07\/149-large.jpg","width":812,"height":580,"caption":"\u00bfC\u00f3mo Cuidar el Pelo en Verano?"},{"@type":"BreadcrumbList","@id":"https:\/\/armoniabio.com\/blog\/cuidas-tu-pelo-en-verano\/#breadcrumb","itemListElement":[{"@type":"ListItem","position":1,"name":"Portada","item":"https:\/\/armoniabio.com\/blog\/"},{"@type":"ListItem","position":2,"name":"\u00bfC\u00f3mo cuidar nuestro pelo en verano?"}]},{"@type":"WebSite","@id":"https:\/\/armoniabio.com\/blog\/#website","url":"https:\/\/armoniabio.com\/blog\/","name":"Blog armon\u00eda","description":"","publisher":{"@id":"https:\/\/armoniabio.com\/blog\/#organization"},"potentialAction":[{"@type":"SearchAction","target":{"@type":"EntryPoint","urlTemplate":"https:\/\/armoniabio.com\/blog\/?s={search_term_string}"},"query-input":"required name=search_term_string"}],"inLanguage":"es"},{"@type":"Organization","@id":"https:\/\/armoniabio.com\/blog\/#organization","name":"Armon\u00eda Cosm\u00e9tica Natural","url":"https:\/\/armoniabio.com\/blog\/","logo":{"@type":"ImageObject","inLanguage":"es","@id":"https:\/\/armoniabio.com\/blog\/#\/schema\/logo\/image\/","url":"http:\/\/armoniabio.com\/blog\/wp-content\/uploads\/2021\/04\/logo_armoniabio.svg","contentUrl":"http:\/\/armoniabio.com\/blog\/wp-content\/uploads\/2021\/04\/logo_armoniabio.svg","width":1,"height":1,"caption":"Armon\u00eda Cosm\u00e9tica Natural"},"image":{"@id":"https:\/\/armoniabio.com\/blog\/#\/schema\/logo\/image\/"},"sameAs":["https:\/\/www.facebook.com\/ArmoniaCosmetica\/","https:\/\/x.com\/armoniabio","https:\/\/www.instagram.com\/armoniabio\/","https:\/\/www.pinterest.es\/armonacosmticanatural\/","https:\/\/www.youtube.com\/channel\/UCvRU98h_rm6BNIt8CAJtQbw"]},{"@type":"Person","@id":"https:\/\/armoniabio.com\/blog\/#\/schema\/person\/1283d62e62bbb3a937177b0816975498","name":"Ana de Sus"}]}},"_links":{"self":[{"href":"https:\/\/armoniabio.com\/blog\/wp-json\/wp\/v2\/posts\/529"}],"collection":[{"href":"https:\/\/armoniabio.com\/blog\/wp-json\/wp\/v2\/posts"}],"about":[{"href":"https:\/\/armoniabio.com\/blog\/wp-json\/wp\/v2\/types\/post"}],"author":[{"embeddable":true,"href":"https:\/\/armoniabio.com\/blog\/wp-json\/wp\/v2\/users\/10"}],"replies":[{"embeddable":true,"href":"https:\/\/armoniabio.com\/blog\/wp-json\/wp\/v2\/comments?post=529"}],"version-history":[{"count":6,"href":"https:\/\/armoniabio.com\/blog\/wp-json\/wp\/v2\/posts\/529\/revisions"}],"predecessor-version":[{"id":1119,"href":"https:\/\/armoniabio.com\/blog\/wp-json\/wp\/v2\/posts\/529\/revisions\/1119"}],"wp:featuredmedia":[{"embeddable":true,"href":"https:\/\/armoniabio.com\/blog\/wp-json\/wp\/v2\/media\/564"}],"wp:attachment":[{"href":"https:\/\/armoniabio.com\/blog\/wp-json\/wp\/v2\/media?parent=529"}],"wp:term":[{"taxonomy":"category","embeddable":true,"href":"https:\/\/armoniabio.com\/blog\/wp-json\/wp\/v2\/categories?post=529"},{"taxonomy":"post_tag","embeddable":true,"href":"https:\/\/armoniabio.com\/blog\/wp-json\/wp\/v2\/tags?post=529"}],"curies":[{"name":"wp","href":"https:\/\/api.w.org\/{rel}","templated":true}]}}