{"id":523,"date":"2019-05-27T13:14:33","date_gmt":"2019-05-27T11:14:33","guid":{"rendered":""},"modified":"2021-11-12T12:19:56","modified_gmt":"2021-11-12T11:19:56","slug":"claves-para-cuidar-y-calmar-la-piel-sensible-de-tu-bebe","status":"publish","type":"post","link":"https:\/\/armoniabio.com\/blog\/claves-para-cuidar-y-calmar-la-piel-sensible-de-tu-bebe\/","title":{"rendered":"Claves para cuidar y calmar la piel sensible de tu beb\u00e9"},"content":{"rendered":"<p><span style=\"font-family: arial, helvetica, sans-serif; font-size: 12pt;\">Por ello, nuestra gama de beb\u00e9, <strong>certificada por Ecocert,<\/strong> est\u00e1 compuesta por productos <strong>ecol\u00f3gicos y biol\u00f3gicos<\/strong> desarrollados bajo control dermatol\u00f3gico, que garantizan el cuidado natural de la piel de los m\u00e1s peques.<\/span><\/p>\n<p><span style=\"font-family: arial, helvetica, sans-serif; font-size: 12pt;\">El desarrollo completo de la piel del beb\u00e9 se lleva a cabo durante varios a\u00f1os; de hecho, hasta los 3 a\u00f1os de vida su \u201cbarrera cut\u00e1nea\u201d, la encargada de defender al beb\u00e9 de las agresiones externas, no habr\u00e1 terminado de desarrollarse. Por eso, la piel del beb\u00e9, tan <strong>fr\u00e1gil y delicada<\/strong>, precisa de un cuidado especial.<\/span><\/p>\n<p><span style=\"font-family: arial, helvetica, sans-serif; font-size: 12pt;\">La gama Armon\u00eda Bio Beb\u00e9 est\u00e1 pensada para <strong>proteger la piel de nuestro beb\u00e9 desde el primer d\u00eda de vida<\/strong>, su formulaci\u00f3n se adapta a la piel m\u00e1s sensible y fr\u00e1gil del reci\u00e9n nacido. Todos los productos contienen <strong>m\u00e1s de un 98% de ingredientes naturales, gran parte de ellos procedentes de la agricultura ecol\u00f3gica.<\/strong><\/span><\/p>\n<p><span style=\"font-family: arial, helvetica, sans-serif; font-size: 12pt;\">Nuestro consejo es que escoj\u00e1is productos <strong>suaves, no perfumados, cuanto m\u00e1s naturales mejor y con pH neutro.<\/strong><\/span><\/p>\n<p><span style=\"font-family: arial, helvetica, sans-serif; font-size: 12pt;\"><br \/>\nVamos a analizar las distintas situaciones cotidianas, en las que la piel del beb\u00e9 puede verse alterada y debemos prestarle especial atenci\u00f3n:<\/span><\/p>\n<p><span style=\"font-family: arial, helvetica, sans-serif; font-size: 12pt;\"><strong>1. La hora del ba\u00f1o. <\/strong>Para realizar <strong>una limpieza suave<\/strong> busca una f\u00f3rmula que aporte una limpieza agradable, que calme irritaciones y a la vez aporte tambi\u00e9n nutrici\u00f3n y protecci\u00f3n, respetando al m\u00e1ximo la delicadeza de su piel.<\/span><\/p>\n<p><span style=\"font-family: arial, helvetica, sans-serif; font-size: 12pt;\"><strong><em>Nuestra recomendaci\u00f3n:\u00a0<\/em><\/strong><span style=\"color: #99cc00;\"><em><span style=\"color: #99cc00;\">Champ\u00fa gel de ba\u00f1o suave para beb\u00e9s<\/span><\/em><\/span><em>,<\/em> una f\u00f3rmula <strong>sin jab\u00f3n<\/strong> que limpia de forma especialmente suave la piel y el cabello del beb\u00e9 gracias a su base lavante natural, sin irritar ni sus ojos ni su piel.<\/span><\/p>\n<p><span style=\"font-family: arial, helvetica, sans-serif; font-size: 12pt;\">Calienta el agua y \u00a1a disfrutar de ese momento tan vuestro!<\/span><\/p>\n<p><span style=\"font-family: arial, helvetica, sans-serif; font-size: 12pt;\"><strong>2. Es la hora de \u00a1hidratarse! <\/strong>Todos los productos que utilic\u00e9is, deben ir destinados a proteger y mantener la <strong>funci\u00f3n barrera<\/strong>. Te aconsejamos utilizar una crema hidratante espec\u00edfica para el beb\u00e9, sin perfumes y con componentes lip\u00eddicos.<\/span><\/p>\n<p><span style=\"font-family: arial, helvetica, sans-serif; font-size: 12pt;\"><strong><em>Nuestra recomendaci\u00f3n<\/em><\/strong><em>: Crema hidratante de rostro y cuerpo<\/em><em>, <\/em>rica en rosa mosqueta y manteca de karit\u00e9, <strong>hidrata prolongadamente<\/strong> manteniendo de forma natural su equilibrio hidrolip\u00eddico. Adem\u00e1s, la rosa mosqueta activa la acci\u00f3n regeneradora y protectora de la piel.<\/span><\/p>\n<p><span style=\"font-family: arial, helvetica, sans-serif; font-size: 12pt;\">Aplica la loci\u00f3n corporal a diario despu\u00e9s de cada ba\u00f1o y antes de vestirle, ya que la piel estar\u00e1 m\u00e1s permeable y penetrar\u00e1n mejor los activos.<\/span><\/p>\n<p><span style=\"font-family: arial, helvetica, sans-serif; font-size: 12pt;\">Aprovecha este momento y convi\u00e9rtelo en vuestro momento spa, realiza un suave masaje por la tripita, muslos y espalda de forma descendente.<\/span><\/p>\n<p><span style=\"font-family: arial, helvetica, sans-serif; font-size: 12pt;\"><strong>3. Y ahora, \u00a1el pa\u00f1al!\u00a0<\/strong>El pa\u00f1al genera la oclusi\u00f3n de la piel aumentando la susceptibilidad a la fricci\u00f3n y favoreciendo el crecimiento de microorganismos. Por eso el momento del <strong>cambio de pa\u00f1al<\/strong> es uno de los m\u00e1s importantes.<\/span><\/p>\n<p><span style=\"font-family: arial, helvetica, sans-serif; font-size: 12pt;\"><strong><em>Nuestra recomendaci\u00f3n:<\/em><\/strong>Deja respirar bien la zona del pa\u00f1al. Tras unos minutos con el culito al aire, aplica la crema de pa\u00f1al dejando una capa blanca uniforme.<\/span><\/p>\n<p><span style=\"font-family: arial, helvetica, sans-serif; font-size: 12pt;\">Para<strong> evitar la dermatitis de pa\u00f1al<\/strong> utiliza nuestra crema de pa\u00f1al<em>\u00a0<\/em>que <strong>previene la irritaci\u00f3n y protege<\/strong> la piel del beb\u00e9 de las agresiones producidas por la orina, heces y el roce. La rosa mosqueta, el karit\u00e9 y el aloe vera son extractos ecol\u00f3gicos suaves que regenerar\u00e1n y cuidar\u00e1n la piel de su culito.<\/span><\/p>\n\n\n<div class=\"kk-star-ratings kksr-auto kksr-align-left kksr-valign-bottom\"\n    data-payload='{&quot;align&quot;:&quot;left&quot;,&quot;id&quot;:&quot;523&quot;,&quot;slug&quot;:&quot;default&quot;,&quot;valign&quot;:&quot;bottom&quot;,&quot;ignore&quot;:&quot;&quot;,&quot;reference&quot;:&quot;auto&quot;,&quot;class&quot;:&quot;&quot;,&quot;count&quot;:&quot;2&quot;,&quot;legendonly&quot;:&quot;&quot;,&quot;readonly&quot;:&quot;&quot;,&quot;score&quot;:&quot;4.5&quot;,&quot;starsonly&quot;:&quot;&quot;,&quot;best&quot;:&quot;5&quot;,&quot;gap&quot;:&quot;5&quot;,&quot;greet&quot;:&quot;\\u00bfTe ha gustado nuestro contenido?&quot;,&quot;legend&quot;:&quot;4.5\\\/5&quot;,&quot;size&quot;:&quot;24&quot;,&quot;title&quot;:&quot;Claves para cuidar y calmar la piel sensible de tu beb\\u00e9&quot;,&quot;width&quot;:&quot;128&quot;,&quot;_legend&quot;:&quot;{score}\\\/{best}&quot;,&quot;font_factor&quot;:&quot;1.25&quot;}'>\n            \n<div class=\"kksr-stars\">\n    \n<div class=\"kksr-stars-inactive\">\n            <div class=\"kksr-star\" data-star=\"1\" style=\"padding-right: 5px\">\n            \n\n<div class=\"kksr-icon\" style=\"width: 24px; height: 24px;\"><\/div>\n        <\/div>\n            <div class=\"kksr-star\" data-star=\"2\" style=\"padding-right: 5px\">\n            \n\n<div class=\"kksr-icon\" style=\"width: 24px; height: 24px;\"><\/div>\n        <\/div>\n            <div class=\"kksr-star\" data-star=\"3\" style=\"padding-right: 5px\">\n            \n\n<div class=\"kksr-icon\" style=\"width: 24px; height: 24px;\"><\/div>\n        <\/div>\n            <div class=\"kksr-star\" data-star=\"4\" style=\"padding-right: 5px\">\n            \n\n<div class=\"kksr-icon\" style=\"width: 24px; height: 24px;\"><\/div>\n        <\/div>\n            <div class=\"kksr-star\" data-star=\"5\" style=\"padding-right: 5px\">\n            \n\n<div class=\"kksr-icon\" style=\"width: 24px; height: 24px;\"><\/div>\n        <\/div>\n    <\/div>\n    \n<div class=\"kksr-stars-active\" style=\"width: 128px;\">\n            <div class=\"kksr-star\" style=\"padding-right: 5px\">\n            \n\n<div class=\"kksr-icon\" style=\"width: 24px; height: 24px;\"><\/div>\n        <\/div>\n            <div class=\"kksr-star\" style=\"padding-right: 5px\">\n            \n\n<div class=\"kksr-icon\" style=\"width: 24px; height: 24px;\"><\/div>\n        <\/div>\n            <div class=\"kksr-star\" style=\"padding-right: 5px\">\n            \n\n<div class=\"kksr-icon\" style=\"width: 24px; height: 24px;\"><\/div>\n        <\/div>\n            <div class=\"kksr-star\" style=\"padding-right: 5px\">\n            \n\n<div class=\"kksr-icon\" style=\"width: 24px; height: 24px;\"><\/div>\n        <\/div>\n            <div class=\"kksr-star\" style=\"padding-right: 5px\">\n            \n\n<div class=\"kksr-icon\" style=\"width: 24px; height: 24px;\"><\/div>\n        <\/div>\n    <\/div>\n<\/div>\n                \n\n<div class=\"kksr-legend\" style=\"font-size: 19.2px;\">\n            4.5\/5    <\/div>\n    <\/div>\n","protected":false},"excerpt":{"rendered":"<p>Por ello, nuestra gama de beb\u00e9, certificada por Ecocert, est\u00e1 compuesta por productos ecol\u00f3gicos y biol\u00f3gicos desarrollados bajo control dermatol\u00f3gico, que garantizan el cuidado natural de la piel de los m\u00e1s peques. El desarrollo completo de la piel del beb\u00e9 se lleva a cabo durante varios a\u00f1os; de hecho, hasta<\/p>\n","protected":false},"author":10,"featured_media":578,"comment_status":"open","ping_status":"open","sticky":false,"template":"","format":"standard","meta":{"footnotes":""},"categories":[13],"tags":[],"yoast_head":"<!-- This site is optimized with the Yoast SEO plugin v22.6 - https:\/\/yoast.com\/wordpress\/plugins\/seo\/ -->\n<title>Claves para cuidar y calmar la piel sensible de tu beb\u00e9<\/title>\n<meta name=\"robots\" content=\"index, follow, max-snippet:-1, max-image-preview:large, max-video-preview:-1\" \/>\n<link rel=\"canonical\" href=\"https:\/\/armoniabio.com\/blog\/claves-para-cuidar-y-calmar-la-piel-sensible-de-tu-bebe\/\" \/>\n<meta property=\"og:locale\" content=\"es_ES\" \/>\n<meta property=\"og:type\" content=\"article\" \/>\n<meta property=\"og:title\" content=\"Claves para cuidar y calmar la piel sensible de tu beb\u00e9\" \/>\n<meta property=\"og:description\" content=\"Por ello, nuestra gama de beb\u00e9, certificada por Ecocert, est\u00e1 compuesta por productos ecol\u00f3gicos y biol\u00f3gicos desarrollados bajo control dermatol\u00f3gico, que garantizan el cuidado natural de la piel de los m\u00e1s peques. El desarrollo completo de la piel del beb\u00e9 se lleva a cabo durante varios a\u00f1os; de hecho, hasta\" \/>\n<meta property=\"og:url\" content=\"https:\/\/armoniabio.com\/blog\/claves-para-cuidar-y-calmar-la-piel-sensible-de-tu-bebe\/\" \/>\n<meta property=\"og:site_name\" content=\"Blog armon\u00eda\" \/>\n<meta property=\"article:publisher\" content=\"https:\/\/www.facebook.com\/ArmoniaCosmetica\/\" \/>\n<meta property=\"article:published_time\" content=\"2019-05-27T11:14:33+00:00\" \/>\n<meta property=\"article:modified_time\" content=\"2021-11-12T11:19:56+00:00\" \/>\n<meta property=\"og:image\" content=\"https:\/\/armoniabio.com\/blog\/wp-content\/uploads\/2019\/05\/143-large.jpg\" \/>\n\t<meta property=\"og:image:width\" content=\"812\" \/>\n\t<meta property=\"og:image:height\" content=\"580\" \/>\n\t<meta property=\"og:image:type\" content=\"image\/jpeg\" \/>\n<meta name=\"author\" content=\"Ana de Sus\" \/>\n<meta name=\"twitter:card\" content=\"summary_large_image\" \/>\n<meta name=\"twitter:creator\" content=\"@armoniabio\" \/>\n<meta name=\"twitter:site\" content=\"@armoniabio\" \/>\n<script type=\"application\/ld+json\" class=\"yoast-schema-graph\">{\"@context\":\"https:\/\/schema.org\",\"@graph\":[{\"@type\":\"Article\",\"@id\":\"https:\/\/armoniabio.com\/blog\/claves-para-cuidar-y-calmar-la-piel-sensible-de-tu-bebe\/#article\",\"isPartOf\":{\"@id\":\"https:\/\/armoniabio.com\/blog\/claves-para-cuidar-y-calmar-la-piel-sensible-de-tu-bebe\/\"},\"author\":{\"name\":\"Ana de Sus\",\"@id\":\"https:\/\/armoniabio.com\/blog\/#\/schema\/person\/1283d62e62bbb3a937177b0816975498\"},\"headline\":\"Claves para cuidar y calmar la piel sensible de tu beb\u00e9\",\"datePublished\":\"2019-05-27T11:14:33+00:00\",\"dateModified\":\"2021-11-12T11:19:56+00:00\",\"mainEntityOfPage\":{\"@id\":\"https:\/\/armoniabio.com\/blog\/claves-para-cuidar-y-calmar-la-piel-sensible-de-tu-bebe\/\"},\"wordCount\":578,\"commentCount\":0,\"publisher\":{\"@id\":\"https:\/\/armoniabio.com\/blog\/#organization\"},\"image\":{\"@id\":\"https:\/\/armoniabio.com\/blog\/claves-para-cuidar-y-calmar-la-piel-sensible-de-tu-bebe\/#primaryimage\"},\"thumbnailUrl\":\"https:\/\/armoniabio.com\/blog\/wp-content\/uploads\/2019\/05\/143-large.jpg\",\"articleSection\":[\"Ni\u00f1os y beb\u00e9s\"],\"inLanguage\":\"es\",\"potentialAction\":[{\"@type\":\"CommentAction\",\"name\":\"Comment\",\"target\":[\"https:\/\/armoniabio.com\/blog\/claves-para-cuidar-y-calmar-la-piel-sensible-de-tu-bebe\/#respond\"]}]},{\"@type\":\"WebPage\",\"@id\":\"https:\/\/armoniabio.com\/blog\/claves-para-cuidar-y-calmar-la-piel-sensible-de-tu-bebe\/\",\"url\":\"https:\/\/armoniabio.com\/blog\/claves-para-cuidar-y-calmar-la-piel-sensible-de-tu-bebe\/\",\"name\":\"Claves para cuidar y calmar la piel sensible de tu beb\u00e9\",\"isPartOf\":{\"@id\":\"https:\/\/armoniabio.com\/blog\/#website\"},\"primaryImageOfPage\":{\"@id\":\"https:\/\/armoniabio.com\/blog\/claves-para-cuidar-y-calmar-la-piel-sensible-de-tu-bebe\/#primaryimage\"},\"image\":{\"@id\":\"https:\/\/armoniabio.com\/blog\/claves-para-cuidar-y-calmar-la-piel-sensible-de-tu-bebe\/#primaryimage\"},\"thumbnailUrl\":\"https:\/\/armoniabio.com\/blog\/wp-content\/uploads\/2019\/05\/143-large.jpg\",\"datePublished\":\"2019-05-27T11:14:33+00:00\",\"dateModified\":\"2021-11-12T11:19:56+00:00\",\"breadcrumb\":{\"@id\":\"https:\/\/armoniabio.com\/blog\/claves-para-cuidar-y-calmar-la-piel-sensible-de-tu-bebe\/#breadcrumb\"},\"inLanguage\":\"es\",\"potentialAction\":[{\"@type\":\"ReadAction\",\"target\":[\"https:\/\/armoniabio.com\/blog\/claves-para-cuidar-y-calmar-la-piel-sensible-de-tu-bebe\/\"]}]},{\"@type\":\"ImageObject\",\"inLanguage\":\"es\",\"@id\":\"https:\/\/armoniabio.com\/blog\/claves-para-cuidar-y-calmar-la-piel-sensible-de-tu-bebe\/#primaryimage\",\"url\":\"https:\/\/armoniabio.com\/blog\/wp-content\/uploads\/2019\/05\/143-large.jpg\",\"contentUrl\":\"https:\/\/armoniabio.com\/blog\/wp-content\/uploads\/2019\/05\/143-large.jpg\",\"width\":812,\"height\":580},{\"@type\":\"BreadcrumbList\",\"@id\":\"https:\/\/armoniabio.com\/blog\/claves-para-cuidar-y-calmar-la-piel-sensible-de-tu-bebe\/#breadcrumb\",\"itemListElement\":[{\"@type\":\"ListItem\",\"position\":1,\"name\":\"Portada\",\"item\":\"https:\/\/armoniabio.com\/blog\/\"},{\"@type\":\"ListItem\",\"position\":2,\"name\":\"Claves para cuidar y calmar la piel sensible de tu beb\u00e9\"}]},{\"@type\":\"WebSite\",\"@id\":\"https:\/\/armoniabio.com\/blog\/#website\",\"url\":\"https:\/\/armoniabio.com\/blog\/\",\"name\":\"Blog armon\u00eda\",\"description\":\"\",\"publisher\":{\"@id\":\"https:\/\/armoniabio.com\/blog\/#organization\"},\"potentialAction\":[{\"@type\":\"SearchAction\",\"target\":{\"@type\":\"EntryPoint\",\"urlTemplate\":\"https:\/\/armoniabio.com\/blog\/?s={search_term_string}\"},\"query-input\":\"required name=search_term_string\"}],\"inLanguage\":\"es\"},{\"@type\":\"Organization\",\"@id\":\"https:\/\/armoniabio.com\/blog\/#organization\",\"name\":\"Armon\u00eda Cosm\u00e9tica Natural\",\"url\":\"https:\/\/armoniabio.com\/blog\/\",\"logo\":{\"@type\":\"ImageObject\",\"inLanguage\":\"es\",\"@id\":\"https:\/\/armoniabio.com\/blog\/#\/schema\/logo\/image\/\",\"url\":\"http:\/\/armoniabio.com\/blog\/wp-content\/uploads\/2021\/04\/logo_armoniabio.svg\",\"contentUrl\":\"http:\/\/armoniabio.com\/blog\/wp-content\/uploads\/2021\/04\/logo_armoniabio.svg\",\"width\":1,\"height\":1,\"caption\":\"Armon\u00eda Cosm\u00e9tica Natural\"},\"image\":{\"@id\":\"https:\/\/armoniabio.com\/blog\/#\/schema\/logo\/image\/\"},\"sameAs\":[\"https:\/\/www.facebook.com\/ArmoniaCosmetica\/\",\"https:\/\/x.com\/armoniabio\",\"https:\/\/www.instagram.com\/armoniabio\/\",\"https:\/\/www.pinterest.es\/armonacosmticanatural\/\",\"https:\/\/www.youtube.com\/channel\/UCvRU98h_rm6BNIt8CAJtQbw\"]},{\"@type\":\"Person\",\"@id\":\"https:\/\/armoniabio.com\/blog\/#\/schema\/person\/1283d62e62bbb3a937177b0816975498\",\"name\":\"Ana de Sus\"}]}<\/script>\n<!-- \/ Yoast SEO plugin. -->","yoast_head_json":{"title":"Claves para cuidar y calmar la piel sensible de tu beb\u00e9","robots":{"index":"index","follow":"follow","max-snippet":"max-snippet:-1","max-image-preview":"max-image-preview:large","max-video-preview":"max-video-preview:-1"},"canonical":"https:\/\/armoniabio.com\/blog\/claves-para-cuidar-y-calmar-la-piel-sensible-de-tu-bebe\/","og_locale":"es_ES","og_type":"article","og_title":"Claves para cuidar y calmar la piel sensible de tu beb\u00e9","og_description":"Por ello, nuestra gama de beb\u00e9, certificada por Ecocert, est\u00e1 compuesta por productos ecol\u00f3gicos y biol\u00f3gicos desarrollados bajo control dermatol\u00f3gico, que garantizan el cuidado natural de la piel de los m\u00e1s peques. El desarrollo completo de la piel del beb\u00e9 se lleva a cabo durante varios a\u00f1os; de hecho, hasta","og_url":"https:\/\/armoniabio.com\/blog\/claves-para-cuidar-y-calmar-la-piel-sensible-de-tu-bebe\/","og_site_name":"Blog armon\u00eda","article_publisher":"https:\/\/www.facebook.com\/ArmoniaCosmetica\/","article_published_time":"2019-05-27T11:14:33+00:00","article_modified_time":"2021-11-12T11:19:56+00:00","og_image":[{"width":812,"height":580,"url":"https:\/\/armoniabio.com\/blog\/wp-content\/uploads\/2019\/05\/143-large.jpg","type":"image\/jpeg"}],"author":"Ana de Sus","twitter_card":"summary_large_image","twitter_creator":"@armoniabio","twitter_site":"@armoniabio","schema":{"@context":"https:\/\/schema.org","@graph":[{"@type":"Article","@id":"https:\/\/armoniabio.com\/blog\/claves-para-cuidar-y-calmar-la-piel-sensible-de-tu-bebe\/#article","isPartOf":{"@id":"https:\/\/armoniabio.com\/blog\/claves-para-cuidar-y-calmar-la-piel-sensible-de-tu-bebe\/"},"author":{"name":"Ana de Sus","@id":"https:\/\/armoniabio.com\/blog\/#\/schema\/person\/1283d62e62bbb3a937177b0816975498"},"headline":"Claves para cuidar y calmar la piel sensible de tu beb\u00e9","datePublished":"2019-05-27T11:14:33+00:00","dateModified":"2021-11-12T11:19:56+00:00","mainEntityOfPage":{"@id":"https:\/\/armoniabio.com\/blog\/claves-para-cuidar-y-calmar-la-piel-sensible-de-tu-bebe\/"},"wordCount":578,"commentCount":0,"publisher":{"@id":"https:\/\/armoniabio.com\/blog\/#organization"},"image":{"@id":"https:\/\/armoniabio.com\/blog\/claves-para-cuidar-y-calmar-la-piel-sensible-de-tu-bebe\/#primaryimage"},"thumbnailUrl":"https:\/\/armoniabio.com\/blog\/wp-content\/uploads\/2019\/05\/143-large.jpg","articleSection":["Ni\u00f1os y beb\u00e9s"],"inLanguage":"es","potentialAction":[{"@type":"CommentAction","name":"Comment","target":["https:\/\/armoniabio.com\/blog\/claves-para-cuidar-y-calmar-la-piel-sensible-de-tu-bebe\/#respond"]}]},{"@type":"WebPage","@id":"https:\/\/armoniabio.com\/blog\/claves-para-cuidar-y-calmar-la-piel-sensible-de-tu-bebe\/","url":"https:\/\/armoniabio.com\/blog\/claves-para-cuidar-y-calmar-la-piel-sensible-de-tu-bebe\/","name":"Claves para cuidar y calmar la piel sensible de tu beb\u00e9","isPartOf":{"@id":"https:\/\/armoniabio.com\/blog\/#website"},"primaryImageOfPage":{"@id":"https:\/\/armoniabio.com\/blog\/claves-para-cuidar-y-calmar-la-piel-sensible-de-tu-bebe\/#primaryimage"},"image":{"@id":"https:\/\/armoniabio.com\/blog\/claves-para-cuidar-y-calmar-la-piel-sensible-de-tu-bebe\/#primaryimage"},"thumbnailUrl":"https:\/\/armoniabio.com\/blog\/wp-content\/uploads\/2019\/05\/143-large.jpg","datePublished":"2019-05-27T11:14:33+00:00","dateModified":"2021-11-12T11:19:56+00:00","breadcrumb":{"@id":"https:\/\/armoniabio.com\/blog\/claves-para-cuidar-y-calmar-la-piel-sensible-de-tu-bebe\/#breadcrumb"},"inLanguage":"es","potentialAction":[{"@type":"ReadAction","target":["https:\/\/armoniabio.com\/blog\/claves-para-cuidar-y-calmar-la-piel-sensible-de-tu-bebe\/"]}]},{"@type":"ImageObject","inLanguage":"es","@id":"https:\/\/armoniabio.com\/blog\/claves-para-cuidar-y-calmar-la-piel-sensible-de-tu-bebe\/#primaryimage","url":"https:\/\/armoniabio.com\/blog\/wp-content\/uploads\/2019\/05\/143-large.jpg","contentUrl":"https:\/\/armoniabio.com\/blog\/wp-content\/uploads\/2019\/05\/143-large.jpg","width":812,"height":580},{"@type":"BreadcrumbList","@id":"https:\/\/armoniabio.com\/blog\/claves-para-cuidar-y-calmar-la-piel-sensible-de-tu-bebe\/#breadcrumb","itemListElement":[{"@type":"ListItem","position":1,"name":"Portada","item":"https:\/\/armoniabio.com\/blog\/"},{"@type":"ListItem","position":2,"name":"Claves para cuidar y calmar la piel sensible de tu beb\u00e9"}]},{"@type":"WebSite","@id":"https:\/\/armoniabio.com\/blog\/#website","url":"https:\/\/armoniabio.com\/blog\/","name":"Blog armon\u00eda","description":"","publisher":{"@id":"https:\/\/armoniabio.com\/blog\/#organization"},"potentialAction":[{"@type":"SearchAction","target":{"@type":"EntryPoint","urlTemplate":"https:\/\/armoniabio.com\/blog\/?s={search_term_string}"},"query-input":"required name=search_term_string"}],"inLanguage":"es"},{"@type":"Organization","@id":"https:\/\/armoniabio.com\/blog\/#organization","name":"Armon\u00eda Cosm\u00e9tica Natural","url":"https:\/\/armoniabio.com\/blog\/","logo":{"@type":"ImageObject","inLanguage":"es","@id":"https:\/\/armoniabio.com\/blog\/#\/schema\/logo\/image\/","url":"http:\/\/armoniabio.com\/blog\/wp-content\/uploads\/2021\/04\/logo_armoniabio.svg","contentUrl":"http:\/\/armoniabio.com\/blog\/wp-content\/uploads\/2021\/04\/logo_armoniabio.svg","width":1,"height":1,"caption":"Armon\u00eda Cosm\u00e9tica Natural"},"image":{"@id":"https:\/\/armoniabio.com\/blog\/#\/schema\/logo\/image\/"},"sameAs":["https:\/\/www.facebook.com\/ArmoniaCosmetica\/","https:\/\/x.com\/armoniabio","https:\/\/www.instagram.com\/armoniabio\/","https:\/\/www.pinterest.es\/armonacosmticanatural\/","https:\/\/www.youtube.com\/channel\/UCvRU98h_rm6BNIt8CAJtQbw"]},{"@type":"Person","@id":"https:\/\/armoniabio.com\/blog\/#\/schema\/person\/1283d62e62bbb3a937177b0816975498","name":"Ana de Sus"}]}},"_links":{"self":[{"href":"https:\/\/armoniabio.com\/blog\/wp-json\/wp\/v2\/posts\/523"}],"collection":[{"href":"https:\/\/armoniabio.com\/blog\/wp-json\/wp\/v2\/posts"}],"about":[{"href":"https:\/\/armoniabio.com\/blog\/wp-json\/wp\/v2\/types\/post"}],"author":[{"embeddable":true,"href":"https:\/\/armoniabio.com\/blog\/wp-json\/wp\/v2\/users\/10"}],"replies":[{"embeddable":true,"href":"https:\/\/armoniabio.com\/blog\/wp-json\/wp\/v2\/comments?post=523"}],"version-history":[{"count":4,"href":"https:\/\/armoniabio.com\/blog\/wp-json\/wp\/v2\/posts\/523\/revisions"}],"predecessor-version":[{"id":996,"href":"https:\/\/armoniabio.com\/blog\/wp-json\/wp\/v2\/posts\/523\/revisions\/996"}],"wp:featuredmedia":[{"embeddable":true,"href":"https:\/\/armoniabio.com\/blog\/wp-json\/wp\/v2\/media\/578"}],"wp:attachment":[{"href":"https:\/\/armoniabio.com\/blog\/wp-json\/wp\/v2\/media?parent=523"}],"wp:term":[{"taxonomy":"category","embeddable":true,"href":"https:\/\/armoniabio.com\/blog\/wp-json\/wp\/v2\/categories?post=523"},{"taxonomy":"post_tag","embeddable":true,"href":"https:\/\/armoniabio.com\/blog\/wp-json\/wp\/v2\/tags?post=523"}],"curies":[{"name":"wp","href":"https:\/\/api.w.org\/{rel}","templated":true}]}}