{"id":521,"date":"2019-05-07T08:43:39","date_gmt":"2019-05-07T06:43:39","guid":{"rendered":""},"modified":"2021-11-12T12:22:22","modified_gmt":"2021-11-12T11:22:22","slug":"cabello-tenido-recupera-su-brillo","status":"publish","type":"post","link":"https:\/\/armoniabio.com\/blog\/cabello-tenido-recupera-su-brillo\/","title":{"rendered":"\u00bfCabello te\u00f1ido? \u00a1Consejos para recuperar su brillo!"},"content":{"rendered":"<div id=\"ez-toc-container\" class=\"ez-toc-v2_0_77 counter-hierarchy ez-toc-counter ez-toc-grey ez-toc-container-direction\">\n<div class=\"ez-toc-title-container\">\n<p class=\"ez-toc-title\" style=\"cursor:inherit\">\u00cdndice de contenidos:<\/p>\n<span class=\"ez-toc-title-toggle\"><a href=\"#\" class=\"ez-toc-pull-right ez-toc-btn ez-toc-btn-xs ez-toc-btn-default ez-toc-toggle\" aria-label=\"Alternar tabla de contenidos\"><span class=\"ez-toc-js-icon-con\"><span class=\"\"><span class=\"eztoc-hide\" style=\"display:none;\">Toggle<\/span><span class=\"ez-toc-icon-toggle-span\"><svg style=\"fill: #999;color:#999\" xmlns=\"http:\/\/www.w3.org\/2000\/svg\" class=\"list-377408\" width=\"20px\" height=\"20px\" viewBox=\"0 0 24 24\" fill=\"none\"><path d=\"M6 6H4v2h2V6zm14 0H8v2h12V6zM4 11h2v2H4v-2zm16 0H8v2h12v-2zM4 16h2v2H4v-2zm16 0H8v2h12v-2z\" fill=\"currentColor\"><\/path><\/svg><svg style=\"fill: #999;color:#999\" class=\"arrow-unsorted-368013\" xmlns=\"http:\/\/www.w3.org\/2000\/svg\" width=\"10px\" height=\"10px\" viewBox=\"0 0 24 24\" version=\"1.2\" baseProfile=\"tiny\"><path d=\"M18.2 9.3l-6.2-6.3-6.2 6.3c-.2.2-.3.4-.3.7s.1.5.3.7c.2.2.4.3.7.3h11c.3 0 .5-.1.7-.3.2-.2.3-.5.3-.7s-.1-.5-.3-.7zM5.8 14.7l6.2 6.3 6.2-6.3c.2-.2.3-.5.3-.7s-.1-.5-.3-.7c-.2-.2-.4-.3-.7-.3h-11c-.3 0-.5.1-.7.3-.2.2-.3.5-.3.7s.1.5.3.7z\"\/><\/svg><\/span><\/span><\/span><\/a><\/span><\/div>\n<nav><ul class='ez-toc-list ez-toc-list-level-1 ' ><li class='ez-toc-page-1 ez-toc-heading-level-2'><a class=\"ez-toc-link ez-toc-heading-1\" href=\"https:\/\/armoniabio.com\/blog\/cabello-tenido-recupera-su-brillo\/#5_consejos_para_recuperar_el_brillo_en_cabellos_tenidos\" >5 consejos para recuperar el brillo en cabellos te\u00f1idos<\/a><ul class='ez-toc-list-level-3' ><li class='ez-toc-heading-level-3'><a class=\"ez-toc-link ez-toc-heading-2\" href=\"https:\/\/armoniabio.com\/blog\/cabello-tenido-recupera-su-brillo\/#1_%E2%80%93_Utiliza_champus_sin_sulfatos\" >1 &#8211; Utiliza champ\u00fas sin sulfatos<\/a><\/li><li class='ez-toc-page-1 ez-toc-heading-level-3'><a class=\"ez-toc-link ez-toc-heading-3\" href=\"https:\/\/armoniabio.com\/blog\/cabello-tenido-recupera-su-brillo\/#2_%E2%80%93_Refuerza_la_hidratacion\" >2 &#8211; Refuerza la hidrataci\u00f3n<\/a><\/li><li class='ez-toc-page-1 ez-toc-heading-level-3'><a class=\"ez-toc-link ez-toc-heading-4\" href=\"https:\/\/armoniabio.com\/blog\/cabello-tenido-recupera-su-brillo\/#3_%E2%80%93_%C2%A1Ojo_con_las_planchas_y_el_secador\" >3 &#8211; \u00a1Ojo con las planchas y el secador!<\/a><\/li><li class='ez-toc-page-1 ez-toc-heading-level-3'><a class=\"ez-toc-link ez-toc-heading-5\" href=\"https:\/\/armoniabio.com\/blog\/cabello-tenido-recupera-su-brillo\/#4_%E2%80%93_Protege_el_cabello_tenido_del_sol\" >4 &#8211; Protege el cabello te\u00f1ido del sol<\/a><\/li><li class='ez-toc-page-1 ez-toc-heading-level-3'><a class=\"ez-toc-link ez-toc-heading-6\" href=\"https:\/\/armoniabio.com\/blog\/cabello-tenido-recupera-su-brillo\/#5_%E2%80%93_Tonifica_el_cabello_tenido\" >5 &#8211; Tonifica el cabello te\u00f1ido<\/a><\/li><\/ul><\/li><\/ul><\/nav><\/div>\n<h2><span class=\"ez-toc-section\" id=\"5_consejos_para_recuperar_el_brillo_en_cabellos_tenidos\"><\/span>5 consejos para recuperar el brillo en cabellos te\u00f1idos<span class=\"ez-toc-section-end\"><\/span><\/h2>\n<h3><span class=\"ez-toc-section\" id=\"1_%E2%80%93_Utiliza_champus_sin_sulfatos\"><\/span><span style=\"font-family: arial, helvetica, sans-serif; font-size: 12pt;\">1 &#8211; Utiliza champ\u00fas sin sulfatos<\/span><span class=\"ez-toc-section-end\"><\/span><\/h3>\n<p><span style=\"font-family: arial, helvetica, sans-serif; font-size: 12pt;\">Los sulfatos\u00a0que encontramos en los champ\u00fas remueven toda la grasa y suciedad del cabello.\u00a0Su elevado poder detergente\u00a0<strong>arrastra los pigmentos del color en cabellos te\u00f1idos<\/strong>\u00a0afectando directamente a la <strong>p\u00e9rdida de color<\/strong> y tambi\u00e9n tienden a <strong>resecar<\/strong> un poquito el cuero cabelludo al impedir que este segregue el sebo con normalidad.<\/span><\/p>\n<p><span style=\"font-family: arial, helvetica, sans-serif; font-size: 12pt;\">Si sueles te\u00f1irte el pelo, tu cuero cabelludo tiende a <strong>irritarse.<\/strong> Si\u00a0sientes curiosidad, te animamos a que\u00a0pruebes un champ\u00fa <strong>sin sulfatos, ni siliconas ni parabenos<\/strong><strong>.<\/strong> \u00bfTe animas?\u00a0<span style=\"color: #99cc00;\"><em><a href=\"https:\/\/armoniabio.com\/champus-naturales\/champu-calmante.html\" target=\"_blank\" rel=\"noopener noreferrer\"><span style=\"color: #99cc00;\">Champ\u00fa Calmante<br \/>\n<\/span><\/a><\/em><\/span><\/span><\/p>\n<h3><span class=\"ez-toc-section\" id=\"2_%E2%80%93_Refuerza_la_hidratacion\"><\/span><span style=\"font-family: arial, helvetica, sans-serif; font-size: 12pt;\">2 &#8211; <\/span><span style=\"font-family: arial, helvetica, sans-serif; font-size: 12pt;\">Refuerza la hidrataci\u00f3n<\/span><span class=\"ez-toc-section-end\"><\/span><\/h3>\n<p><span style=\"font-family: arial, helvetica, sans-serif; font-size: 12pt;\">Si te has te\u00f1ido el pelo, habr\u00e1s comprobado que tu melena se reseca m\u00e1s, incluso aunque tu pelo sea graso. El principal problema del cabello coloreado es la\u00a0sequedad, que se traduce en una melena \u00e1spera, apagada y sin brillo.\u00a0<\/span><\/p>\n<p><span style=\"font-family: arial, helvetica, sans-serif; font-size: 12pt;\">Es necesario reforzar el cuidado con un <strong>plus de hidrataci\u00f3n<\/strong> que conseguiremos con la ayuda de una <strong>mascarilla<\/strong>. Busca una f\u00f3rmula reparadora y nutritiva. Nuestra <em><span style=\"color: #99cc00;\"><a href=\"https:\/\/armoniabio.com\/champus-naturales\/mascarilla-capilar-tepezcohuite.html\" target=\"_blank\" rel=\"noopener noreferrer\"><span style=\"color: #99cc00;\">Mascarilla de tepezcohuite<\/span><\/a><\/span>\u00a0<\/em>contiene extracto de levadura, rica en vitamina B, keratina, que ayuda al alisado, y extracto de tepezcohuite, de gran poder regenerador que previene la ca\u00edda. Te aportar\u00e1 nutrici\u00f3n profunda y recuperar\u00e1 el brillo de la fibra capilar. D\u00e9jala actuar entre 5 y 10 minutos y, despu\u00e9s, aclara con abundante agua.<br \/>\n<\/span><\/p>\n<h3><span class=\"ez-toc-section\" id=\"3_%E2%80%93_%C2%A1Ojo_con_las_planchas_y_el_secador\"><\/span><span style=\"font-family: arial, helvetica, sans-serif; font-size: 12pt;\">3 &#8211; <\/span><span style=\"font-family: arial, helvetica, sans-serif; font-size: 12pt;\">\u00a1Ojo con las planchas y el secador!<\/span><span class=\"ez-toc-section-end\"><\/span><\/h3>\n<p><span style=\"font-family: arial, helvetica, sans-serif; font-size: 12pt;\">El cabello te\u00f1ido es m\u00e1s sensible al calor de las planchas, tenacillas y secadores. Por una parte, el calor de estos <strong>aparatos deshidrata y adelgaza el cabello<\/strong>. Por otra parte, el uso excesivo de estas herramientas puede hacer que\u00a0los colores se apaguen\u00a0y pierdan su brillo. As\u00ed que no lo expongas demasiado a las altas temperaturas y c\u00f3rtalo con frecuencia para evitar que luzca reseco y opaco.<\/span><\/p>\n<h3><span class=\"ez-toc-section\" id=\"4_%E2%80%93_Protege_el_cabello_tenido_del_sol\"><\/span><span style=\"font-family: arial, helvetica, sans-serif; font-size: 12pt;\">4 &#8211; Protege el cabello te\u00f1ido del sol<\/span><span class=\"ez-toc-section-end\"><\/span><\/h3>\n<p><span style=\"font-family: arial, helvetica, sans-serif; font-size: 12pt;\">El cabello te\u00f1ido es m\u00e1s vulnerable a los efectos del sol. <strong>Los rayos ultravioletas <\/strong>producen un efecto que altera las propiedades del pelo y la cut\u00edcula se deteriora dejando la fibra capilar sin ning\u00fan tipo de protecci\u00f3n. De este modo el pelo se reseca, se vuelve m\u00e1s fr\u00e1gil y la melanina (responsable del color) tambi\u00e9n se altera. Procura exponerte lo menos posible y prot\u00e9gete. Buen momento para comenzar a usar sombreros, \u00bfno crees?<\/span><\/p>\n<h3><span class=\"ez-toc-section\" id=\"5_%E2%80%93_Tonifica_el_cabello_tenido\"><\/span><span style=\"font-family: arial, helvetica, sans-serif; font-size: 12pt;\">5 &#8211; Tonifica el cabello te\u00f1ido<\/span><span class=\"ez-toc-section-end\"><\/span><\/h3>\n<p><span style=\"font-family: arial, helvetica, sans-serif; font-size: 12pt;\">El t\u00f3nico capilar es un complemento perfecto para<strong> reforzar la estructura del cabello y fortalecerlo, <\/strong>ya que da vigor al cabello estimulando su crecimiento.<\/span><\/p>\n<p><span style=\"font-family: arial, helvetica, sans-serif; font-size: 12pt;\">Otra clave que a menudo pasamos por alto es <strong>cepillar el cabello<\/strong> diariamente: es fundamental para realzar el brillo.<\/span><\/p>\n<p><span style=\"font-family: arial, helvetica, sans-serif; font-size: 12pt;\">Y por \u00faltimo acl\u00e1ralo con <strong>agua fr\u00eda:<\/strong> optimiza los beneficios de los tratamientos y cierra la cut\u00edcula del cabello.<\/span><\/p>\n<p><span style=\"font-family: arial, helvetica, sans-serif; font-size: 12pt;\">Teniendo en cuenta estas medidas y ofreci\u00e9ndole a tu melena los mejores cuidados, conseguir\u00e1s lucirla siempre sana y \u00a1t\u00ed\u00f1ete sin dramas!<\/span><\/p>\n<p>&nbsp;<\/p>\n<p><iframe loading=\"lazy\" src=\"https:\/\/www.youtube.com\/embed\/M3QSBi-1BvE\" width=\"560\" height=\"315\" frameborder=\"0\" allowfullscreen=\"allowfullscreen\"><\/iframe><\/p>\n<p><span style=\"font-family: arial, helvetica, sans-serif; font-size: 12pt;\"><em>\u00bfSab\u00edas que\u2026?\u00a0<\/em>Algunos dermat\u00f3logos aconsejan no lavarse el cabello, por lo menos un d\u00eda antes de aplicar el tinte, ya que la\u00a0grasa\u00a0natural de la cabeza funciona como una\u00a0barrera\u00a0aislante que protege del\u00a0da\u00f1o\u00a0a las\u00a0fibras capilares\u00a0y\u00a0cuero\u00a0cabelludo.<\/span><\/p>\n\n\n<div class=\"kk-star-ratings kksr-auto kksr-align-left kksr-valign-bottom\"\n    data-payload='{&quot;align&quot;:&quot;left&quot;,&quot;id&quot;:&quot;521&quot;,&quot;slug&quot;:&quot;default&quot;,&quot;valign&quot;:&quot;bottom&quot;,&quot;ignore&quot;:&quot;&quot;,&quot;reference&quot;:&quot;auto&quot;,&quot;class&quot;:&quot;&quot;,&quot;count&quot;:&quot;1&quot;,&quot;legendonly&quot;:&quot;&quot;,&quot;readonly&quot;:&quot;&quot;,&quot;score&quot;:&quot;5&quot;,&quot;starsonly&quot;:&quot;&quot;,&quot;best&quot;:&quot;5&quot;,&quot;gap&quot;:&quot;5&quot;,&quot;greet&quot;:&quot;\\u00bfTe ha gustado nuestro contenido?&quot;,&quot;legend&quot;:&quot;5\\\/5&quot;,&quot;size&quot;:&quot;24&quot;,&quot;title&quot;:&quot;\\u00bfCabello te\\u00f1ido? \\u00a1Consejos para recuperar su brillo!&quot;,&quot;width&quot;:&quot;142.5&quot;,&quot;_legend&quot;:&quot;{score}\\\/{best}&quot;,&quot;font_factor&quot;:&quot;1.25&quot;}'>\n            \n<div class=\"kksr-stars\">\n    \n<div class=\"kksr-stars-inactive\">\n            <div class=\"kksr-star\" data-star=\"1\" style=\"padding-right: 5px\">\n            \n\n<div class=\"kksr-icon\" style=\"width: 24px; height: 24px;\"><\/div>\n        <\/div>\n            <div class=\"kksr-star\" data-star=\"2\" style=\"padding-right: 5px\">\n            \n\n<div class=\"kksr-icon\" style=\"width: 24px; height: 24px;\"><\/div>\n        <\/div>\n            <div class=\"kksr-star\" data-star=\"3\" style=\"padding-right: 5px\">\n            \n\n<div class=\"kksr-icon\" style=\"width: 24px; height: 24px;\"><\/div>\n        <\/div>\n            <div class=\"kksr-star\" data-star=\"4\" style=\"padding-right: 5px\">\n            \n\n<div class=\"kksr-icon\" style=\"width: 24px; height: 24px;\"><\/div>\n        <\/div>\n            <div class=\"kksr-star\" data-star=\"5\" style=\"padding-right: 5px\">\n            \n\n<div class=\"kksr-icon\" style=\"width: 24px; height: 24px;\"><\/div>\n        <\/div>\n    <\/div>\n    \n<div class=\"kksr-stars-active\" style=\"width: 142.5px;\">\n            <div class=\"kksr-star\" style=\"padding-right: 5px\">\n            \n\n<div class=\"kksr-icon\" style=\"width: 24px; height: 24px;\"><\/div>\n        <\/div>\n            <div class=\"kksr-star\" style=\"padding-right: 5px\">\n            \n\n<div class=\"kksr-icon\" style=\"width: 24px; height: 24px;\"><\/div>\n        <\/div>\n            <div class=\"kksr-star\" style=\"padding-right: 5px\">\n            \n\n<div class=\"kksr-icon\" style=\"width: 24px; height: 24px;\"><\/div>\n        <\/div>\n            <div class=\"kksr-star\" style=\"padding-right: 5px\">\n            \n\n<div class=\"kksr-icon\" style=\"width: 24px; height: 24px;\"><\/div>\n        <\/div>\n            <div class=\"kksr-star\" style=\"padding-right: 5px\">\n            \n\n<div class=\"kksr-icon\" style=\"width: 24px; height: 24px;\"><\/div>\n        <\/div>\n    <\/div>\n<\/div>\n                \n\n<div class=\"kksr-legend\" style=\"font-size: 19.2px;\">\n            5\/5    <\/div>\n    <\/div>\n","protected":false},"excerpt":{"rendered":"<p>5 consejos para recuperar el brillo en cabellos te\u00f1idos 1 &#8211; Utiliza champ\u00fas sin sulfatos Los sulfatos\u00a0que encontramos en los champ\u00fas remueven toda la grasa y suciedad del cabello.\u00a0Su elevado poder detergente\u00a0arrastra los pigmentos del color en cabellos te\u00f1idos\u00a0afectando directamente a la p\u00e9rdida de color y tambi\u00e9n tienden a resecar<\/p>\n","protected":false},"author":10,"featured_media":582,"comment_status":"open","ping_status":"open","sticky":false,"template":"","format":"standard","meta":{"footnotes":""},"categories":[11],"tags":[],"yoast_head":"<!-- This site is optimized with the Yoast SEO plugin v22.6 - https:\/\/yoast.com\/wordpress\/plugins\/seo\/ -->\n<title>Consejos para recuperar el brillo del cabello te\u00f1ido<\/title>\n<meta name=\"robots\" content=\"index, follow, max-snippet:-1, max-image-preview:large, max-video-preview:-1\" \/>\n<link rel=\"canonical\" href=\"https:\/\/armoniabio.com\/blog\/cabello-tenido-recupera-su-brillo\/\" \/>\n<meta property=\"og:locale\" content=\"es_ES\" \/>\n<meta property=\"og:type\" content=\"article\" \/>\n<meta property=\"og:title\" content=\"Consejos para recuperar el brillo del cabello te\u00f1ido\" \/>\n<meta property=\"og:description\" content=\"5 consejos para recuperar el brillo en cabellos te\u00f1idos 1 &#8211; Utiliza champ\u00fas sin sulfatos Los sulfatos\u00a0que encontramos en los champ\u00fas remueven toda la grasa y suciedad del cabello.\u00a0Su elevado poder detergente\u00a0arrastra los pigmentos del color en cabellos te\u00f1idos\u00a0afectando directamente a la p\u00e9rdida de color y tambi\u00e9n tienden a resecar\" \/>\n<meta property=\"og:url\" content=\"https:\/\/armoniabio.com\/blog\/cabello-tenido-recupera-su-brillo\/\" \/>\n<meta property=\"og:site_name\" content=\"Blog armon\u00eda\" \/>\n<meta property=\"article:publisher\" content=\"https:\/\/www.facebook.com\/ArmoniaCosmetica\/\" \/>\n<meta property=\"article:published_time\" content=\"2019-05-07T06:43:39+00:00\" \/>\n<meta property=\"article:modified_time\" content=\"2021-11-12T11:22:22+00:00\" \/>\n<meta property=\"og:image\" content=\"https:\/\/armoniabio.com\/blog\/wp-content\/uploads\/2019\/05\/141-large.jpg\" \/>\n\t<meta property=\"og:image:width\" content=\"812\" \/>\n\t<meta property=\"og:image:height\" content=\"580\" \/>\n\t<meta property=\"og:image:type\" content=\"image\/jpeg\" \/>\n<meta name=\"author\" content=\"Ana de Sus\" \/>\n<meta name=\"twitter:card\" content=\"summary_large_image\" \/>\n<meta name=\"twitter:creator\" content=\"@armoniabio\" \/>\n<meta name=\"twitter:site\" content=\"@armoniabio\" \/>\n<script type=\"application\/ld+json\" class=\"yoast-schema-graph\">{\"@context\":\"https:\/\/schema.org\",\"@graph\":[{\"@type\":\"Article\",\"@id\":\"https:\/\/armoniabio.com\/blog\/cabello-tenido-recupera-su-brillo\/#article\",\"isPartOf\":{\"@id\":\"https:\/\/armoniabio.com\/blog\/cabello-tenido-recupera-su-brillo\/\"},\"author\":{\"name\":\"Ana de Sus\",\"@id\":\"https:\/\/armoniabio.com\/blog\/#\/schema\/person\/1283d62e62bbb3a937177b0816975498\"},\"headline\":\"\u00bfCabello te\u00f1ido? \u00a1Consejos para recuperar su brillo!\",\"datePublished\":\"2019-05-07T06:43:39+00:00\",\"dateModified\":\"2021-11-12T11:22:22+00:00\",\"mainEntityOfPage\":{\"@id\":\"https:\/\/armoniabio.com\/blog\/cabello-tenido-recupera-su-brillo\/\"},\"wordCount\":555,\"commentCount\":0,\"publisher\":{\"@id\":\"https:\/\/armoniabio.com\/blog\/#organization\"},\"image\":{\"@id\":\"https:\/\/armoniabio.com\/blog\/cabello-tenido-recupera-su-brillo\/#primaryimage\"},\"thumbnailUrl\":\"https:\/\/armoniabio.com\/blog\/wp-content\/uploads\/2019\/05\/141-large.jpg\",\"articleSection\":[\"Capilar\"],\"inLanguage\":\"es\",\"potentialAction\":[{\"@type\":\"CommentAction\",\"name\":\"Comment\",\"target\":[\"https:\/\/armoniabio.com\/blog\/cabello-tenido-recupera-su-brillo\/#respond\"]}]},{\"@type\":\"WebPage\",\"@id\":\"https:\/\/armoniabio.com\/blog\/cabello-tenido-recupera-su-brillo\/\",\"url\":\"https:\/\/armoniabio.com\/blog\/cabello-tenido-recupera-su-brillo\/\",\"name\":\"Consejos para recuperar el brillo del cabello te\u00f1ido\",\"isPartOf\":{\"@id\":\"https:\/\/armoniabio.com\/blog\/#website\"},\"primaryImageOfPage\":{\"@id\":\"https:\/\/armoniabio.com\/blog\/cabello-tenido-recupera-su-brillo\/#primaryimage\"},\"image\":{\"@id\":\"https:\/\/armoniabio.com\/blog\/cabello-tenido-recupera-su-brillo\/#primaryimage\"},\"thumbnailUrl\":\"https:\/\/armoniabio.com\/blog\/wp-content\/uploads\/2019\/05\/141-large.jpg\",\"datePublished\":\"2019-05-07T06:43:39+00:00\",\"dateModified\":\"2021-11-12T11:22:22+00:00\",\"breadcrumb\":{\"@id\":\"https:\/\/armoniabio.com\/blog\/cabello-tenido-recupera-su-brillo\/#breadcrumb\"},\"inLanguage\":\"es\",\"potentialAction\":[{\"@type\":\"ReadAction\",\"target\":[\"https:\/\/armoniabio.com\/blog\/cabello-tenido-recupera-su-brillo\/\"]}]},{\"@type\":\"ImageObject\",\"inLanguage\":\"es\",\"@id\":\"https:\/\/armoniabio.com\/blog\/cabello-tenido-recupera-su-brillo\/#primaryimage\",\"url\":\"https:\/\/armoniabio.com\/blog\/wp-content\/uploads\/2019\/05\/141-large.jpg\",\"contentUrl\":\"https:\/\/armoniabio.com\/blog\/wp-content\/uploads\/2019\/05\/141-large.jpg\",\"width\":812,\"height\":580},{\"@type\":\"BreadcrumbList\",\"@id\":\"https:\/\/armoniabio.com\/blog\/cabello-tenido-recupera-su-brillo\/#breadcrumb\",\"itemListElement\":[{\"@type\":\"ListItem\",\"position\":1,\"name\":\"Portada\",\"item\":\"https:\/\/armoniabio.com\/blog\/\"},{\"@type\":\"ListItem\",\"position\":2,\"name\":\"\u00bfCabello te\u00f1ido? \u00a1Consejos para recuperar su brillo!\"}]},{\"@type\":\"WebSite\",\"@id\":\"https:\/\/armoniabio.com\/blog\/#website\",\"url\":\"https:\/\/armoniabio.com\/blog\/\",\"name\":\"Blog armon\u00eda\",\"description\":\"\",\"publisher\":{\"@id\":\"https:\/\/armoniabio.com\/blog\/#organization\"},\"potentialAction\":[{\"@type\":\"SearchAction\",\"target\":{\"@type\":\"EntryPoint\",\"urlTemplate\":\"https:\/\/armoniabio.com\/blog\/?s={search_term_string}\"},\"query-input\":\"required name=search_term_string\"}],\"inLanguage\":\"es\"},{\"@type\":\"Organization\",\"@id\":\"https:\/\/armoniabio.com\/blog\/#organization\",\"name\":\"Armon\u00eda Cosm\u00e9tica Natural\",\"url\":\"https:\/\/armoniabio.com\/blog\/\",\"logo\":{\"@type\":\"ImageObject\",\"inLanguage\":\"es\",\"@id\":\"https:\/\/armoniabio.com\/blog\/#\/schema\/logo\/image\/\",\"url\":\"http:\/\/armoniabio.com\/blog\/wp-content\/uploads\/2021\/04\/logo_armoniabio.svg\",\"contentUrl\":\"http:\/\/armoniabio.com\/blog\/wp-content\/uploads\/2021\/04\/logo_armoniabio.svg\",\"width\":1,\"height\":1,\"caption\":\"Armon\u00eda Cosm\u00e9tica Natural\"},\"image\":{\"@id\":\"https:\/\/armoniabio.com\/blog\/#\/schema\/logo\/image\/\"},\"sameAs\":[\"https:\/\/www.facebook.com\/ArmoniaCosmetica\/\",\"https:\/\/x.com\/armoniabio\",\"https:\/\/www.instagram.com\/armoniabio\/\",\"https:\/\/www.pinterest.es\/armonacosmticanatural\/\",\"https:\/\/www.youtube.com\/channel\/UCvRU98h_rm6BNIt8CAJtQbw\"]},{\"@type\":\"Person\",\"@id\":\"https:\/\/armoniabio.com\/blog\/#\/schema\/person\/1283d62e62bbb3a937177b0816975498\",\"name\":\"Ana de Sus\"}]}<\/script>\n<!-- \/ Yoast SEO plugin. -->","yoast_head_json":{"title":"Consejos para recuperar el brillo del cabello te\u00f1ido","robots":{"index":"index","follow":"follow","max-snippet":"max-snippet:-1","max-image-preview":"max-image-preview:large","max-video-preview":"max-video-preview:-1"},"canonical":"https:\/\/armoniabio.com\/blog\/cabello-tenido-recupera-su-brillo\/","og_locale":"es_ES","og_type":"article","og_title":"Consejos para recuperar el brillo del cabello te\u00f1ido","og_description":"5 consejos para recuperar el brillo en cabellos te\u00f1idos 1 &#8211; Utiliza champ\u00fas sin sulfatos Los sulfatos\u00a0que encontramos en los champ\u00fas remueven toda la grasa y suciedad del cabello.\u00a0Su elevado poder detergente\u00a0arrastra los pigmentos del color en cabellos te\u00f1idos\u00a0afectando directamente a la p\u00e9rdida de color y tambi\u00e9n tienden a resecar","og_url":"https:\/\/armoniabio.com\/blog\/cabello-tenido-recupera-su-brillo\/","og_site_name":"Blog armon\u00eda","article_publisher":"https:\/\/www.facebook.com\/ArmoniaCosmetica\/","article_published_time":"2019-05-07T06:43:39+00:00","article_modified_time":"2021-11-12T11:22:22+00:00","og_image":[{"width":812,"height":580,"url":"https:\/\/armoniabio.com\/blog\/wp-content\/uploads\/2019\/05\/141-large.jpg","type":"image\/jpeg"}],"author":"Ana de Sus","twitter_card":"summary_large_image","twitter_creator":"@armoniabio","twitter_site":"@armoniabio","schema":{"@context":"https:\/\/schema.org","@graph":[{"@type":"Article","@id":"https:\/\/armoniabio.com\/blog\/cabello-tenido-recupera-su-brillo\/#article","isPartOf":{"@id":"https:\/\/armoniabio.com\/blog\/cabello-tenido-recupera-su-brillo\/"},"author":{"name":"Ana de Sus","@id":"https:\/\/armoniabio.com\/blog\/#\/schema\/person\/1283d62e62bbb3a937177b0816975498"},"headline":"\u00bfCabello te\u00f1ido? \u00a1Consejos para recuperar su brillo!","datePublished":"2019-05-07T06:43:39+00:00","dateModified":"2021-11-12T11:22:22+00:00","mainEntityOfPage":{"@id":"https:\/\/armoniabio.com\/blog\/cabello-tenido-recupera-su-brillo\/"},"wordCount":555,"commentCount":0,"publisher":{"@id":"https:\/\/armoniabio.com\/blog\/#organization"},"image":{"@id":"https:\/\/armoniabio.com\/blog\/cabello-tenido-recupera-su-brillo\/#primaryimage"},"thumbnailUrl":"https:\/\/armoniabio.com\/blog\/wp-content\/uploads\/2019\/05\/141-large.jpg","articleSection":["Capilar"],"inLanguage":"es","potentialAction":[{"@type":"CommentAction","name":"Comment","target":["https:\/\/armoniabio.com\/blog\/cabello-tenido-recupera-su-brillo\/#respond"]}]},{"@type":"WebPage","@id":"https:\/\/armoniabio.com\/blog\/cabello-tenido-recupera-su-brillo\/","url":"https:\/\/armoniabio.com\/blog\/cabello-tenido-recupera-su-brillo\/","name":"Consejos para recuperar el brillo del cabello te\u00f1ido","isPartOf":{"@id":"https:\/\/armoniabio.com\/blog\/#website"},"primaryImageOfPage":{"@id":"https:\/\/armoniabio.com\/blog\/cabello-tenido-recupera-su-brillo\/#primaryimage"},"image":{"@id":"https:\/\/armoniabio.com\/blog\/cabello-tenido-recupera-su-brillo\/#primaryimage"},"thumbnailUrl":"https:\/\/armoniabio.com\/blog\/wp-content\/uploads\/2019\/05\/141-large.jpg","datePublished":"2019-05-07T06:43:39+00:00","dateModified":"2021-11-12T11:22:22+00:00","breadcrumb":{"@id":"https:\/\/armoniabio.com\/blog\/cabello-tenido-recupera-su-brillo\/#breadcrumb"},"inLanguage":"es","potentialAction":[{"@type":"ReadAction","target":["https:\/\/armoniabio.com\/blog\/cabello-tenido-recupera-su-brillo\/"]}]},{"@type":"ImageObject","inLanguage":"es","@id":"https:\/\/armoniabio.com\/blog\/cabello-tenido-recupera-su-brillo\/#primaryimage","url":"https:\/\/armoniabio.com\/blog\/wp-content\/uploads\/2019\/05\/141-large.jpg","contentUrl":"https:\/\/armoniabio.com\/blog\/wp-content\/uploads\/2019\/05\/141-large.jpg","width":812,"height":580},{"@type":"BreadcrumbList","@id":"https:\/\/armoniabio.com\/blog\/cabello-tenido-recupera-su-brillo\/#breadcrumb","itemListElement":[{"@type":"ListItem","position":1,"name":"Portada","item":"https:\/\/armoniabio.com\/blog\/"},{"@type":"ListItem","position":2,"name":"\u00bfCabello te\u00f1ido? \u00a1Consejos para recuperar su brillo!"}]},{"@type":"WebSite","@id":"https:\/\/armoniabio.com\/blog\/#website","url":"https:\/\/armoniabio.com\/blog\/","name":"Blog armon\u00eda","description":"","publisher":{"@id":"https:\/\/armoniabio.com\/blog\/#organization"},"potentialAction":[{"@type":"SearchAction","target":{"@type":"EntryPoint","urlTemplate":"https:\/\/armoniabio.com\/blog\/?s={search_term_string}"},"query-input":"required name=search_term_string"}],"inLanguage":"es"},{"@type":"Organization","@id":"https:\/\/armoniabio.com\/blog\/#organization","name":"Armon\u00eda Cosm\u00e9tica Natural","url":"https:\/\/armoniabio.com\/blog\/","logo":{"@type":"ImageObject","inLanguage":"es","@id":"https:\/\/armoniabio.com\/blog\/#\/schema\/logo\/image\/","url":"http:\/\/armoniabio.com\/blog\/wp-content\/uploads\/2021\/04\/logo_armoniabio.svg","contentUrl":"http:\/\/armoniabio.com\/blog\/wp-content\/uploads\/2021\/04\/logo_armoniabio.svg","width":1,"height":1,"caption":"Armon\u00eda Cosm\u00e9tica Natural"},"image":{"@id":"https:\/\/armoniabio.com\/blog\/#\/schema\/logo\/image\/"},"sameAs":["https:\/\/www.facebook.com\/ArmoniaCosmetica\/","https:\/\/x.com\/armoniabio","https:\/\/www.instagram.com\/armoniabio\/","https:\/\/www.pinterest.es\/armonacosmticanatural\/","https:\/\/www.youtube.com\/channel\/UCvRU98h_rm6BNIt8CAJtQbw"]},{"@type":"Person","@id":"https:\/\/armoniabio.com\/blog\/#\/schema\/person\/1283d62e62bbb3a937177b0816975498","name":"Ana de Sus"}]}},"_links":{"self":[{"href":"https:\/\/armoniabio.com\/blog\/wp-json\/wp\/v2\/posts\/521"}],"collection":[{"href":"https:\/\/armoniabio.com\/blog\/wp-json\/wp\/v2\/posts"}],"about":[{"href":"https:\/\/armoniabio.com\/blog\/wp-json\/wp\/v2\/types\/post"}],"author":[{"embeddable":true,"href":"https:\/\/armoniabio.com\/blog\/wp-json\/wp\/v2\/users\/10"}],"replies":[{"embeddable":true,"href":"https:\/\/armoniabio.com\/blog\/wp-json\/wp\/v2\/comments?post=521"}],"version-history":[{"count":4,"href":"https:\/\/armoniabio.com\/blog\/wp-json\/wp\/v2\/posts\/521\/revisions"}],"predecessor-version":[{"id":1205,"href":"https:\/\/armoniabio.com\/blog\/wp-json\/wp\/v2\/posts\/521\/revisions\/1205"}],"wp:featuredmedia":[{"embeddable":true,"href":"https:\/\/armoniabio.com\/blog\/wp-json\/wp\/v2\/media\/582"}],"wp:attachment":[{"href":"https:\/\/armoniabio.com\/blog\/wp-json\/wp\/v2\/media?parent=521"}],"wp:term":[{"taxonomy":"category","embeddable":true,"href":"https:\/\/armoniabio.com\/blog\/wp-json\/wp\/v2\/categories?post=521"},{"taxonomy":"post_tag","embeddable":true,"href":"https:\/\/armoniabio.com\/blog\/wp-json\/wp\/v2\/tags?post=521"}],"curies":[{"name":"wp","href":"https:\/\/api.w.org\/{rel}","templated":true}]}}