{"id":516,"date":"2019-04-03T14:19:48","date_gmt":"2019-04-03T12:19:48","guid":{"rendered":""},"modified":"2021-04-12T19:31:32","modified_gmt":"2021-04-12T17:31:32","slug":"apuesta-por-la-cosmetica-sostenible","status":"publish","type":"post","link":"https:\/\/armoniabio.com\/blog\/apuesta-por-la-cosmetica-sostenible\/","title":{"rendered":"Apuesta por la cosm\u00e9tica sostenible"},"content":{"rendered":"<div id=\"ez-toc-container\" class=\"ez-toc-v2_0_77 counter-hierarchy ez-toc-counter ez-toc-grey ez-toc-container-direction\">\n<div class=\"ez-toc-title-container\">\n<p class=\"ez-toc-title\" style=\"cursor:inherit\">\u00cdndice de contenidos:<\/p>\n<span class=\"ez-toc-title-toggle\"><a href=\"#\" class=\"ez-toc-pull-right ez-toc-btn ez-toc-btn-xs ez-toc-btn-default ez-toc-toggle\" aria-label=\"Alternar tabla de contenidos\"><span class=\"ez-toc-js-icon-con\"><span class=\"\"><span class=\"eztoc-hide\" style=\"display:none;\">Toggle<\/span><span class=\"ez-toc-icon-toggle-span\"><svg style=\"fill: #999;color:#999\" xmlns=\"http:\/\/www.w3.org\/2000\/svg\" class=\"list-377408\" width=\"20px\" height=\"20px\" viewBox=\"0 0 24 24\" fill=\"none\"><path d=\"M6 6H4v2h2V6zm14 0H8v2h12V6zM4 11h2v2H4v-2zm16 0H8v2h12v-2zM4 16h2v2H4v-2zm16 0H8v2h12v-2z\" fill=\"currentColor\"><\/path><\/svg><svg style=\"fill: #999;color:#999\" class=\"arrow-unsorted-368013\" xmlns=\"http:\/\/www.w3.org\/2000\/svg\" width=\"10px\" height=\"10px\" viewBox=\"0 0 24 24\" version=\"1.2\" baseProfile=\"tiny\"><path d=\"M18.2 9.3l-6.2-6.3-6.2 6.3c-.2.2-.3.4-.3.7s.1.5.3.7c.2.2.4.3.7.3h11c.3 0 .5-.1.7-.3.2-.2.3-.5.3-.7s-.1-.5-.3-.7zM5.8 14.7l6.2 6.3 6.2-6.3c.2-.2.3-.5.3-.7s-.1-.5-.3-.7c-.2-.2-.4-.3-.7-.3h-11c-.3 0-.5.1-.7.3-.2.2-.3.5-.3.7s.1.5.3.7z\"\/><\/svg><\/span><\/span><\/span><\/a><\/span><\/div>\n<nav><ul class='ez-toc-list ez-toc-list-level-1 ' ><li class='ez-toc-page-1 ez-toc-heading-level-2'><a class=\"ez-toc-link ez-toc-heading-1\" href=\"https:\/\/armoniabio.com\/blog\/apuesta-por-la-cosmetica-sostenible\/#%C2%BFEn_que_se_diferencia_la_Gama_Esenciales\" >\u00bfEn qu\u00e9 se diferencia la Gama Esenciales?<\/a><\/li><li class='ez-toc-page-1 ez-toc-heading-level-2'><a class=\"ez-toc-link ez-toc-heading-2\" href=\"https:\/\/armoniabio.com\/blog\/apuesta-por-la-cosmetica-sostenible\/#CREMA_NUTRITIVA_con_jalea_propoleo_y_miel\" >CREMA NUTRITIVA con jalea, prop\u00f3leo y miel<\/a><\/li><li class='ez-toc-page-1 ez-toc-heading-level-2'><a class=\"ez-toc-link ez-toc-heading-3\" href=\"https:\/\/armoniabio.com\/blog\/apuesta-por-la-cosmetica-sostenible\/#CREMA_ALOE_VERA_con_alantoina_y_vitamina_E\" >CREMA ALOE VERA con alanto\u00edna y vitamina E<\/a><\/li><li class='ez-toc-page-1 ez-toc-heading-level-2'><a class=\"ez-toc-link ez-toc-heading-4\" href=\"https:\/\/armoniabio.com\/blog\/apuesta-por-la-cosmetica-sostenible\/#CREMA_REVITALIZANTE_con_isoflavonas_y_coenzima_Q10\" >CREMA REVITALIZANTE con isoflavonas, y coenzima Q10<\/a><\/li><li class='ez-toc-page-1 ez-toc-heading-level-2'><a class=\"ez-toc-link ez-toc-heading-5\" href=\"https:\/\/armoniabio.com\/blog\/apuesta-por-la-cosmetica-sostenible\/#CREMA_ACIDO_HIALURONICO_con_granada_y_colageno\" >CREMA \u00c1CIDO HIALUR\u00d3NICO con granada y col\u00e1geno<\/a><\/li><li class='ez-toc-page-1 ez-toc-heading-level-2'><a class=\"ez-toc-link ez-toc-heading-6\" href=\"https:\/\/armoniabio.com\/blog\/apuesta-por-la-cosmetica-sostenible\/#CREMA_COLAGENO_con_aceite_de_oliva_y_acido_hialuronico\" >CREMA COL\u00c1GENO con aceite de oliva y \u00e1cido hialur\u00f3nico<\/a><\/li><\/ul><\/nav><\/div>\n<h2><span class=\"ez-toc-section\" id=\"%C2%BFEn_que_se_diferencia_la_Gama_Esenciales\"><\/span><span style=\"font-family: arial, helvetica, sans-serif; font-size: 12pt;\"><strong>\u00bfEn qu\u00e9 se diferencia la Gama Esenciales?<\/strong><\/span><span class=\"ez-toc-section-end\"><\/span><\/h2>\n<p><span style=\"font-family: arial, helvetica, sans-serif; font-size: 10pt;\">Este a\u00f1o 2019 es muy importante para nosotros, ya que adem\u00e1s del origen natural de nuestros productos, queremos que todos los envases tambi\u00e9n sigan esta premisa. La Gama Esenciales es nuestra primera apuesta, creada con envases 100% reciclables a base de vidrio, aluminio y cart\u00f3n que reducen el impacto ambiental.<\/span><\/p>\n<p><span style=\"font-family: arial, helvetica, sans-serif; font-size: 10pt;\">Desde Armon\u00eda, adquirimos el compromiso y la obligaci\u00f3n de informar sobre los beneficios e ingredientes de nuestros productos, con una comunicaci\u00f3n honesta, clara y directa. Por eso ponemos a vuestra disposici\u00f3n especificaciones sobre el origen de las materias primas de cada una de las distintas formulaciones, divididi\u00e9ndolas en las categor\u00edas mineral, vegetal, concentrado de prote\u00ednas y procesados.<\/span><\/p>\n<p><span style=\"font-family: arial, helvetica, sans-serif; font-size: 10pt;\">Adem\u00e1s de este avance hacia la sostenibilidad y transparencia en el envase, hemos reformulado la gama para sustituir algunos ingredientes por otros m\u00e1s beneficiosos para la epidermis y tambi\u00e9n hemos eliminado ingredientes como los colorantes.<\/span><\/p>\n<p><span style=\"font-family: arial, helvetica, sans-serif; font-size: 10pt;\">A continuaci\u00f3n os presentamos con detenimiento cada una de las cremas que completan la gama para que elij\u00e1is cual se va a convertir en una de vuestras favoritas:<\/span><\/p>\n<p><span style=\"font-family: arial, helvetica, sans-serif; font-size: 10pt;\"><strong>CREMA DEPURATIVA con pepino y karit\u00e9<\/strong><\/span><\/p>\n<p><span style=\"font-family: arial, helvetica, sans-serif; font-size: 10pt;\">La <a href=\"https:\/\/armoniabio.com\/cremas-faciales-naturales\/crema-depurativa.html\">crema depurativa<\/a> <strong>detoxifica, regula y equilibra la piel,<\/strong> especialmente las mixtas y grasas. El <strong>pepino,<\/strong> gracias a sus propiedades depurativas, regula la secreci\u00f3n grasa y <strong>elimina las impurezas a la vez que aclara la piel.<\/strong> El <strong>karit\u00e9<\/strong> ayuda a <strong>regenerar y reparar peque\u00f1as marcas y cicatrices. Presenta una textura ligera y calmante que detoxifica y restaura el equilibrio de las pieles grasas y con tendencia al acn\u00e9. La crema es apta para veganos.<\/strong><\/span><\/p>\n<h2><span class=\"ez-toc-section\" id=\"CREMA_NUTRITIVA_con_jalea_propoleo_y_miel\"><\/span><span style=\"font-family: arial, helvetica, sans-serif; font-size: 10pt;\">CREMA NUTRITIVA con jalea, prop\u00f3leo y miel<\/span><span class=\"ez-toc-section-end\"><\/span><\/h2>\n<p><span style=\"font-family: arial, helvetica, sans-serif; font-size: 10pt;\">La <a href=\"https:\/\/armoniabio.com\/cremas-faciales-naturales\/crema-nutritiva.html\">crema nutritiva<\/a> a base de jalea, prop\u00f3leo y miel <strong>protege y repara en profundidad,<\/strong> especialmente las pieles secas. El <strong>prop\u00f3leo protege la piel de factores externos y de los rayos UV,<\/strong> la <strong>miel<\/strong> ayuda en el<strong> tratamiento de afecciones cut\u00e1neas, nutre y regenera<\/strong> y la<strong> jalea real<\/strong> es rica en l\u00edpidos y vitaminas, que mantienen la <strong>hidrataci\u00f3n<\/strong> de la piel, dej\u00e1ndola m\u00e1s suave y el\u00e1stica. Sus p<strong>ropiedades antioxidantes y regeneradoras<\/strong> la hacen ideal como tratamiento<strong> frente al envejecimiento de la piel.<\/strong><\/span><\/p>\n<h2><span class=\"ez-toc-section\" id=\"CREMA_ALOE_VERA_con_alantoina_y_vitamina_E\"><\/span><span style=\"font-family: arial, helvetica, sans-serif; font-size: 10pt;\">CREMA ALOE VERA con alanto\u00edna y vitamina E<\/span><span class=\"ez-toc-section-end\"><\/span><\/h2>\n<p><span style=\"font-family: arial, helvetica, sans-serif; font-size: 10pt;\">La <a href=\"\/cremas-faciales-naturales\/crema-aloe-vera.html\">crema de Aloe Vera<\/a>, a base de alanto\u00edna y vitamina E, <strong>calma, suaviza e hidrata la piel<\/strong> a la vez que <strong>previene la descamaci\u00f3n.<\/strong> El<strong> aloe vera,<\/strong> rico en nutrientes y vitaminas, <strong>previene la sequedad y la deshidrataci\u00f3n,<\/strong> ayudando a calmar, reparar e hidratar la piel. Adem\u00e1s, la <strong>alanto\u00edna<\/strong> ayuda a <strong>suavizar y regenerar profundamente la piel. Ideal para todo tipo de pieles.<\/strong><\/span><\/p>\n<h2><span class=\"ez-toc-section\" id=\"CREMA_REVITALIZANTE_con_isoflavonas_y_coenzima_Q10\"><\/span><span style=\"font-family: arial, helvetica, sans-serif; font-size: 10pt;\">CREMA REVITALIZANTE con isoflavonas, y coenzima Q10<\/span><span class=\"ez-toc-section-end\"><\/span><\/h2>\n<p><span style=\"font-family: arial, helvetica, sans-serif; font-size: 10pt;\">La <a href=\"\/cremas-faciales-naturales\/crema-revitalizante.html\">crema revitalizante<\/a> a base de isoflavonas y coenzima Q10<strong> regenera y nutre la piel.<\/strong> La combinaci\u00f3n de <strong>oligoelementos, vitaminas, aceites y mantecas vegetales junto con las isoflavonas de soja y la coenzima Q10<\/strong> da como resultado <strong>una f\u00f3rmula anti-edad altamente regeneradora y nutritiva.<\/strong> Esta crema previene el envejecimiento cut\u00e1neo, impide la oxidaci\u00f3n y <strong>aumenta las defensas de la piel contra agentes externos.<\/strong><\/span><\/p>\n<h2><span class=\"ez-toc-section\" id=\"CREMA_ACIDO_HIALURONICO_con_granada_y_colageno\"><\/span><span style=\"font-family: arial, helvetica, sans-serif; font-size: 10pt;\">CREMA \u00c1CIDO HIALUR\u00d3NICO con granada y col\u00e1geno<\/span><span class=\"ez-toc-section-end\"><\/span><\/h2>\n<p><span style=\"font-family: arial, helvetica, sans-serif; font-size: 10pt;\">La <a href=\"https:\/\/armoniabio.com\/cremas-faciales-naturales\/crema-acido-hialuronico.html\">crema de \u00e1cido hialur\u00f3nico<\/a> a base de granada y col\u00e1geno <strong>revitaliza y regenera la piel<\/strong> a la vez que <strong>previene las arrugas.<\/strong> El <strong>\u00e1cido hialur\u00f3nico,<\/strong> con gran poder <strong>hidratante,<\/strong> posee una extraordinaria capacidad de atraer y retener las mol\u00e9culas de agua. De esta forma, la crema mantiene el grado ideal de humedad para que<strong> la piel luzca hidratada, suave y luminosa.<\/strong> Adem\u00e1s, gracias a <strong>la granada y el col\u00e1geno, ayuda a regenerar, tonificar y disminuir las imperfecciones de la piel. Ideal para todo tipo de pieles.<\/strong><\/span><\/p>\n<h2><span class=\"ez-toc-section\" id=\"CREMA_COLAGENO_con_aceite_de_oliva_y_acido_hialuronico\"><\/span><span style=\"font-family: arial, helvetica, sans-serif; font-size: 10pt;\">CREMA COL\u00c1GENO con aceite de oliva y \u00e1cido hialur\u00f3nico<\/span><span class=\"ez-toc-section-end\"><\/span><\/h2>\n<p><span style=\"font-family: arial, helvetica, sans-serif; font-size: 10pt;\">La <a href=\"https:\/\/armoniabio.com\/cremas-faciales-naturales\/crema-colageno.html\">crema col\u00e1geno<\/a> a base de aceite de oliva y \u00e1cido hialur\u00f3nico <strong>rellena las arrugas, redensifica y reafirma la piel aport\u00e1ndole flexibilidad. Enriquecida con aceite de oliva y \u00e1cido hialur\u00f3nico, esta crema aporta nutrientes y vitaminas que act\u00faan como antioxidantes que protegen la piel de las agresiones externas. Ideal para todo tipo de pieles.<\/strong><\/span><\/p>\n<p><em><em><span style=\"font-family: arial, helvetica, sans-serif; font-size: 10pt;\">Y recuerda que cuando hablamos de sostenibilidad, hablamos de\u00a0\u00e9tica,\u00a0conciencia social, responsabilidad y solidaridad. Aunque queda mucho por hacer, todos estos pasos y darlos juntos \u00a1nos ayudar\u00e1n a cambiar el mundo!.<\/span><\/em><\/em><\/p>\n<hr \/>\n<p><span style=\"font-family: arial, helvetica, sans-serif; font-size: 10pt;\"><strong><br \/>\n<span style=\"font-size: 12pt;\">8 MUJERES &#8211; DISTINTA EDAD &#8211; DIFERENTE PIEL &#8211; DIVERSAS RUTINAS<\/span><\/strong><\/span><\/p>\n<p><span style=\"font-size: 12pt;\">\u00a1DESCUBRE QUE PAS\u00d3!<\/span><\/p>\n<p><span style=\"font-family: arial, helvetica, sans-serif; font-size: 10pt;\"><iframe loading=\"lazy\" src=\"https:\/\/www.youtube.com\/embed\/BB901opDP5U\" width=\"560\" height=\"315\" frameborder=\"0\" allowfullscreen=\"allowfullscreen\"><\/iframe><\/span><\/p>\n<p>&nbsp;<\/p>\n\n\n<div class=\"kk-star-ratings kksr-auto kksr-align-left kksr-valign-bottom\"\n    data-payload='{&quot;align&quot;:&quot;left&quot;,&quot;id&quot;:&quot;516&quot;,&quot;slug&quot;:&quot;default&quot;,&quot;valign&quot;:&quot;bottom&quot;,&quot;ignore&quot;:&quot;&quot;,&quot;reference&quot;:&quot;auto&quot;,&quot;class&quot;:&quot;&quot;,&quot;count&quot;:&quot;1&quot;,&quot;legendonly&quot;:&quot;&quot;,&quot;readonly&quot;:&quot;&quot;,&quot;score&quot;:&quot;5&quot;,&quot;starsonly&quot;:&quot;&quot;,&quot;best&quot;:&quot;5&quot;,&quot;gap&quot;:&quot;5&quot;,&quot;greet&quot;:&quot;\\u00bfTe ha gustado nuestro contenido?&quot;,&quot;legend&quot;:&quot;5\\\/5&quot;,&quot;size&quot;:&quot;24&quot;,&quot;title&quot;:&quot;Apuesta por la cosm\\u00e9tica sostenible&quot;,&quot;width&quot;:&quot;142.5&quot;,&quot;_legend&quot;:&quot;{score}\\\/{best}&quot;,&quot;font_factor&quot;:&quot;1.25&quot;}'>\n            \n<div class=\"kksr-stars\">\n    \n<div class=\"kksr-stars-inactive\">\n            <div class=\"kksr-star\" data-star=\"1\" style=\"padding-right: 5px\">\n            \n\n<div class=\"kksr-icon\" style=\"width: 24px; height: 24px;\"><\/div>\n        <\/div>\n            <div class=\"kksr-star\" data-star=\"2\" style=\"padding-right: 5px\">\n            \n\n<div class=\"kksr-icon\" style=\"width: 24px; height: 24px;\"><\/div>\n        <\/div>\n            <div class=\"kksr-star\" data-star=\"3\" style=\"padding-right: 5px\">\n            \n\n<div class=\"kksr-icon\" style=\"width: 24px; height: 24px;\"><\/div>\n        <\/div>\n            <div class=\"kksr-star\" data-star=\"4\" style=\"padding-right: 5px\">\n            \n\n<div class=\"kksr-icon\" style=\"width: 24px; height: 24px;\"><\/div>\n        <\/div>\n            <div class=\"kksr-star\" data-star=\"5\" style=\"padding-right: 5px\">\n            \n\n<div class=\"kksr-icon\" style=\"width: 24px; height: 24px;\"><\/div>\n        <\/div>\n    <\/div>\n    \n<div class=\"kksr-stars-active\" style=\"width: 142.5px;\">\n            <div class=\"kksr-star\" style=\"padding-right: 5px\">\n            \n\n<div class=\"kksr-icon\" style=\"width: 24px; height: 24px;\"><\/div>\n        <\/div>\n            <div class=\"kksr-star\" style=\"padding-right: 5px\">\n            \n\n<div class=\"kksr-icon\" style=\"width: 24px; height: 24px;\"><\/div>\n        <\/div>\n            <div class=\"kksr-star\" style=\"padding-right: 5px\">\n            \n\n<div class=\"kksr-icon\" style=\"width: 24px; height: 24px;\"><\/div>\n        <\/div>\n            <div class=\"kksr-star\" style=\"padding-right: 5px\">\n            \n\n<div class=\"kksr-icon\" style=\"width: 24px; height: 24px;\"><\/div>\n        <\/div>\n            <div class=\"kksr-star\" style=\"padding-right: 5px\">\n            \n\n<div class=\"kksr-icon\" style=\"width: 24px; height: 24px;\"><\/div>\n        <\/div>\n    <\/div>\n<\/div>\n                \n\n<div class=\"kksr-legend\" style=\"font-size: 19.2px;\">\n            5\/5    <\/div>\n    <\/div>\n","protected":false},"excerpt":{"rendered":"<p>\u00bfEn qu\u00e9 se diferencia la Gama Esenciales? Este a\u00f1o 2019 es muy importante para nosotros, ya que adem\u00e1s del origen natural de nuestros productos, queremos que todos los envases tambi\u00e9n sigan esta premisa. La Gama Esenciales es nuestra primera apuesta, creada con envases 100% reciclables a base de vidrio, aluminio<\/p>\n","protected":false},"author":10,"featured_media":593,"comment_status":"open","ping_status":"open","sticky":false,"template":"","format":"standard","meta":{"footnotes":""},"categories":[8],"tags":[],"yoast_head":"<!-- This site is optimized with the Yoast SEO plugin v22.6 - https:\/\/yoast.com\/wordpress\/plugins\/seo\/ -->\n<title>Apuesta por la cosm\u00e9tica sostenible<\/title>\n<meta name=\"robots\" content=\"index, follow, max-snippet:-1, max-image-preview:large, max-video-preview:-1\" \/>\n<link rel=\"canonical\" href=\"https:\/\/armoniabio.com\/blog\/apuesta-por-la-cosmetica-sostenible\/\" \/>\n<meta property=\"og:locale\" content=\"es_ES\" \/>\n<meta property=\"og:type\" content=\"article\" \/>\n<meta property=\"og:title\" content=\"Apuesta por la cosm\u00e9tica sostenible\" \/>\n<meta property=\"og:description\" content=\"\u00bfEn qu\u00e9 se diferencia la Gama Esenciales? Este a\u00f1o 2019 es muy importante para nosotros, ya que adem\u00e1s del origen natural de nuestros productos, queremos que todos los envases tambi\u00e9n sigan esta premisa. La Gama Esenciales es nuestra primera apuesta, creada con envases 100% reciclables a base de vidrio, aluminio\" \/>\n<meta property=\"og:url\" content=\"https:\/\/armoniabio.com\/blog\/apuesta-por-la-cosmetica-sostenible\/\" \/>\n<meta property=\"og:site_name\" content=\"Blog armon\u00eda\" \/>\n<meta property=\"article:publisher\" content=\"https:\/\/www.facebook.com\/ArmoniaCosmetica\/\" \/>\n<meta property=\"article:published_time\" content=\"2019-04-03T12:19:48+00:00\" \/>\n<meta property=\"article:modified_time\" content=\"2021-04-12T17:31:32+00:00\" \/>\n<meta property=\"og:image\" content=\"https:\/\/armoniabio.com\/blog\/wp-content\/uploads\/2019\/04\/136-large.jpg\" \/>\n\t<meta property=\"og:image:width\" content=\"812\" \/>\n\t<meta property=\"og:image:height\" content=\"580\" \/>\n\t<meta property=\"og:image:type\" content=\"image\/jpeg\" \/>\n<meta name=\"author\" content=\"Ana de Sus\" \/>\n<meta name=\"twitter:card\" content=\"summary_large_image\" \/>\n<meta name=\"twitter:creator\" content=\"@armoniabio\" \/>\n<meta name=\"twitter:site\" content=\"@armoniabio\" \/>\n<script type=\"application\/ld+json\" class=\"yoast-schema-graph\">{\"@context\":\"https:\/\/schema.org\",\"@graph\":[{\"@type\":\"Article\",\"@id\":\"https:\/\/armoniabio.com\/blog\/apuesta-por-la-cosmetica-sostenible\/#article\",\"isPartOf\":{\"@id\":\"https:\/\/armoniabio.com\/blog\/apuesta-por-la-cosmetica-sostenible\/\"},\"author\":{\"name\":\"Ana de Sus\",\"@id\":\"https:\/\/armoniabio.com\/blog\/#\/schema\/person\/1283d62e62bbb3a937177b0816975498\"},\"headline\":\"Apuesta por la cosm\u00e9tica sostenible\",\"datePublished\":\"2019-04-03T12:19:48+00:00\",\"dateModified\":\"2021-04-12T17:31:32+00:00\",\"mainEntityOfPage\":{\"@id\":\"https:\/\/armoniabio.com\/blog\/apuesta-por-la-cosmetica-sostenible\/\"},\"wordCount\":748,\"commentCount\":0,\"publisher\":{\"@id\":\"https:\/\/armoniabio.com\/blog\/#organization\"},\"image\":{\"@id\":\"https:\/\/armoniabio.com\/blog\/apuesta-por-la-cosmetica-sostenible\/#primaryimage\"},\"thumbnailUrl\":\"https:\/\/armoniabio.com\/blog\/wp-content\/uploads\/2019\/04\/136-large.jpg\",\"articleSection\":[\"Tratamiento de rostro\"],\"inLanguage\":\"es\",\"potentialAction\":[{\"@type\":\"CommentAction\",\"name\":\"Comment\",\"target\":[\"https:\/\/armoniabio.com\/blog\/apuesta-por-la-cosmetica-sostenible\/#respond\"]}]},{\"@type\":\"WebPage\",\"@id\":\"https:\/\/armoniabio.com\/blog\/apuesta-por-la-cosmetica-sostenible\/\",\"url\":\"https:\/\/armoniabio.com\/blog\/apuesta-por-la-cosmetica-sostenible\/\",\"name\":\"Apuesta por la cosm\u00e9tica sostenible\",\"isPartOf\":{\"@id\":\"https:\/\/armoniabio.com\/blog\/#website\"},\"primaryImageOfPage\":{\"@id\":\"https:\/\/armoniabio.com\/blog\/apuesta-por-la-cosmetica-sostenible\/#primaryimage\"},\"image\":{\"@id\":\"https:\/\/armoniabio.com\/blog\/apuesta-por-la-cosmetica-sostenible\/#primaryimage\"},\"thumbnailUrl\":\"https:\/\/armoniabio.com\/blog\/wp-content\/uploads\/2019\/04\/136-large.jpg\",\"datePublished\":\"2019-04-03T12:19:48+00:00\",\"dateModified\":\"2021-04-12T17:31:32+00:00\",\"breadcrumb\":{\"@id\":\"https:\/\/armoniabio.com\/blog\/apuesta-por-la-cosmetica-sostenible\/#breadcrumb\"},\"inLanguage\":\"es\",\"potentialAction\":[{\"@type\":\"ReadAction\",\"target\":[\"https:\/\/armoniabio.com\/blog\/apuesta-por-la-cosmetica-sostenible\/\"]}]},{\"@type\":\"ImageObject\",\"inLanguage\":\"es\",\"@id\":\"https:\/\/armoniabio.com\/blog\/apuesta-por-la-cosmetica-sostenible\/#primaryimage\",\"url\":\"https:\/\/armoniabio.com\/blog\/wp-content\/uploads\/2019\/04\/136-large.jpg\",\"contentUrl\":\"https:\/\/armoniabio.com\/blog\/wp-content\/uploads\/2019\/04\/136-large.jpg\",\"width\":812,\"height\":580},{\"@type\":\"BreadcrumbList\",\"@id\":\"https:\/\/armoniabio.com\/blog\/apuesta-por-la-cosmetica-sostenible\/#breadcrumb\",\"itemListElement\":[{\"@type\":\"ListItem\",\"position\":1,\"name\":\"Portada\",\"item\":\"https:\/\/armoniabio.com\/blog\/\"},{\"@type\":\"ListItem\",\"position\":2,\"name\":\"Apuesta por la cosm\u00e9tica sostenible\"}]},{\"@type\":\"WebSite\",\"@id\":\"https:\/\/armoniabio.com\/blog\/#website\",\"url\":\"https:\/\/armoniabio.com\/blog\/\",\"name\":\"Blog armon\u00eda\",\"description\":\"\",\"publisher\":{\"@id\":\"https:\/\/armoniabio.com\/blog\/#organization\"},\"potentialAction\":[{\"@type\":\"SearchAction\",\"target\":{\"@type\":\"EntryPoint\",\"urlTemplate\":\"https:\/\/armoniabio.com\/blog\/?s={search_term_string}\"},\"query-input\":\"required name=search_term_string\"}],\"inLanguage\":\"es\"},{\"@type\":\"Organization\",\"@id\":\"https:\/\/armoniabio.com\/blog\/#organization\",\"name\":\"Armon\u00eda Cosm\u00e9tica Natural\",\"url\":\"https:\/\/armoniabio.com\/blog\/\",\"logo\":{\"@type\":\"ImageObject\",\"inLanguage\":\"es\",\"@id\":\"https:\/\/armoniabio.com\/blog\/#\/schema\/logo\/image\/\",\"url\":\"http:\/\/armoniabio.com\/blog\/wp-content\/uploads\/2021\/04\/logo_armoniabio.svg\",\"contentUrl\":\"http:\/\/armoniabio.com\/blog\/wp-content\/uploads\/2021\/04\/logo_armoniabio.svg\",\"width\":1,\"height\":1,\"caption\":\"Armon\u00eda Cosm\u00e9tica Natural\"},\"image\":{\"@id\":\"https:\/\/armoniabio.com\/blog\/#\/schema\/logo\/image\/\"},\"sameAs\":[\"https:\/\/www.facebook.com\/ArmoniaCosmetica\/\",\"https:\/\/x.com\/armoniabio\",\"https:\/\/www.instagram.com\/armoniabio\/\",\"https:\/\/www.pinterest.es\/armonacosmticanatural\/\",\"https:\/\/www.youtube.com\/channel\/UCvRU98h_rm6BNIt8CAJtQbw\"]},{\"@type\":\"Person\",\"@id\":\"https:\/\/armoniabio.com\/blog\/#\/schema\/person\/1283d62e62bbb3a937177b0816975498\",\"name\":\"Ana de Sus\"}]}<\/script>\n<!-- \/ Yoast SEO plugin. -->","yoast_head_json":{"title":"Apuesta por la cosm\u00e9tica sostenible","robots":{"index":"index","follow":"follow","max-snippet":"max-snippet:-1","max-image-preview":"max-image-preview:large","max-video-preview":"max-video-preview:-1"},"canonical":"https:\/\/armoniabio.com\/blog\/apuesta-por-la-cosmetica-sostenible\/","og_locale":"es_ES","og_type":"article","og_title":"Apuesta por la cosm\u00e9tica sostenible","og_description":"\u00bfEn qu\u00e9 se diferencia la Gama Esenciales? Este a\u00f1o 2019 es muy importante para nosotros, ya que adem\u00e1s del origen natural de nuestros productos, queremos que todos los envases tambi\u00e9n sigan esta premisa. La Gama Esenciales es nuestra primera apuesta, creada con envases 100% reciclables a base de vidrio, aluminio","og_url":"https:\/\/armoniabio.com\/blog\/apuesta-por-la-cosmetica-sostenible\/","og_site_name":"Blog armon\u00eda","article_publisher":"https:\/\/www.facebook.com\/ArmoniaCosmetica\/","article_published_time":"2019-04-03T12:19:48+00:00","article_modified_time":"2021-04-12T17:31:32+00:00","og_image":[{"width":812,"height":580,"url":"https:\/\/armoniabio.com\/blog\/wp-content\/uploads\/2019\/04\/136-large.jpg","type":"image\/jpeg"}],"author":"Ana de Sus","twitter_card":"summary_large_image","twitter_creator":"@armoniabio","twitter_site":"@armoniabio","schema":{"@context":"https:\/\/schema.org","@graph":[{"@type":"Article","@id":"https:\/\/armoniabio.com\/blog\/apuesta-por-la-cosmetica-sostenible\/#article","isPartOf":{"@id":"https:\/\/armoniabio.com\/blog\/apuesta-por-la-cosmetica-sostenible\/"},"author":{"name":"Ana de Sus","@id":"https:\/\/armoniabio.com\/blog\/#\/schema\/person\/1283d62e62bbb3a937177b0816975498"},"headline":"Apuesta por la cosm\u00e9tica sostenible","datePublished":"2019-04-03T12:19:48+00:00","dateModified":"2021-04-12T17:31:32+00:00","mainEntityOfPage":{"@id":"https:\/\/armoniabio.com\/blog\/apuesta-por-la-cosmetica-sostenible\/"},"wordCount":748,"commentCount":0,"publisher":{"@id":"https:\/\/armoniabio.com\/blog\/#organization"},"image":{"@id":"https:\/\/armoniabio.com\/blog\/apuesta-por-la-cosmetica-sostenible\/#primaryimage"},"thumbnailUrl":"https:\/\/armoniabio.com\/blog\/wp-content\/uploads\/2019\/04\/136-large.jpg","articleSection":["Tratamiento de rostro"],"inLanguage":"es","potentialAction":[{"@type":"CommentAction","name":"Comment","target":["https:\/\/armoniabio.com\/blog\/apuesta-por-la-cosmetica-sostenible\/#respond"]}]},{"@type":"WebPage","@id":"https:\/\/armoniabio.com\/blog\/apuesta-por-la-cosmetica-sostenible\/","url":"https:\/\/armoniabio.com\/blog\/apuesta-por-la-cosmetica-sostenible\/","name":"Apuesta por la cosm\u00e9tica sostenible","isPartOf":{"@id":"https:\/\/armoniabio.com\/blog\/#website"},"primaryImageOfPage":{"@id":"https:\/\/armoniabio.com\/blog\/apuesta-por-la-cosmetica-sostenible\/#primaryimage"},"image":{"@id":"https:\/\/armoniabio.com\/blog\/apuesta-por-la-cosmetica-sostenible\/#primaryimage"},"thumbnailUrl":"https:\/\/armoniabio.com\/blog\/wp-content\/uploads\/2019\/04\/136-large.jpg","datePublished":"2019-04-03T12:19:48+00:00","dateModified":"2021-04-12T17:31:32+00:00","breadcrumb":{"@id":"https:\/\/armoniabio.com\/blog\/apuesta-por-la-cosmetica-sostenible\/#breadcrumb"},"inLanguage":"es","potentialAction":[{"@type":"ReadAction","target":["https:\/\/armoniabio.com\/blog\/apuesta-por-la-cosmetica-sostenible\/"]}]},{"@type":"ImageObject","inLanguage":"es","@id":"https:\/\/armoniabio.com\/blog\/apuesta-por-la-cosmetica-sostenible\/#primaryimage","url":"https:\/\/armoniabio.com\/blog\/wp-content\/uploads\/2019\/04\/136-large.jpg","contentUrl":"https:\/\/armoniabio.com\/blog\/wp-content\/uploads\/2019\/04\/136-large.jpg","width":812,"height":580},{"@type":"BreadcrumbList","@id":"https:\/\/armoniabio.com\/blog\/apuesta-por-la-cosmetica-sostenible\/#breadcrumb","itemListElement":[{"@type":"ListItem","position":1,"name":"Portada","item":"https:\/\/armoniabio.com\/blog\/"},{"@type":"ListItem","position":2,"name":"Apuesta por la cosm\u00e9tica sostenible"}]},{"@type":"WebSite","@id":"https:\/\/armoniabio.com\/blog\/#website","url":"https:\/\/armoniabio.com\/blog\/","name":"Blog armon\u00eda","description":"","publisher":{"@id":"https:\/\/armoniabio.com\/blog\/#organization"},"potentialAction":[{"@type":"SearchAction","target":{"@type":"EntryPoint","urlTemplate":"https:\/\/armoniabio.com\/blog\/?s={search_term_string}"},"query-input":"required name=search_term_string"}],"inLanguage":"es"},{"@type":"Organization","@id":"https:\/\/armoniabio.com\/blog\/#organization","name":"Armon\u00eda Cosm\u00e9tica Natural","url":"https:\/\/armoniabio.com\/blog\/","logo":{"@type":"ImageObject","inLanguage":"es","@id":"https:\/\/armoniabio.com\/blog\/#\/schema\/logo\/image\/","url":"http:\/\/armoniabio.com\/blog\/wp-content\/uploads\/2021\/04\/logo_armoniabio.svg","contentUrl":"http:\/\/armoniabio.com\/blog\/wp-content\/uploads\/2021\/04\/logo_armoniabio.svg","width":1,"height":1,"caption":"Armon\u00eda Cosm\u00e9tica Natural"},"image":{"@id":"https:\/\/armoniabio.com\/blog\/#\/schema\/logo\/image\/"},"sameAs":["https:\/\/www.facebook.com\/ArmoniaCosmetica\/","https:\/\/x.com\/armoniabio","https:\/\/www.instagram.com\/armoniabio\/","https:\/\/www.pinterest.es\/armonacosmticanatural\/","https:\/\/www.youtube.com\/channel\/UCvRU98h_rm6BNIt8CAJtQbw"]},{"@type":"Person","@id":"https:\/\/armoniabio.com\/blog\/#\/schema\/person\/1283d62e62bbb3a937177b0816975498","name":"Ana de Sus"}]}},"_links":{"self":[{"href":"https:\/\/armoniabio.com\/blog\/wp-json\/wp\/v2\/posts\/516"}],"collection":[{"href":"https:\/\/armoniabio.com\/blog\/wp-json\/wp\/v2\/posts"}],"about":[{"href":"https:\/\/armoniabio.com\/blog\/wp-json\/wp\/v2\/types\/post"}],"author":[{"embeddable":true,"href":"https:\/\/armoniabio.com\/blog\/wp-json\/wp\/v2\/users\/10"}],"replies":[{"embeddable":true,"href":"https:\/\/armoniabio.com\/blog\/wp-json\/wp\/v2\/comments?post=516"}],"version-history":[{"count":3,"href":"https:\/\/armoniabio.com\/blog\/wp-json\/wp\/v2\/posts\/516\/revisions"}],"predecessor-version":[{"id":941,"href":"https:\/\/armoniabio.com\/blog\/wp-json\/wp\/v2\/posts\/516\/revisions\/941"}],"wp:featuredmedia":[{"embeddable":true,"href":"https:\/\/armoniabio.com\/blog\/wp-json\/wp\/v2\/media\/593"}],"wp:attachment":[{"href":"https:\/\/armoniabio.com\/blog\/wp-json\/wp\/v2\/media?parent=516"}],"wp:term":[{"taxonomy":"category","embeddable":true,"href":"https:\/\/armoniabio.com\/blog\/wp-json\/wp\/v2\/categories?post=516"},{"taxonomy":"post_tag","embeddable":true,"href":"https:\/\/armoniabio.com\/blog\/wp-json\/wp\/v2\/tags?post=516"}],"curies":[{"name":"wp","href":"https:\/\/api.w.org\/{rel}","templated":true}]}}