{"id":515,"date":"2019-03-21T13:38:34","date_gmt":"2019-03-21T12:38:34","guid":{"rendered":""},"modified":"2021-08-30T10:16:26","modified_gmt":"2021-08-30T08:16:26","slug":"sabes-que-a-tu-piel-tambien-le-afecta-la-astenia-primaveral","status":"publish","type":"post","link":"https:\/\/armoniabio.com\/blog\/sabes-que-a-tu-piel-tambien-le-afecta-la-astenia-primaveral\/","title":{"rendered":"\u00bfSabes que a tu piel tambi\u00e9n le afecta la astenia primaveral?"},"content":{"rendered":"<p>Cada cambio de estaci\u00f3n nos exige un cambio personal, alimenticio, y de armario. Si en <strong>invierno<\/strong>, el fr\u00edo y el aire seco de la calefacci\u00f3n son nuestros enemigos a batir. En <strong>primavera<\/strong> y <strong>verano<\/strong> con las subida de la temperatura, lo que m\u00e1s nos preocupa son los da\u00f1os solares.<\/p>\n<p>Todo nuestro cuerpo tiene que <strong>adaptarse<\/strong>, ya que el cambio estacional, es uno de los factores externos que pueden afectar a nuestro sistema cut\u00e1neo, independientemente de las caracter\u00edsticas que tenga nuestra piel.<\/p>\n<div id=\"ez-toc-container\" class=\"ez-toc-v2_0_77 counter-hierarchy ez-toc-counter ez-toc-grey ez-toc-container-direction\">\n<div class=\"ez-toc-title-container\">\n<p class=\"ez-toc-title\" style=\"cursor:inherit\">\u00cdndice de contenidos:<\/p>\n<span class=\"ez-toc-title-toggle\"><a href=\"#\" class=\"ez-toc-pull-right ez-toc-btn ez-toc-btn-xs ez-toc-btn-default ez-toc-toggle\" aria-label=\"Alternar tabla de contenidos\"><span class=\"ez-toc-js-icon-con\"><span class=\"\"><span class=\"eztoc-hide\" style=\"display:none;\">Toggle<\/span><span class=\"ez-toc-icon-toggle-span\"><svg style=\"fill: #999;color:#999\" xmlns=\"http:\/\/www.w3.org\/2000\/svg\" class=\"list-377408\" width=\"20px\" height=\"20px\" viewBox=\"0 0 24 24\" fill=\"none\"><path d=\"M6 6H4v2h2V6zm14 0H8v2h12V6zM4 11h2v2H4v-2zm16 0H8v2h12v-2zM4 16h2v2H4v-2zm16 0H8v2h12v-2z\" fill=\"currentColor\"><\/path><\/svg><svg style=\"fill: #999;color:#999\" class=\"arrow-unsorted-368013\" xmlns=\"http:\/\/www.w3.org\/2000\/svg\" width=\"10px\" height=\"10px\" viewBox=\"0 0 24 24\" version=\"1.2\" baseProfile=\"tiny\"><path d=\"M18.2 9.3l-6.2-6.3-6.2 6.3c-.2.2-.3.4-.3.7s.1.5.3.7c.2.2.4.3.7.3h11c.3 0 .5-.1.7-.3.2-.2.3-.5.3-.7s-.1-.5-.3-.7zM5.8 14.7l6.2 6.3 6.2-6.3c.2-.2.3-.5.3-.7s-.1-.5-.3-.7c-.2-.2-.4-.3-.7-.3h-11c-.3 0-.5.1-.7.3-.2.2-.3.5-.3.7s.1.5.3.7z\"\/><\/svg><\/span><\/span><\/span><\/a><\/span><\/div>\n<nav><ul class='ez-toc-list ez-toc-list-level-1 ' ><li class='ez-toc-page-1 ez-toc-heading-level-2'><a class=\"ez-toc-link ez-toc-heading-1\" href=\"https:\/\/armoniabio.com\/blog\/sabes-que-a-tu-piel-tambien-le-afecta-la-astenia-primaveral\/#%C2%BFQue_cambios_se_producen_en_la_piel_como_consecuencia_de_la_astenia_primaveral\" >\u00bfQu\u00e9 cambios se producen en la piel como consecuencia de la astenia primaveral<\/a><\/li><li class='ez-toc-page-1 ez-toc-heading-level-2'><a class=\"ez-toc-link ez-toc-heading-2\" href=\"https:\/\/armoniabio.com\/blog\/sabes-que-a-tu-piel-tambien-le-afecta-la-astenia-primaveral\/#%C2%BFComo_adapto_mi_rutina_facial_a_la_astenia_primaveral\" >\u00bfC\u00f3mo adapto mi rutina facial a la astenia primaveral?<\/a><\/li><\/ul><\/nav><\/div>\n<h2><span class=\"ez-toc-section\" id=\"%C2%BFQue_cambios_se_producen_en_la_piel_como_consecuencia_de_la_astenia_primaveral\"><\/span>\u00bfQu\u00e9 cambios se producen en la piel como consecuencia de la astenia primaveral<span class=\"ez-toc-section-end\"><\/span><\/h2>\n<p>Pueden aparecen transformaciones como <strong>descamaci\u00f3n<\/strong> en las piernas y brazos, <strong>picores, exceso de sebo <\/strong>en el rostro, incluso<strong> granitos.<\/strong> El sol nos ataca con m\u00e1s fuerza, las temperaturas suben, por lo que tendemos a sudar m\u00e1s, los niveles de humedad tambi\u00e9n aumentan y hay quien sufre reacciones al\u00e9rgicas que pueden manifestarse en el cutis.<\/p>\n<p>Pero, \u00a1tranquilas!, hay remedio para evitar que la piel se altere, y un peque\u00f1o cambio en nuestro neceser con la llegada de la primavera puede bastar para paliar esos efectos da\u00f1inos y estar preparadas.&gt;<\/p>\n<h2><span class=\"ez-toc-section\" id=\"%C2%BFComo_adapto_mi_rutina_facial_a_la_astenia_primaveral\"><\/span>\u00bfC\u00f3mo adapto mi rutina facial a la astenia primaveral?<span class=\"ez-toc-section-end\"><\/span><\/h2>\n<p>Si bien es cierto que en todas las estaciones son imprescindibles los pasos de<strong> limpieza, tonificaci\u00f3n, hidrataci\u00f3n, tratamiento<\/strong> y <strong>fotoprotecci\u00f3n,<\/strong> en primavera, debes adaptar tu rutina a esta \u00e9poca del a\u00f1o:<\/p>\n<ul>\n<li style=\"font-family: arial, helvetica, sans-serif; font-size: 10pt;\"><span style=\"font-size: 12pt;\"><span style=\"font-size: 12pt;\"><strong>Revitaliza.<\/strong> Si piensas que tu hidratante facial favorita funciona todo el a\u00f1o y te resistes a cambiarla, debes saber que est\u00e1s equivocada. Est\u00e1s cometiendo un error muy com\u00fan en el cuidado de la piel. Igual que cambiamos el abrigo por la cazadora vaquera cuando llega la primavera, lo mismo debemos hacer con la crema hidratante: una de textura m\u00e1s cremosa en invierno y otra <strong>m\u00e1s ligera y refrescante en primavera.<\/strong><\/span><\/span><\/li>\n<li>El sol empieza a apretar con m\u00e1s fuerza. Si en invierno es necesario el uso del protector solar a diario, en primavera todav\u00eda m\u00e1s. En \u00e9sta \u00e9poca debes aplicar un <strong>protector solar alto<\/strong> teniendo en cuenta tu <strong>fototipo de piel, ya que la radiaci\u00f3n ultravioleta comienza a ser m\u00e1s perjudicial.\u00a0<em><span style=\"color: #9ebf43;\"><a href=\"https:\/\/armoniabio.com\/hidratante-corporal\/crema-solar-spf50-sport-line.html\" target=\"_blank\" rel=\"noopener noreferrer\"><span style=\"color: #9ebf43;\">Crema solar SPF50<\/span><\/a><\/span><\/em><\/strong><\/li>\n<li>La <strong>hidrataci\u00f3n y humectaci\u00f3n<\/strong> de la piel debe ser continua. Lleva contigo en el bolso un agua de rosas <strong>como t\u00f3nico facial<\/strong> para refrescar la piel. Roc\u00eda un poco por toda la cara de manera regular a lo largo del d\u00eda para obtener un efecto revitalizante. Adem\u00e1s, es rica en antioxidantes, convirti\u00e9ndose as\u00ed en un producto excelente para <strong>reparar y tonificar la piel para reavivar la piel de tu rostro.\u00a0<em><span style=\"color: #9ebf43;\"><a href=\"https:\/\/armoniabio.com\/desmaquillante-natural\/agua-de-rosas.html\" target=\"_blank\" rel=\"noopener noreferrer\"><span style=\"color: #9ebf43;\">T\u00f3nico agua de rosas<\/span><\/a><\/span><\/em><\/strong><\/li>\n<li>Con el calorcito vas a quitarte las medias y a destapar tu piel. Aplica a diario una crema corporal para recuperar su tersura, luminosidad y mejorar su aspecto.\u00a0<span style=\"color: #9ebf43;\"><em><strong><a href=\"https:\/\/armoniabio.com\/hidratante-corporal\/locion-corporal-helix-active.html\" target=\"_blank\" rel=\"noopener noreferrer\"><span style=\"color: #9ebf43;\">Loci\u00f3n corporal hidratante Helix Acive<\/span><\/a><\/strong><\/em><\/span><\/li>\n<li>En esta temporada, tambi\u00e9n se debe complementar el cuidado de la piel con la incorporaci\u00f3n de nutrientes a la <strong>dieta<\/strong> que activen el sistema inmune y eviten la formaci\u00f3n de radicales libres como las <strong>Vitaminas C y E, el \u00e1cido f\u00f3lico<\/strong> (presente en vegetales verdes y legumbres) y el licopeno (presente en la frutas y verduras de color rojo), entre otros.<\/li>\n<li>Los pacientes que sufran manifestaciones cut\u00e1neas debido a alergias propias de esta \u00e9poca deber\u00e1n tomar medidas para prevenirlas o contrarrestarlas y acudir al <strong>dermat\u00f3logo.\u00a0<\/strong><\/li>\n<\/ul>\n<p>Con estos tips, pasar\u00e1s con nota la prueba del cambio estacional. Y recuerda, \u00a1la primavera la sangre y tu piel altera!<\/p>\n<hr \/>\n<p><strong>\u00bfSab\u00edas que el 50% de la poblaci\u00f3n espa\u00f1ola tiene un d\u00e9ficit de vitamina D?<br \/>\n<\/strong>Los beneficios de esta vitamina, aparte de favorecer la fijaci\u00f3n del calcio en los huesos y ser vital para prevenir la osteoporosis, se comporta como una hormona <strong>clave para la salud<\/strong> en general. Nuestro organismo produce la vitamina D cuando la piel se <strong>expone al sol.<\/strong> Aprovecha esta \u00e9poca del a\u00f1o y si puedes, sal a caminar por la ma\u00f1ana o al mediod\u00eda o aprovecha los descansos en el trabajo para salir fuera y que te d\u00e9 un poquito de sol.<\/p>\n\n\n<div class=\"kk-star-ratings kksr-auto kksr-align-left kksr-valign-bottom\"\n    data-payload='{&quot;align&quot;:&quot;left&quot;,&quot;id&quot;:&quot;515&quot;,&quot;slug&quot;:&quot;default&quot;,&quot;valign&quot;:&quot;bottom&quot;,&quot;ignore&quot;:&quot;&quot;,&quot;reference&quot;:&quot;auto&quot;,&quot;class&quot;:&quot;&quot;,&quot;count&quot;:&quot;1&quot;,&quot;legendonly&quot;:&quot;&quot;,&quot;readonly&quot;:&quot;&quot;,&quot;score&quot;:&quot;5&quot;,&quot;starsonly&quot;:&quot;&quot;,&quot;best&quot;:&quot;5&quot;,&quot;gap&quot;:&quot;5&quot;,&quot;greet&quot;:&quot;\\u00bfTe ha gustado nuestro contenido?&quot;,&quot;legend&quot;:&quot;5\\\/5&quot;,&quot;size&quot;:&quot;24&quot;,&quot;title&quot;:&quot;\\u00bfSabes que a tu piel tambi\\u00e9n le afecta la astenia primaveral?&quot;,&quot;width&quot;:&quot;142.5&quot;,&quot;_legend&quot;:&quot;{score}\\\/{best}&quot;,&quot;font_factor&quot;:&quot;1.25&quot;}'>\n            \n<div class=\"kksr-stars\">\n    \n<div class=\"kksr-stars-inactive\">\n            <div class=\"kksr-star\" data-star=\"1\" style=\"padding-right: 5px\">\n            \n\n<div class=\"kksr-icon\" style=\"width: 24px; height: 24px;\"><\/div>\n        <\/div>\n            <div class=\"kksr-star\" data-star=\"2\" style=\"padding-right: 5px\">\n            \n\n<div class=\"kksr-icon\" style=\"width: 24px; height: 24px;\"><\/div>\n        <\/div>\n            <div class=\"kksr-star\" data-star=\"3\" style=\"padding-right: 5px\">\n            \n\n<div class=\"kksr-icon\" style=\"width: 24px; height: 24px;\"><\/div>\n        <\/div>\n            <div class=\"kksr-star\" data-star=\"4\" style=\"padding-right: 5px\">\n            \n\n<div class=\"kksr-icon\" style=\"width: 24px; height: 24px;\"><\/div>\n        <\/div>\n            <div class=\"kksr-star\" data-star=\"5\" style=\"padding-right: 5px\">\n            \n\n<div class=\"kksr-icon\" style=\"width: 24px; height: 24px;\"><\/div>\n        <\/div>\n    <\/div>\n    \n<div class=\"kksr-stars-active\" style=\"width: 142.5px;\">\n            <div class=\"kksr-star\" style=\"padding-right: 5px\">\n            \n\n<div class=\"kksr-icon\" style=\"width: 24px; height: 24px;\"><\/div>\n        <\/div>\n            <div class=\"kksr-star\" style=\"padding-right: 5px\">\n            \n\n<div class=\"kksr-icon\" style=\"width: 24px; height: 24px;\"><\/div>\n        <\/div>\n            <div class=\"kksr-star\" style=\"padding-right: 5px\">\n            \n\n<div class=\"kksr-icon\" style=\"width: 24px; height: 24px;\"><\/div>\n        <\/div>\n            <div class=\"kksr-star\" style=\"padding-right: 5px\">\n            \n\n<div class=\"kksr-icon\" style=\"width: 24px; height: 24px;\"><\/div>\n        <\/div>\n            <div class=\"kksr-star\" style=\"padding-right: 5px\">\n            \n\n<div class=\"kksr-icon\" style=\"width: 24px; height: 24px;\"><\/div>\n        <\/div>\n    <\/div>\n<\/div>\n                \n\n<div class=\"kksr-legend\" style=\"font-size: 19.2px;\">\n            5\/5    <\/div>\n    <\/div>\n","protected":false},"excerpt":{"rendered":"<p>Cada cambio de estaci\u00f3n nos exige un cambio personal, alimenticio, y de armario. Si en invierno, el fr\u00edo y el aire seco de la calefacci\u00f3n son nuestros enemigos a batir. En primavera y verano con las subida de la temperatura, lo que m\u00e1s nos preocupa son los da\u00f1os solares. Todo<\/p>\n","protected":false},"author":10,"featured_media":595,"comment_status":"open","ping_status":"open","sticky":false,"template":"","format":"standard","meta":{"footnotes":""},"categories":[9,12,6,8],"tags":[],"yoast_head":"<!-- This site is optimized with the Yoast SEO plugin v22.6 - https:\/\/yoast.com\/wordpress\/plugins\/seo\/ -->\n<title>\u00bfSabes que a tu piel tambi\u00e9n le afecta la astenia primaveral?<\/title>\n<meta name=\"robots\" content=\"index, follow, max-snippet:-1, max-image-preview:large, max-video-preview:-1\" \/>\n<link rel=\"canonical\" href=\"https:\/\/armoniabio.com\/blog\/sabes-que-a-tu-piel-tambien-le-afecta-la-astenia-primaveral\/\" \/>\n<meta property=\"og:locale\" content=\"es_ES\" \/>\n<meta property=\"og:type\" content=\"article\" \/>\n<meta property=\"og:title\" content=\"\u00bfSabes que a tu piel tambi\u00e9n le afecta la astenia primaveral?\" \/>\n<meta property=\"og:description\" content=\"Cada cambio de estaci\u00f3n nos exige un cambio personal, alimenticio, y de armario. Si en invierno, el fr\u00edo y el aire seco de la calefacci\u00f3n son nuestros enemigos a batir. En primavera y verano con las subida de la temperatura, lo que m\u00e1s nos preocupa son los da\u00f1os solares. Todo\" \/>\n<meta property=\"og:url\" content=\"https:\/\/armoniabio.com\/blog\/sabes-que-a-tu-piel-tambien-le-afecta-la-astenia-primaveral\/\" \/>\n<meta property=\"og:site_name\" content=\"Blog armon\u00eda\" \/>\n<meta property=\"article:publisher\" content=\"https:\/\/www.facebook.com\/ArmoniaCosmetica\/\" \/>\n<meta property=\"article:published_time\" content=\"2019-03-21T12:38:34+00:00\" \/>\n<meta property=\"article:modified_time\" content=\"2021-08-30T08:16:26+00:00\" \/>\n<meta property=\"og:image\" content=\"https:\/\/armoniabio.com\/blog\/wp-content\/uploads\/2019\/03\/135-large.jpg\" \/>\n\t<meta property=\"og:image:width\" content=\"812\" \/>\n\t<meta property=\"og:image:height\" content=\"580\" \/>\n\t<meta property=\"og:image:type\" content=\"image\/jpeg\" \/>\n<meta name=\"author\" content=\"Ana de Sus\" \/>\n<meta name=\"twitter:card\" content=\"summary_large_image\" \/>\n<meta name=\"twitter:creator\" content=\"@armoniabio\" \/>\n<meta name=\"twitter:site\" content=\"@armoniabio\" \/>\n<script type=\"application\/ld+json\" class=\"yoast-schema-graph\">{\"@context\":\"https:\/\/schema.org\",\"@graph\":[{\"@type\":\"Article\",\"@id\":\"https:\/\/armoniabio.com\/blog\/sabes-que-a-tu-piel-tambien-le-afecta-la-astenia-primaveral\/#article\",\"isPartOf\":{\"@id\":\"https:\/\/armoniabio.com\/blog\/sabes-que-a-tu-piel-tambien-le-afecta-la-astenia-primaveral\/\"},\"author\":{\"name\":\"Ana de Sus\",\"@id\":\"https:\/\/armoniabio.com\/blog\/#\/schema\/person\/1283d62e62bbb3a937177b0816975498\"},\"headline\":\"\u00bfSabes que a tu piel tambi\u00e9n le afecta la astenia primaveral?\",\"datePublished\":\"2019-03-21T12:38:34+00:00\",\"dateModified\":\"2021-08-30T08:16:26+00:00\",\"mainEntityOfPage\":{\"@id\":\"https:\/\/armoniabio.com\/blog\/sabes-que-a-tu-piel-tambien-le-afecta-la-astenia-primaveral\/\"},\"wordCount\":720,\"commentCount\":0,\"publisher\":{\"@id\":\"https:\/\/armoniabio.com\/blog\/#organization\"},\"image\":{\"@id\":\"https:\/\/armoniabio.com\/blog\/sabes-que-a-tu-piel-tambien-le-afecta-la-astenia-primaveral\/#primaryimage\"},\"thumbnailUrl\":\"https:\/\/armoniabio.com\/blog\/wp-content\/uploads\/2019\/03\/135-large.jpg\",\"articleSection\":[\"Belleza\",\"Consejo de experta\",\"Corporal y solar\",\"Tratamiento de rostro\"],\"inLanguage\":\"es\",\"potentialAction\":[{\"@type\":\"CommentAction\",\"name\":\"Comment\",\"target\":[\"https:\/\/armoniabio.com\/blog\/sabes-que-a-tu-piel-tambien-le-afecta-la-astenia-primaveral\/#respond\"]}]},{\"@type\":\"WebPage\",\"@id\":\"https:\/\/armoniabio.com\/blog\/sabes-que-a-tu-piel-tambien-le-afecta-la-astenia-primaveral\/\",\"url\":\"https:\/\/armoniabio.com\/blog\/sabes-que-a-tu-piel-tambien-le-afecta-la-astenia-primaveral\/\",\"name\":\"\u00bfSabes que a tu piel tambi\u00e9n le afecta la astenia primaveral?\",\"isPartOf\":{\"@id\":\"https:\/\/armoniabio.com\/blog\/#website\"},\"primaryImageOfPage\":{\"@id\":\"https:\/\/armoniabio.com\/blog\/sabes-que-a-tu-piel-tambien-le-afecta-la-astenia-primaveral\/#primaryimage\"},\"image\":{\"@id\":\"https:\/\/armoniabio.com\/blog\/sabes-que-a-tu-piel-tambien-le-afecta-la-astenia-primaveral\/#primaryimage\"},\"thumbnailUrl\":\"https:\/\/armoniabio.com\/blog\/wp-content\/uploads\/2019\/03\/135-large.jpg\",\"datePublished\":\"2019-03-21T12:38:34+00:00\",\"dateModified\":\"2021-08-30T08:16:26+00:00\",\"breadcrumb\":{\"@id\":\"https:\/\/armoniabio.com\/blog\/sabes-que-a-tu-piel-tambien-le-afecta-la-astenia-primaveral\/#breadcrumb\"},\"inLanguage\":\"es\",\"potentialAction\":[{\"@type\":\"ReadAction\",\"target\":[\"https:\/\/armoniabio.com\/blog\/sabes-que-a-tu-piel-tambien-le-afecta-la-astenia-primaveral\/\"]}]},{\"@type\":\"ImageObject\",\"inLanguage\":\"es\",\"@id\":\"https:\/\/armoniabio.com\/blog\/sabes-que-a-tu-piel-tambien-le-afecta-la-astenia-primaveral\/#primaryimage\",\"url\":\"https:\/\/armoniabio.com\/blog\/wp-content\/uploads\/2019\/03\/135-large.jpg\",\"contentUrl\":\"https:\/\/armoniabio.com\/blog\/wp-content\/uploads\/2019\/03\/135-large.jpg\",\"width\":812,\"height\":580},{\"@type\":\"BreadcrumbList\",\"@id\":\"https:\/\/armoniabio.com\/blog\/sabes-que-a-tu-piel-tambien-le-afecta-la-astenia-primaveral\/#breadcrumb\",\"itemListElement\":[{\"@type\":\"ListItem\",\"position\":1,\"name\":\"Portada\",\"item\":\"https:\/\/armoniabio.com\/blog\/\"},{\"@type\":\"ListItem\",\"position\":2,\"name\":\"\u00bfSabes que a tu piel tambi\u00e9n le afecta la astenia primaveral?\"}]},{\"@type\":\"WebSite\",\"@id\":\"https:\/\/armoniabio.com\/blog\/#website\",\"url\":\"https:\/\/armoniabio.com\/blog\/\",\"name\":\"Blog armon\u00eda\",\"description\":\"\",\"publisher\":{\"@id\":\"https:\/\/armoniabio.com\/blog\/#organization\"},\"potentialAction\":[{\"@type\":\"SearchAction\",\"target\":{\"@type\":\"EntryPoint\",\"urlTemplate\":\"https:\/\/armoniabio.com\/blog\/?s={search_term_string}\"},\"query-input\":\"required name=search_term_string\"}],\"inLanguage\":\"es\"},{\"@type\":\"Organization\",\"@id\":\"https:\/\/armoniabio.com\/blog\/#organization\",\"name\":\"Armon\u00eda Cosm\u00e9tica Natural\",\"url\":\"https:\/\/armoniabio.com\/blog\/\",\"logo\":{\"@type\":\"ImageObject\",\"inLanguage\":\"es\",\"@id\":\"https:\/\/armoniabio.com\/blog\/#\/schema\/logo\/image\/\",\"url\":\"http:\/\/armoniabio.com\/blog\/wp-content\/uploads\/2021\/04\/logo_armoniabio.svg\",\"contentUrl\":\"http:\/\/armoniabio.com\/blog\/wp-content\/uploads\/2021\/04\/logo_armoniabio.svg\",\"width\":1,\"height\":1,\"caption\":\"Armon\u00eda Cosm\u00e9tica Natural\"},\"image\":{\"@id\":\"https:\/\/armoniabio.com\/blog\/#\/schema\/logo\/image\/\"},\"sameAs\":[\"https:\/\/www.facebook.com\/ArmoniaCosmetica\/\",\"https:\/\/x.com\/armoniabio\",\"https:\/\/www.instagram.com\/armoniabio\/\",\"https:\/\/www.pinterest.es\/armonacosmticanatural\/\",\"https:\/\/www.youtube.com\/channel\/UCvRU98h_rm6BNIt8CAJtQbw\"]},{\"@type\":\"Person\",\"@id\":\"https:\/\/armoniabio.com\/blog\/#\/schema\/person\/1283d62e62bbb3a937177b0816975498\",\"name\":\"Ana de Sus\"}]}<\/script>\n<!-- \/ Yoast SEO plugin. -->","yoast_head_json":{"title":"\u00bfSabes que a tu piel tambi\u00e9n le afecta la astenia primaveral?","robots":{"index":"index","follow":"follow","max-snippet":"max-snippet:-1","max-image-preview":"max-image-preview:large","max-video-preview":"max-video-preview:-1"},"canonical":"https:\/\/armoniabio.com\/blog\/sabes-que-a-tu-piel-tambien-le-afecta-la-astenia-primaveral\/","og_locale":"es_ES","og_type":"article","og_title":"\u00bfSabes que a tu piel tambi\u00e9n le afecta la astenia primaveral?","og_description":"Cada cambio de estaci\u00f3n nos exige un cambio personal, alimenticio, y de armario. Si en invierno, el fr\u00edo y el aire seco de la calefacci\u00f3n son nuestros enemigos a batir. En primavera y verano con las subida de la temperatura, lo que m\u00e1s nos preocupa son los da\u00f1os solares. Todo","og_url":"https:\/\/armoniabio.com\/blog\/sabes-que-a-tu-piel-tambien-le-afecta-la-astenia-primaveral\/","og_site_name":"Blog armon\u00eda","article_publisher":"https:\/\/www.facebook.com\/ArmoniaCosmetica\/","article_published_time":"2019-03-21T12:38:34+00:00","article_modified_time":"2021-08-30T08:16:26+00:00","og_image":[{"width":812,"height":580,"url":"https:\/\/armoniabio.com\/blog\/wp-content\/uploads\/2019\/03\/135-large.jpg","type":"image\/jpeg"}],"author":"Ana de Sus","twitter_card":"summary_large_image","twitter_creator":"@armoniabio","twitter_site":"@armoniabio","schema":{"@context":"https:\/\/schema.org","@graph":[{"@type":"Article","@id":"https:\/\/armoniabio.com\/blog\/sabes-que-a-tu-piel-tambien-le-afecta-la-astenia-primaveral\/#article","isPartOf":{"@id":"https:\/\/armoniabio.com\/blog\/sabes-que-a-tu-piel-tambien-le-afecta-la-astenia-primaveral\/"},"author":{"name":"Ana de Sus","@id":"https:\/\/armoniabio.com\/blog\/#\/schema\/person\/1283d62e62bbb3a937177b0816975498"},"headline":"\u00bfSabes que a tu piel tambi\u00e9n le afecta la astenia primaveral?","datePublished":"2019-03-21T12:38:34+00:00","dateModified":"2021-08-30T08:16:26+00:00","mainEntityOfPage":{"@id":"https:\/\/armoniabio.com\/blog\/sabes-que-a-tu-piel-tambien-le-afecta-la-astenia-primaveral\/"},"wordCount":720,"commentCount":0,"publisher":{"@id":"https:\/\/armoniabio.com\/blog\/#organization"},"image":{"@id":"https:\/\/armoniabio.com\/blog\/sabes-que-a-tu-piel-tambien-le-afecta-la-astenia-primaveral\/#primaryimage"},"thumbnailUrl":"https:\/\/armoniabio.com\/blog\/wp-content\/uploads\/2019\/03\/135-large.jpg","articleSection":["Belleza","Consejo de experta","Corporal y solar","Tratamiento de rostro"],"inLanguage":"es","potentialAction":[{"@type":"CommentAction","name":"Comment","target":["https:\/\/armoniabio.com\/blog\/sabes-que-a-tu-piel-tambien-le-afecta-la-astenia-primaveral\/#respond"]}]},{"@type":"WebPage","@id":"https:\/\/armoniabio.com\/blog\/sabes-que-a-tu-piel-tambien-le-afecta-la-astenia-primaveral\/","url":"https:\/\/armoniabio.com\/blog\/sabes-que-a-tu-piel-tambien-le-afecta-la-astenia-primaveral\/","name":"\u00bfSabes que a tu piel tambi\u00e9n le afecta la astenia primaveral?","isPartOf":{"@id":"https:\/\/armoniabio.com\/blog\/#website"},"primaryImageOfPage":{"@id":"https:\/\/armoniabio.com\/blog\/sabes-que-a-tu-piel-tambien-le-afecta-la-astenia-primaveral\/#primaryimage"},"image":{"@id":"https:\/\/armoniabio.com\/blog\/sabes-que-a-tu-piel-tambien-le-afecta-la-astenia-primaveral\/#primaryimage"},"thumbnailUrl":"https:\/\/armoniabio.com\/blog\/wp-content\/uploads\/2019\/03\/135-large.jpg","datePublished":"2019-03-21T12:38:34+00:00","dateModified":"2021-08-30T08:16:26+00:00","breadcrumb":{"@id":"https:\/\/armoniabio.com\/blog\/sabes-que-a-tu-piel-tambien-le-afecta-la-astenia-primaveral\/#breadcrumb"},"inLanguage":"es","potentialAction":[{"@type":"ReadAction","target":["https:\/\/armoniabio.com\/blog\/sabes-que-a-tu-piel-tambien-le-afecta-la-astenia-primaveral\/"]}]},{"@type":"ImageObject","inLanguage":"es","@id":"https:\/\/armoniabio.com\/blog\/sabes-que-a-tu-piel-tambien-le-afecta-la-astenia-primaveral\/#primaryimage","url":"https:\/\/armoniabio.com\/blog\/wp-content\/uploads\/2019\/03\/135-large.jpg","contentUrl":"https:\/\/armoniabio.com\/blog\/wp-content\/uploads\/2019\/03\/135-large.jpg","width":812,"height":580},{"@type":"BreadcrumbList","@id":"https:\/\/armoniabio.com\/blog\/sabes-que-a-tu-piel-tambien-le-afecta-la-astenia-primaveral\/#breadcrumb","itemListElement":[{"@type":"ListItem","position":1,"name":"Portada","item":"https:\/\/armoniabio.com\/blog\/"},{"@type":"ListItem","position":2,"name":"\u00bfSabes que a tu piel tambi\u00e9n le afecta la astenia primaveral?"}]},{"@type":"WebSite","@id":"https:\/\/armoniabio.com\/blog\/#website","url":"https:\/\/armoniabio.com\/blog\/","name":"Blog armon\u00eda","description":"","publisher":{"@id":"https:\/\/armoniabio.com\/blog\/#organization"},"potentialAction":[{"@type":"SearchAction","target":{"@type":"EntryPoint","urlTemplate":"https:\/\/armoniabio.com\/blog\/?s={search_term_string}"},"query-input":"required name=search_term_string"}],"inLanguage":"es"},{"@type":"Organization","@id":"https:\/\/armoniabio.com\/blog\/#organization","name":"Armon\u00eda Cosm\u00e9tica Natural","url":"https:\/\/armoniabio.com\/blog\/","logo":{"@type":"ImageObject","inLanguage":"es","@id":"https:\/\/armoniabio.com\/blog\/#\/schema\/logo\/image\/","url":"http:\/\/armoniabio.com\/blog\/wp-content\/uploads\/2021\/04\/logo_armoniabio.svg","contentUrl":"http:\/\/armoniabio.com\/blog\/wp-content\/uploads\/2021\/04\/logo_armoniabio.svg","width":1,"height":1,"caption":"Armon\u00eda Cosm\u00e9tica Natural"},"image":{"@id":"https:\/\/armoniabio.com\/blog\/#\/schema\/logo\/image\/"},"sameAs":["https:\/\/www.facebook.com\/ArmoniaCosmetica\/","https:\/\/x.com\/armoniabio","https:\/\/www.instagram.com\/armoniabio\/","https:\/\/www.pinterest.es\/armonacosmticanatural\/","https:\/\/www.youtube.com\/channel\/UCvRU98h_rm6BNIt8CAJtQbw"]},{"@type":"Person","@id":"https:\/\/armoniabio.com\/blog\/#\/schema\/person\/1283d62e62bbb3a937177b0816975498","name":"Ana de Sus"}]}},"_links":{"self":[{"href":"https:\/\/armoniabio.com\/blog\/wp-json\/wp\/v2\/posts\/515"}],"collection":[{"href":"https:\/\/armoniabio.com\/blog\/wp-json\/wp\/v2\/posts"}],"about":[{"href":"https:\/\/armoniabio.com\/blog\/wp-json\/wp\/v2\/types\/post"}],"author":[{"embeddable":true,"href":"https:\/\/armoniabio.com\/blog\/wp-json\/wp\/v2\/users\/10"}],"replies":[{"embeddable":true,"href":"https:\/\/armoniabio.com\/blog\/wp-json\/wp\/v2\/comments?post=515"}],"version-history":[{"count":4,"href":"https:\/\/armoniabio.com\/blog\/wp-json\/wp\/v2\/posts\/515\/revisions"}],"predecessor-version":[{"id":1154,"href":"https:\/\/armoniabio.com\/blog\/wp-json\/wp\/v2\/posts\/515\/revisions\/1154"}],"wp:featuredmedia":[{"embeddable":true,"href":"https:\/\/armoniabio.com\/blog\/wp-json\/wp\/v2\/media\/595"}],"wp:attachment":[{"href":"https:\/\/armoniabio.com\/blog\/wp-json\/wp\/v2\/media?parent=515"}],"wp:term":[{"taxonomy":"category","embeddable":true,"href":"https:\/\/armoniabio.com\/blog\/wp-json\/wp\/v2\/categories?post=515"},{"taxonomy":"post_tag","embeddable":true,"href":"https:\/\/armoniabio.com\/blog\/wp-json\/wp\/v2\/tags?post=515"}],"curies":[{"name":"wp","href":"https:\/\/api.w.org\/{rel}","templated":true}]}}