{"id":447,"date":"2014-02-18T11:56:19","date_gmt":"2014-02-18T10:56:19","guid":{"rendered":""},"modified":"2020-10-26T10:44:25","modified_gmt":"2020-10-26T09:44:25","slug":"truco-para-tratar-el-cabello-seco","status":"publish","type":"post","link":"https:\/\/armoniabio.com\/blog\/truco-para-tratar-el-cabello-seco\/","title":{"rendered":"Truco para tratar el cabello seco"},"content":{"rendered":"<div class=\"entry-content\">\n<div class=\"entry-content\">\n<div class=\"entry-content\">\n<div class=\"entry-content\">\n<p>Cuidar poco nuestro pelo, usar tintes con frecuencia, as\u00ed como otros factores como el estr\u00e9s o los cambios clim\u00e1ticos, provocan que\u00a0<b>nuestro cabello vaya perdiendo brillo<\/b>\u00a0y viveza con el tiempo, volvi\u00e9ndose quebradizo, apagado y abriendo las puntas, indicativo de poca hidrataci\u00f3n.<\/p>\n<p>Hoy os contamos un <strong>remedio casero<\/strong> para todas aquellas que teng\u00e1is el cabello castigado o con tendencia a la sequedad.\u00a0Se trata de un<strong> truco para tratar el cabello seco<\/strong>\u00a0que podemos preparar en casa con 2 ingredientes muy comunes: el pl\u00e1tano y el aceite de almendras.\u00a0\u00a1F\u00e1cil y r\u00e1pido!<\/p>\n<p><strong>\u00bfC\u00f3mo elaborar la mascarilla para el pelo con pl\u00e1tano y aceite de almendras dulces?<\/strong><\/p>\n<p>Elaborar esta mascarilla es muy sencillo. Os resumimos el ung\u00fcento en <strong>tres pasos<\/strong>:<\/p>\n<p>1. Con la ayuda de una cuchara, <strong>machacar el pl\u00e1tano en un bol.<\/strong> Cuando est\u00e9 bien machacado, a\u00f1ade el <strong>aceite de almendras dulces de Armon\u00eda Bio<\/strong> y revolver la mezcla. En ocasiones, se puede incluir tambi\u00e9n miel. Cuando se haya formado la masa,\u00a0\u00a0pasad la mezcla a un recipiente exprimible, como una botella de acondicionador.<\/p>\n<div>2. Aplicar la <strong>mascarilla sobre el cabello seco<\/strong> masajeando el cuero cabelludo con la ayuda de un peine para cubrir cada mech\u00f3n.<\/div>\n<div>3. Mojar una toalla con agua caliente y escurrir.<strong> Envolver la cabeza<\/strong> durante 30 minutos y enjuagar.<\/div>\n<div><strong>\u00bfPor qu\u00e9 es beneficiosa la mascarilla de pl\u00e1tanos y aceite de almendras dulces para el cabello?<\/strong><\/div>\n<p>El <strong>pl\u00e1tano<\/strong> gracias a su aporte en cinc, favorece el fortalecimiento del cabello. Una mascarilla a base de pl\u00e1tano aplicada correctamente, permite que los ingredientes penetren en la\u00a0ra\u00edz\u00a0del pelo y la nutran.<\/p>\n<p>El <strong>aceite de almendras dulces<\/strong> <strong>de Armonia Bio<\/strong> es un segundo ingrediente\u00a0rico en vitaminas, que nutre e hidrata en profundidad, con lo que gracias a \u00e9l lograremos un brillo especial en nuestro pelo.<\/p>\n<p>En otros posts hemos hablado del <strong>Tepezcohuite<\/strong> como un elemento m\u00e1s para cuidar nuestro cabello.<\/p>\n<p>\u00bfConoc\u00e9is alg\u00fan remedio m\u00e1s?<\/p>\n<\/div>\n<\/div>\n<\/div>\n<\/div>\n\n\n<div class=\"kk-star-ratings kksr-auto kksr-align-left kksr-valign-bottom\"\n    data-payload='{&quot;align&quot;:&quot;left&quot;,&quot;id&quot;:&quot;447&quot;,&quot;slug&quot;:&quot;default&quot;,&quot;valign&quot;:&quot;bottom&quot;,&quot;ignore&quot;:&quot;&quot;,&quot;reference&quot;:&quot;auto&quot;,&quot;class&quot;:&quot;&quot;,&quot;count&quot;:&quot;0&quot;,&quot;legendonly&quot;:&quot;&quot;,&quot;readonly&quot;:&quot;&quot;,&quot;score&quot;:&quot;0&quot;,&quot;starsonly&quot;:&quot;&quot;,&quot;best&quot;:&quot;5&quot;,&quot;gap&quot;:&quot;5&quot;,&quot;greet&quot;:&quot;\\u00bfTe ha gustado nuestro contenido?&quot;,&quot;legend&quot;:&quot;0\\\/5&quot;,&quot;size&quot;:&quot;24&quot;,&quot;title&quot;:&quot;Truco para tratar el cabello seco&quot;,&quot;width&quot;:&quot;0&quot;,&quot;_legend&quot;:&quot;{score}\\\/{best}&quot;,&quot;font_factor&quot;:&quot;1.25&quot;}'>\n            \n<div class=\"kksr-stars\">\n    \n<div class=\"kksr-stars-inactive\">\n            <div class=\"kksr-star\" data-star=\"1\" style=\"padding-right: 5px\">\n            \n\n<div class=\"kksr-icon\" style=\"width: 24px; height: 24px;\"><\/div>\n        <\/div>\n            <div class=\"kksr-star\" data-star=\"2\" style=\"padding-right: 5px\">\n            \n\n<div class=\"kksr-icon\" style=\"width: 24px; height: 24px;\"><\/div>\n        <\/div>\n            <div class=\"kksr-star\" data-star=\"3\" style=\"padding-right: 5px\">\n            \n\n<div class=\"kksr-icon\" style=\"width: 24px; height: 24px;\"><\/div>\n        <\/div>\n            <div class=\"kksr-star\" data-star=\"4\" style=\"padding-right: 5px\">\n            \n\n<div class=\"kksr-icon\" style=\"width: 24px; height: 24px;\"><\/div>\n        <\/div>\n            <div class=\"kksr-star\" data-star=\"5\" style=\"padding-right: 5px\">\n            \n\n<div class=\"kksr-icon\" style=\"width: 24px; height: 24px;\"><\/div>\n        <\/div>\n    <\/div>\n    \n<div class=\"kksr-stars-active\" style=\"width: 0px;\">\n            <div class=\"kksr-star\" style=\"padding-right: 5px\">\n            \n\n<div class=\"kksr-icon\" style=\"width: 24px; height: 24px;\"><\/div>\n        <\/div>\n            <div class=\"kksr-star\" style=\"padding-right: 5px\">\n            \n\n<div class=\"kksr-icon\" style=\"width: 24px; height: 24px;\"><\/div>\n        <\/div>\n            <div class=\"kksr-star\" style=\"padding-right: 5px\">\n            \n\n<div class=\"kksr-icon\" style=\"width: 24px; height: 24px;\"><\/div>\n        <\/div>\n            <div class=\"kksr-star\" style=\"padding-right: 5px\">\n            \n\n<div class=\"kksr-icon\" style=\"width: 24px; height: 24px;\"><\/div>\n        <\/div>\n            <div class=\"kksr-star\" style=\"padding-right: 5px\">\n            \n\n<div class=\"kksr-icon\" style=\"width: 24px; height: 24px;\"><\/div>\n        <\/div>\n    <\/div>\n<\/div>\n                \n\n<div class=\"kksr-legend\" style=\"font-size: 19.2px;\">\n            <span class=\"kksr-muted\">\u00bfTe ha gustado nuestro contenido?<\/span>\n    <\/div>\n    <\/div>\n","protected":false},"excerpt":{"rendered":"<p>Cuidar poco nuestro pelo, usar tintes con frecuencia, as\u00ed como otros factores como el estr\u00e9s o los cambios clim\u00e1ticos, provocan que\u00a0nuestro cabello vaya perdiendo brillo\u00a0y viveza con el tiempo, volvi\u00e9ndose quebradizo, apagado y abriendo las puntas, indicativo de poca hidrataci\u00f3n. Hoy os contamos un remedio casero para todas aquellas que<\/p>\n","protected":false},"author":10,"featured_media":750,"comment_status":"open","ping_status":"open","sticky":false,"template":"","format":"standard","meta":{"footnotes":""},"categories":[11],"tags":[],"yoast_head":"<!-- This site is optimized with the Yoast SEO plugin v22.6 - https:\/\/yoast.com\/wordpress\/plugins\/seo\/ -->\n<title>Truco para tratar el cabello seco<\/title>\n<meta name=\"robots\" content=\"index, follow, max-snippet:-1, max-image-preview:large, max-video-preview:-1\" \/>\n<link rel=\"canonical\" href=\"https:\/\/armoniabio.com\/blog\/truco-para-tratar-el-cabello-seco\/\" \/>\n<meta property=\"og:locale\" content=\"es_ES\" \/>\n<meta property=\"og:type\" content=\"article\" \/>\n<meta property=\"og:title\" content=\"Truco para tratar el cabello seco\" \/>\n<meta property=\"og:description\" content=\"Cuidar poco nuestro pelo, usar tintes con frecuencia, as\u00ed como otros factores como el estr\u00e9s o los cambios clim\u00e1ticos, provocan que\u00a0nuestro cabello vaya perdiendo brillo\u00a0y viveza con el tiempo, volvi\u00e9ndose quebradizo, apagado y abriendo las puntas, indicativo de poca hidrataci\u00f3n. Hoy os contamos un remedio casero para todas aquellas que\" \/>\n<meta property=\"og:url\" content=\"https:\/\/armoniabio.com\/blog\/truco-para-tratar-el-cabello-seco\/\" \/>\n<meta property=\"og:site_name\" content=\"Blog armon\u00eda\" \/>\n<meta property=\"article:publisher\" content=\"https:\/\/www.facebook.com\/ArmoniaCosmetica\/\" \/>\n<meta property=\"article:published_time\" content=\"2014-02-18T10:56:19+00:00\" \/>\n<meta property=\"article:modified_time\" content=\"2020-10-26T09:44:25+00:00\" \/>\n<meta property=\"og:image\" content=\"https:\/\/armoniabio.com\/blog\/wp-content\/uploads\/2014\/02\/63-large.jpg\" \/>\n\t<meta property=\"og:image:width\" content=\"812\" \/>\n\t<meta property=\"og:image:height\" content=\"580\" \/>\n\t<meta property=\"og:image:type\" content=\"image\/jpeg\" \/>\n<meta name=\"author\" content=\"Ana de Sus\" \/>\n<meta name=\"twitter:card\" content=\"summary_large_image\" \/>\n<meta name=\"twitter:creator\" content=\"@armoniabio\" \/>\n<meta name=\"twitter:site\" content=\"@armoniabio\" \/>\n<script type=\"application\/ld+json\" class=\"yoast-schema-graph\">{\"@context\":\"https:\/\/schema.org\",\"@graph\":[{\"@type\":\"Article\",\"@id\":\"https:\/\/armoniabio.com\/blog\/truco-para-tratar-el-cabello-seco\/#article\",\"isPartOf\":{\"@id\":\"https:\/\/armoniabio.com\/blog\/truco-para-tratar-el-cabello-seco\/\"},\"author\":{\"name\":\"Ana de Sus\",\"@id\":\"https:\/\/armoniabio.com\/blog\/#\/schema\/person\/1283d62e62bbb3a937177b0816975498\"},\"headline\":\"Truco para tratar el cabello seco\",\"datePublished\":\"2014-02-18T10:56:19+00:00\",\"dateModified\":\"2020-10-26T09:44:25+00:00\",\"mainEntityOfPage\":{\"@id\":\"https:\/\/armoniabio.com\/blog\/truco-para-tratar-el-cabello-seco\/\"},\"wordCount\":341,\"commentCount\":0,\"publisher\":{\"@id\":\"https:\/\/armoniabio.com\/blog\/#organization\"},\"image\":{\"@id\":\"https:\/\/armoniabio.com\/blog\/truco-para-tratar-el-cabello-seco\/#primaryimage\"},\"thumbnailUrl\":\"https:\/\/armoniabio.com\/blog\/wp-content\/uploads\/2014\/02\/63-large.jpg\",\"articleSection\":[\"Capilar\"],\"inLanguage\":\"es\",\"potentialAction\":[{\"@type\":\"CommentAction\",\"name\":\"Comment\",\"target\":[\"https:\/\/armoniabio.com\/blog\/truco-para-tratar-el-cabello-seco\/#respond\"]}]},{\"@type\":\"WebPage\",\"@id\":\"https:\/\/armoniabio.com\/blog\/truco-para-tratar-el-cabello-seco\/\",\"url\":\"https:\/\/armoniabio.com\/blog\/truco-para-tratar-el-cabello-seco\/\",\"name\":\"Truco para tratar el cabello seco\",\"isPartOf\":{\"@id\":\"https:\/\/armoniabio.com\/blog\/#website\"},\"primaryImageOfPage\":{\"@id\":\"https:\/\/armoniabio.com\/blog\/truco-para-tratar-el-cabello-seco\/#primaryimage\"},\"image\":{\"@id\":\"https:\/\/armoniabio.com\/blog\/truco-para-tratar-el-cabello-seco\/#primaryimage\"},\"thumbnailUrl\":\"https:\/\/armoniabio.com\/blog\/wp-content\/uploads\/2014\/02\/63-large.jpg\",\"datePublished\":\"2014-02-18T10:56:19+00:00\",\"dateModified\":\"2020-10-26T09:44:25+00:00\",\"breadcrumb\":{\"@id\":\"https:\/\/armoniabio.com\/blog\/truco-para-tratar-el-cabello-seco\/#breadcrumb\"},\"inLanguage\":\"es\",\"potentialAction\":[{\"@type\":\"ReadAction\",\"target\":[\"https:\/\/armoniabio.com\/blog\/truco-para-tratar-el-cabello-seco\/\"]}]},{\"@type\":\"ImageObject\",\"inLanguage\":\"es\",\"@id\":\"https:\/\/armoniabio.com\/blog\/truco-para-tratar-el-cabello-seco\/#primaryimage\",\"url\":\"https:\/\/armoniabio.com\/blog\/wp-content\/uploads\/2014\/02\/63-large.jpg\",\"contentUrl\":\"https:\/\/armoniabio.com\/blog\/wp-content\/uploads\/2014\/02\/63-large.jpg\",\"width\":812,\"height\":580},{\"@type\":\"BreadcrumbList\",\"@id\":\"https:\/\/armoniabio.com\/blog\/truco-para-tratar-el-cabello-seco\/#breadcrumb\",\"itemListElement\":[{\"@type\":\"ListItem\",\"position\":1,\"name\":\"Portada\",\"item\":\"https:\/\/armoniabio.com\/blog\/\"},{\"@type\":\"ListItem\",\"position\":2,\"name\":\"Truco para tratar el cabello seco\"}]},{\"@type\":\"WebSite\",\"@id\":\"https:\/\/armoniabio.com\/blog\/#website\",\"url\":\"https:\/\/armoniabio.com\/blog\/\",\"name\":\"Blog armon\u00eda\",\"description\":\"\",\"publisher\":{\"@id\":\"https:\/\/armoniabio.com\/blog\/#organization\"},\"potentialAction\":[{\"@type\":\"SearchAction\",\"target\":{\"@type\":\"EntryPoint\",\"urlTemplate\":\"https:\/\/armoniabio.com\/blog\/?s={search_term_string}\"},\"query-input\":\"required name=search_term_string\"}],\"inLanguage\":\"es\"},{\"@type\":\"Organization\",\"@id\":\"https:\/\/armoniabio.com\/blog\/#organization\",\"name\":\"Armon\u00eda Cosm\u00e9tica Natural\",\"url\":\"https:\/\/armoniabio.com\/blog\/\",\"logo\":{\"@type\":\"ImageObject\",\"inLanguage\":\"es\",\"@id\":\"https:\/\/armoniabio.com\/blog\/#\/schema\/logo\/image\/\",\"url\":\"http:\/\/armoniabio.com\/blog\/wp-content\/uploads\/2021\/04\/logo_armoniabio.svg\",\"contentUrl\":\"http:\/\/armoniabio.com\/blog\/wp-content\/uploads\/2021\/04\/logo_armoniabio.svg\",\"width\":1,\"height\":1,\"caption\":\"Armon\u00eda Cosm\u00e9tica Natural\"},\"image\":{\"@id\":\"https:\/\/armoniabio.com\/blog\/#\/schema\/logo\/image\/\"},\"sameAs\":[\"https:\/\/www.facebook.com\/ArmoniaCosmetica\/\",\"https:\/\/x.com\/armoniabio\",\"https:\/\/www.instagram.com\/armoniabio\/\",\"https:\/\/www.pinterest.es\/armonacosmticanatural\/\",\"https:\/\/www.youtube.com\/channel\/UCvRU98h_rm6BNIt8CAJtQbw\"]},{\"@type\":\"Person\",\"@id\":\"https:\/\/armoniabio.com\/blog\/#\/schema\/person\/1283d62e62bbb3a937177b0816975498\",\"name\":\"Ana de Sus\"}]}<\/script>\n<!-- \/ Yoast SEO plugin. -->","yoast_head_json":{"title":"Truco para tratar el cabello seco","robots":{"index":"index","follow":"follow","max-snippet":"max-snippet:-1","max-image-preview":"max-image-preview:large","max-video-preview":"max-video-preview:-1"},"canonical":"https:\/\/armoniabio.com\/blog\/truco-para-tratar-el-cabello-seco\/","og_locale":"es_ES","og_type":"article","og_title":"Truco para tratar el cabello seco","og_description":"Cuidar poco nuestro pelo, usar tintes con frecuencia, as\u00ed como otros factores como el estr\u00e9s o los cambios clim\u00e1ticos, provocan que\u00a0nuestro cabello vaya perdiendo brillo\u00a0y viveza con el tiempo, volvi\u00e9ndose quebradizo, apagado y abriendo las puntas, indicativo de poca hidrataci\u00f3n. Hoy os contamos un remedio casero para todas aquellas que","og_url":"https:\/\/armoniabio.com\/blog\/truco-para-tratar-el-cabello-seco\/","og_site_name":"Blog armon\u00eda","article_publisher":"https:\/\/www.facebook.com\/ArmoniaCosmetica\/","article_published_time":"2014-02-18T10:56:19+00:00","article_modified_time":"2020-10-26T09:44:25+00:00","og_image":[{"width":812,"height":580,"url":"https:\/\/armoniabio.com\/blog\/wp-content\/uploads\/2014\/02\/63-large.jpg","type":"image\/jpeg"}],"author":"Ana de Sus","twitter_card":"summary_large_image","twitter_creator":"@armoniabio","twitter_site":"@armoniabio","schema":{"@context":"https:\/\/schema.org","@graph":[{"@type":"Article","@id":"https:\/\/armoniabio.com\/blog\/truco-para-tratar-el-cabello-seco\/#article","isPartOf":{"@id":"https:\/\/armoniabio.com\/blog\/truco-para-tratar-el-cabello-seco\/"},"author":{"name":"Ana de Sus","@id":"https:\/\/armoniabio.com\/blog\/#\/schema\/person\/1283d62e62bbb3a937177b0816975498"},"headline":"Truco para tratar el cabello seco","datePublished":"2014-02-18T10:56:19+00:00","dateModified":"2020-10-26T09:44:25+00:00","mainEntityOfPage":{"@id":"https:\/\/armoniabio.com\/blog\/truco-para-tratar-el-cabello-seco\/"},"wordCount":341,"commentCount":0,"publisher":{"@id":"https:\/\/armoniabio.com\/blog\/#organization"},"image":{"@id":"https:\/\/armoniabio.com\/blog\/truco-para-tratar-el-cabello-seco\/#primaryimage"},"thumbnailUrl":"https:\/\/armoniabio.com\/blog\/wp-content\/uploads\/2014\/02\/63-large.jpg","articleSection":["Capilar"],"inLanguage":"es","potentialAction":[{"@type":"CommentAction","name":"Comment","target":["https:\/\/armoniabio.com\/blog\/truco-para-tratar-el-cabello-seco\/#respond"]}]},{"@type":"WebPage","@id":"https:\/\/armoniabio.com\/blog\/truco-para-tratar-el-cabello-seco\/","url":"https:\/\/armoniabio.com\/blog\/truco-para-tratar-el-cabello-seco\/","name":"Truco para tratar el cabello seco","isPartOf":{"@id":"https:\/\/armoniabio.com\/blog\/#website"},"primaryImageOfPage":{"@id":"https:\/\/armoniabio.com\/blog\/truco-para-tratar-el-cabello-seco\/#primaryimage"},"image":{"@id":"https:\/\/armoniabio.com\/blog\/truco-para-tratar-el-cabello-seco\/#primaryimage"},"thumbnailUrl":"https:\/\/armoniabio.com\/blog\/wp-content\/uploads\/2014\/02\/63-large.jpg","datePublished":"2014-02-18T10:56:19+00:00","dateModified":"2020-10-26T09:44:25+00:00","breadcrumb":{"@id":"https:\/\/armoniabio.com\/blog\/truco-para-tratar-el-cabello-seco\/#breadcrumb"},"inLanguage":"es","potentialAction":[{"@type":"ReadAction","target":["https:\/\/armoniabio.com\/blog\/truco-para-tratar-el-cabello-seco\/"]}]},{"@type":"ImageObject","inLanguage":"es","@id":"https:\/\/armoniabio.com\/blog\/truco-para-tratar-el-cabello-seco\/#primaryimage","url":"https:\/\/armoniabio.com\/blog\/wp-content\/uploads\/2014\/02\/63-large.jpg","contentUrl":"https:\/\/armoniabio.com\/blog\/wp-content\/uploads\/2014\/02\/63-large.jpg","width":812,"height":580},{"@type":"BreadcrumbList","@id":"https:\/\/armoniabio.com\/blog\/truco-para-tratar-el-cabello-seco\/#breadcrumb","itemListElement":[{"@type":"ListItem","position":1,"name":"Portada","item":"https:\/\/armoniabio.com\/blog\/"},{"@type":"ListItem","position":2,"name":"Truco para tratar el cabello seco"}]},{"@type":"WebSite","@id":"https:\/\/armoniabio.com\/blog\/#website","url":"https:\/\/armoniabio.com\/blog\/","name":"Blog armon\u00eda","description":"","publisher":{"@id":"https:\/\/armoniabio.com\/blog\/#organization"},"potentialAction":[{"@type":"SearchAction","target":{"@type":"EntryPoint","urlTemplate":"https:\/\/armoniabio.com\/blog\/?s={search_term_string}"},"query-input":"required name=search_term_string"}],"inLanguage":"es"},{"@type":"Organization","@id":"https:\/\/armoniabio.com\/blog\/#organization","name":"Armon\u00eda Cosm\u00e9tica Natural","url":"https:\/\/armoniabio.com\/blog\/","logo":{"@type":"ImageObject","inLanguage":"es","@id":"https:\/\/armoniabio.com\/blog\/#\/schema\/logo\/image\/","url":"http:\/\/armoniabio.com\/blog\/wp-content\/uploads\/2021\/04\/logo_armoniabio.svg","contentUrl":"http:\/\/armoniabio.com\/blog\/wp-content\/uploads\/2021\/04\/logo_armoniabio.svg","width":1,"height":1,"caption":"Armon\u00eda Cosm\u00e9tica Natural"},"image":{"@id":"https:\/\/armoniabio.com\/blog\/#\/schema\/logo\/image\/"},"sameAs":["https:\/\/www.facebook.com\/ArmoniaCosmetica\/","https:\/\/x.com\/armoniabio","https:\/\/www.instagram.com\/armoniabio\/","https:\/\/www.pinterest.es\/armonacosmticanatural\/","https:\/\/www.youtube.com\/channel\/UCvRU98h_rm6BNIt8CAJtQbw"]},{"@type":"Person","@id":"https:\/\/armoniabio.com\/blog\/#\/schema\/person\/1283d62e62bbb3a937177b0816975498","name":"Ana de Sus"}]}},"_links":{"self":[{"href":"https:\/\/armoniabio.com\/blog\/wp-json\/wp\/v2\/posts\/447"}],"collection":[{"href":"https:\/\/armoniabio.com\/blog\/wp-json\/wp\/v2\/posts"}],"about":[{"href":"https:\/\/armoniabio.com\/blog\/wp-json\/wp\/v2\/types\/post"}],"author":[{"embeddable":true,"href":"https:\/\/armoniabio.com\/blog\/wp-json\/wp\/v2\/users\/10"}],"replies":[{"embeddable":true,"href":"https:\/\/armoniabio.com\/blog\/wp-json\/wp\/v2\/comments?post=447"}],"version-history":[{"count":1,"href":"https:\/\/armoniabio.com\/blog\/wp-json\/wp\/v2\/posts\/447\/revisions"}],"predecessor-version":[{"id":751,"href":"https:\/\/armoniabio.com\/blog\/wp-json\/wp\/v2\/posts\/447\/revisions\/751"}],"wp:featuredmedia":[{"embeddable":true,"href":"https:\/\/armoniabio.com\/blog\/wp-json\/wp\/v2\/media\/750"}],"wp:attachment":[{"href":"https:\/\/armoniabio.com\/blog\/wp-json\/wp\/v2\/media?parent=447"}],"wp:term":[{"taxonomy":"category","embeddable":true,"href":"https:\/\/armoniabio.com\/blog\/wp-json\/wp\/v2\/categories?post=447"},{"taxonomy":"post_tag","embeddable":true,"href":"https:\/\/armoniabio.com\/blog\/wp-json\/wp\/v2\/tags?post=447"}],"curies":[{"name":"wp","href":"https:\/\/api.w.org\/{rel}","templated":true}]}}