{"id":412,"date":"2013-09-18T10:01:29","date_gmt":"2013-09-18T08:01:29","guid":{"rendered":""},"modified":"2021-04-19T16:59:11","modified_gmt":"2021-04-19T14:59:11","slug":"los-beneficios-de-la-baba-de-caracol-contrastados-por-un-estudio-clinico","status":"publish","type":"post","link":"https:\/\/armoniabio.com\/blog\/los-beneficios-de-la-baba-de-caracol-contrastados-por-un-estudio-clinico\/","title":{"rendered":"Los beneficios de la baba de caracol contrastados por un estudio cl\u00ednico"},"content":{"rendered":"<p>Hoy queremos hablaros sobre los<strong> extraordinarios beneficios que la baba de caracol aporta a la piel<\/strong>. Por desgracia, se ha especulado mucho sobre este tema. En Armon\u00eda quer\u00edamos demostrar sus propiedades y para ello, \u00a0realizamos un <strong>Estudio Cl\u00ednico (*) en colaboraci\u00f3n con el Instituto Evic Hispania de Barcelona<\/strong> sobre los resultados de la <strong>Crema Regeneradora HELIX ASPERSA<\/strong> una crema con <strong>Extracto de Caracol y Aloe Vera<\/strong>. Nos parece muy interesante y hemos querido compartirla con todos vosotros. Adem\u00e1s, es uno de nuestros productos estrella y tenemos muchas usuarias de Armon\u00eda encantadas con su resultado.<\/p>\n<p>En el estudio, se realiz\u00f3 una <strong>evaluaci\u00f3n dermatol\u00f3gica de la eficacia de esta\u00a0crema<\/strong>. El <strong>objetivo del estudio<\/strong> fue evaluar el efecto <strong>antiarrugas<\/strong>, <strong>despigmentante<\/strong> e <strong>hidratante<\/strong> as\u00ed como la aceptabilidad cosm\u00e9tica de HELIX ASPERSA, una crema a base de extractos de caracol y aloe vera filtros UV, en pacientes <strong>con aplicaci\u00f3n cotidiana durante 28 d\u00edas<\/strong>.<\/p>\n<div id=\"ez-toc-container\" class=\"ez-toc-v2_0_77 counter-hierarchy ez-toc-counter ez-toc-grey ez-toc-container-direction\">\n<div class=\"ez-toc-title-container\">\n<p class=\"ez-toc-title\" style=\"cursor:inherit\">\u00cdndice de contenidos:<\/p>\n<span class=\"ez-toc-title-toggle\"><a href=\"#\" class=\"ez-toc-pull-right ez-toc-btn ez-toc-btn-xs ez-toc-btn-default ez-toc-toggle\" aria-label=\"Alternar tabla de contenidos\"><span class=\"ez-toc-js-icon-con\"><span class=\"\"><span class=\"eztoc-hide\" style=\"display:none;\">Toggle<\/span><span class=\"ez-toc-icon-toggle-span\"><svg style=\"fill: #999;color:#999\" xmlns=\"http:\/\/www.w3.org\/2000\/svg\" class=\"list-377408\" width=\"20px\" height=\"20px\" viewBox=\"0 0 24 24\" fill=\"none\"><path d=\"M6 6H4v2h2V6zm14 0H8v2h12V6zM4 11h2v2H4v-2zm16 0H8v2h12v-2zM4 16h2v2H4v-2zm16 0H8v2h12v-2z\" fill=\"currentColor\"><\/path><\/svg><svg style=\"fill: #999;color:#999\" class=\"arrow-unsorted-368013\" xmlns=\"http:\/\/www.w3.org\/2000\/svg\" width=\"10px\" height=\"10px\" viewBox=\"0 0 24 24\" version=\"1.2\" baseProfile=\"tiny\"><path d=\"M18.2 9.3l-6.2-6.3-6.2 6.3c-.2.2-.3.4-.3.7s.1.5.3.7c.2.2.4.3.7.3h11c.3 0 .5-.1.7-.3.2-.2.3-.5.3-.7s-.1-.5-.3-.7zM5.8 14.7l6.2 6.3 6.2-6.3c.2-.2.3-.5.3-.7s-.1-.5-.3-.7c-.2-.2-.4-.3-.7-.3h-11c-.3 0-.5.1-.7.3-.2.2-.3.5-.3.7s.1.5.3.7z\"\/><\/svg><\/span><\/span><\/span><\/a><\/span><\/div>\n<nav><ul class='ez-toc-list ez-toc-list-level-1 ' ><li class='ez-toc-page-1 ez-toc-heading-level-2'><a class=\"ez-toc-link ez-toc-heading-1\" href=\"https:\/\/armoniabio.com\/blog\/los-beneficios-de-la-baba-de-caracol-contrastados-por-un-estudio-clinico\/#Metodologia_del_estudio_sobre_los_beneficios_de_la_baba_de_caracol\" >Metodolog\u00eda del estudio sobre los beneficios de la baba de caracol<\/a><\/li><li class='ez-toc-page-1 ez-toc-heading-level-2'><a class=\"ez-toc-link ez-toc-heading-2\" href=\"https:\/\/armoniabio.com\/blog\/los-beneficios-de-la-baba-de-caracol-contrastados-por-un-estudio-clinico\/#Eficacia_Cosmetica_de_los_productos_con_baba_de_caracol\" >Eficacia Cosm\u00e9tica de los productos con baba de caracol<\/a><\/li><li class='ez-toc-page-1 ez-toc-heading-level-2'><a class=\"ez-toc-link ez-toc-heading-3\" href=\"https:\/\/armoniabio.com\/blog\/los-beneficios-de-la-baba-de-caracol-contrastados-por-un-estudio-clinico\/#Eficacia_Antiarrugas_de_cremas_con_baba_de_caracol\" >Eficacia Antiarrugas de cremas con baba de caracol<\/a><\/li><li class='ez-toc-page-1 ez-toc-heading-level-2'><a class=\"ez-toc-link ez-toc-heading-4\" href=\"https:\/\/armoniabio.com\/blog\/los-beneficios-de-la-baba-de-caracol-contrastados-por-un-estudio-clinico\/#Efecto_Despigmentante_de_la_baba_de_caracol\" >Efecto Despigmentante de la baba de caracol<\/a><\/li><li class='ez-toc-page-1 ez-toc-heading-level-2'><a class=\"ez-toc-link ez-toc-heading-5\" href=\"https:\/\/armoniabio.com\/blog\/los-beneficios-de-la-baba-de-caracol-contrastados-por-un-estudio-clinico\/#Eficacia_Hidratante\" >Eficacia Hidratante<\/a><\/li><li class='ez-toc-page-1 ez-toc-heading-level-2'><a class=\"ez-toc-link ez-toc-heading-6\" href=\"https:\/\/armoniabio.com\/blog\/los-beneficios-de-la-baba-de-caracol-contrastados-por-un-estudio-clinico\/#Conclusiones_sobre_las_propiedades_de_la_baba_de_caracol\" >Conclusiones sobre las propiedades de la baba de caracol<\/a><\/li><\/ul><\/nav><\/div>\n<h2><span class=\"ez-toc-section\" id=\"Metodologia_del_estudio_sobre_los_beneficios_de_la_baba_de_caracol\"><\/span><strong>Metodolog\u00eda del estudio sobre los beneficios de la baba de caracol<\/strong><span class=\"ez-toc-section-end\"><\/span><\/h2>\n<p>El estudio se llev\u00f3 a cabo con un<strong> panel de 30 mujeres de 35 a 70 a\u00f1os de edad, fototipo I\/V<\/strong> (Fitzpatrick) y una aplicaci\u00f3n cotidiana durante 28 d\u00edas. Se realiz\u00f3 una evaluaci\u00f3n antes y despu\u00e9s del tratamiento.<\/p>\n<h2><span class=\"ez-toc-section\" id=\"Eficacia_Cosmetica_de_los_productos_con_baba_de_caracol\"><\/span><strong>Eficacia Cosm\u00e9tica de los productos con baba de caracol<\/strong><span class=\"ez-toc-section-end\"><\/span><\/h2>\n<p>Se realiz\u00f3 una evaluaci\u00f3n del <strong>efecto antiarrugas, despigmentante e hidratante<\/strong> as\u00ed como la aceptabilidad de HELIX ASPERSA.<\/p>\n<p>El 80% de las voluntarias se mostraron satisfechas con el efecto antiarrugas del producto, un 90% con las propiedades de hidrataci\u00f3n, el 97% con la nutrici\u00f3n, el 93% destacaron su suavidad y 63% el efecto despigmentante.<\/p>\n<h2><span class=\"ez-toc-section\" id=\"Eficacia_Antiarrugas_de_cremas_con_baba_de_caracol\"><\/span><strong>Eficacia Antiarrugas de cremas con baba de caracol<\/strong><span class=\"ez-toc-section-end\"><\/span><\/h2>\n<p>Despu\u00e9s de un tratamiento de 28 d\u00edas, los resultados son un <strong>44% de mejor\u00eda en la superficie total, un 33% de reducci\u00f3n en el n\u00famero de arrugas, un 40% de mejora en la longitud de la arruga y un 14% de mejor\u00eda en la profundidad de la arruga<\/strong>.<\/p>\n<h2><span class=\"ez-toc-section\" id=\"Efecto_Despigmentante_de_la_baba_de_caracol\"><\/span><strong>Efecto Despigmentante de la baba de caracol<\/strong><span class=\"ez-toc-section-end\"><\/span><\/h2>\n<p>Tras el periodo de tratamiento del estudio, se vio un <strong>21% de disminuci\u00f3n del \u00edndice de melanina<\/strong>.<\/p>\n<h2><span class=\"ez-toc-section\" id=\"Eficacia_Hidratante\"><\/span><strong>Eficacia Hidratante<\/strong><span class=\"ez-toc-section-end\"><\/span><\/h2>\n<p>Una vez aplicada la crema, el <strong>efecto hidratante es m\u00e1ximo hasta 2 horas<\/strong> despu\u00e9s de su aplicaci\u00f3n.<\/p>\n<h2><span class=\"ez-toc-section\" id=\"Conclusiones_sobre_las_propiedades_de_la_baba_de_caracol\"><\/span><strong>Conclusiones sobre las propiedades de la baba de caracol<\/strong><span class=\"ez-toc-section-end\"><\/span><\/h2>\n<p>Bajo las condiciones experimentales adoptadas podemos afirmar que el producto HELIX ASPERSA tiene:<\/p>\n<ul>\n<li><strong>Efecto antiarrugas demostrado<\/strong>: 44% en la superficie total y 14% en profundidad de las arrugas.<\/li>\n<li><strong>Efecto hidratante demostrado<\/strong>: m\u00e1s del 26% hasta cuatro horas despu\u00e9s de la aplicaci\u00f3n.<\/li>\n<\/ul>\n<p><em>Nota: es un producto testado bajo control dermatol\u00f3gico. No contiene parabenos.<\/em><\/p>\n<p>Estos d\u00edas os iremos contando algunos testimonios de usuarias que ya han probado los beneficios de este producto.<\/p>\n<p>\u00a1Un abrazo y feliz semana!<\/p>\n\n\n<div class=\"kk-star-ratings kksr-auto kksr-align-left kksr-valign-bottom\"\n    data-payload='{&quot;align&quot;:&quot;left&quot;,&quot;id&quot;:&quot;412&quot;,&quot;slug&quot;:&quot;default&quot;,&quot;valign&quot;:&quot;bottom&quot;,&quot;ignore&quot;:&quot;&quot;,&quot;reference&quot;:&quot;auto&quot;,&quot;class&quot;:&quot;&quot;,&quot;count&quot;:&quot;2&quot;,&quot;legendonly&quot;:&quot;&quot;,&quot;readonly&quot;:&quot;&quot;,&quot;score&quot;:&quot;3.5&quot;,&quot;starsonly&quot;:&quot;&quot;,&quot;best&quot;:&quot;5&quot;,&quot;gap&quot;:&quot;5&quot;,&quot;greet&quot;:&quot;\\u00bfTe ha gustado nuestro contenido?&quot;,&quot;legend&quot;:&quot;3.5\\\/5&quot;,&quot;size&quot;:&quot;24&quot;,&quot;title&quot;:&quot;Los beneficios de la baba de caracol contrastados por un estudio cl\\u00ednico&quot;,&quot;width&quot;:&quot;99&quot;,&quot;_legend&quot;:&quot;{score}\\\/{best}&quot;,&quot;font_factor&quot;:&quot;1.25&quot;}'>\n            \n<div class=\"kksr-stars\">\n    \n<div class=\"kksr-stars-inactive\">\n            <div class=\"kksr-star\" data-star=\"1\" style=\"padding-right: 5px\">\n            \n\n<div class=\"kksr-icon\" style=\"width: 24px; height: 24px;\"><\/div>\n        <\/div>\n            <div class=\"kksr-star\" data-star=\"2\" style=\"padding-right: 5px\">\n            \n\n<div class=\"kksr-icon\" style=\"width: 24px; height: 24px;\"><\/div>\n        <\/div>\n            <div class=\"kksr-star\" data-star=\"3\" style=\"padding-right: 5px\">\n            \n\n<div class=\"kksr-icon\" style=\"width: 24px; height: 24px;\"><\/div>\n        <\/div>\n            <div class=\"kksr-star\" data-star=\"4\" style=\"padding-right: 5px\">\n            \n\n<div class=\"kksr-icon\" style=\"width: 24px; height: 24px;\"><\/div>\n        <\/div>\n            <div class=\"kksr-star\" data-star=\"5\" style=\"padding-right: 5px\">\n            \n\n<div class=\"kksr-icon\" style=\"width: 24px; height: 24px;\"><\/div>\n        <\/div>\n    <\/div>\n    \n<div class=\"kksr-stars-active\" style=\"width: 99px;\">\n            <div class=\"kksr-star\" style=\"padding-right: 5px\">\n            \n\n<div class=\"kksr-icon\" style=\"width: 24px; height: 24px;\"><\/div>\n        <\/div>\n            <div class=\"kksr-star\" style=\"padding-right: 5px\">\n            \n\n<div class=\"kksr-icon\" style=\"width: 24px; height: 24px;\"><\/div>\n        <\/div>\n            <div class=\"kksr-star\" style=\"padding-right: 5px\">\n            \n\n<div class=\"kksr-icon\" style=\"width: 24px; height: 24px;\"><\/div>\n        <\/div>\n            <div class=\"kksr-star\" style=\"padding-right: 5px\">\n            \n\n<div class=\"kksr-icon\" style=\"width: 24px; height: 24px;\"><\/div>\n        <\/div>\n            <div class=\"kksr-star\" style=\"padding-right: 5px\">\n            \n\n<div class=\"kksr-icon\" style=\"width: 24px; height: 24px;\"><\/div>\n        <\/div>\n    <\/div>\n<\/div>\n                \n\n<div class=\"kksr-legend\" style=\"font-size: 19.2px;\">\n            3.5\/5    <\/div>\n    <\/div>\n","protected":false},"excerpt":{"rendered":"<p>Hoy queremos hablaros sobre los extraordinarios beneficios que la baba de caracol aporta a la piel. Por desgracia, se ha especulado mucho sobre este tema. En Armon\u00eda quer\u00edamos demostrar sus propiedades y para ello, \u00a0realizamos un Estudio Cl\u00ednico (*) en colaboraci\u00f3n con el Instituto Evic Hispania de Barcelona sobre los<\/p>\n","protected":false},"author":10,"featured_media":808,"comment_status":"open","ping_status":"open","sticky":false,"template":"","format":"standard","meta":{"footnotes":""},"categories":[8],"tags":[],"yoast_head":"<!-- This site is optimized with the Yoast SEO plugin v22.6 - https:\/\/yoast.com\/wordpress\/plugins\/seo\/ -->\n<title>Los beneficios de la baba de caracol contrastados por un estudio cl\u00ednico<\/title>\n<meta name=\"robots\" content=\"index, follow, max-snippet:-1, max-image-preview:large, max-video-preview:-1\" \/>\n<link rel=\"canonical\" href=\"https:\/\/armoniabio.com\/blog\/los-beneficios-de-la-baba-de-caracol-contrastados-por-un-estudio-clinico\/\" \/>\n<meta property=\"og:locale\" content=\"es_ES\" \/>\n<meta property=\"og:type\" content=\"article\" \/>\n<meta property=\"og:title\" content=\"Los beneficios de la baba de caracol contrastados por un estudio cl\u00ednico\" \/>\n<meta property=\"og:description\" content=\"Hoy queremos hablaros sobre los extraordinarios beneficios que la baba de caracol aporta a la piel. Por desgracia, se ha especulado mucho sobre este tema. En Armon\u00eda quer\u00edamos demostrar sus propiedades y para ello, \u00a0realizamos un Estudio Cl\u00ednico (*) en colaboraci\u00f3n con el Instituto Evic Hispania de Barcelona sobre los\" \/>\n<meta property=\"og:url\" content=\"https:\/\/armoniabio.com\/blog\/los-beneficios-de-la-baba-de-caracol-contrastados-por-un-estudio-clinico\/\" \/>\n<meta property=\"og:site_name\" content=\"Blog armon\u00eda\" \/>\n<meta property=\"article:publisher\" content=\"https:\/\/www.facebook.com\/ArmoniaCosmetica\/\" \/>\n<meta property=\"article:published_time\" content=\"2013-09-18T08:01:29+00:00\" \/>\n<meta property=\"article:modified_time\" content=\"2021-04-19T14:59:11+00:00\" \/>\n<meta property=\"og:image\" content=\"https:\/\/armoniabio.com\/blog\/wp-content\/uploads\/2013\/09\/28-large.jpg\" \/>\n\t<meta property=\"og:image:width\" content=\"812\" \/>\n\t<meta property=\"og:image:height\" content=\"580\" \/>\n\t<meta property=\"og:image:type\" content=\"image\/jpeg\" \/>\n<meta name=\"author\" content=\"Ana de Sus\" \/>\n<meta name=\"twitter:card\" content=\"summary_large_image\" \/>\n<meta name=\"twitter:creator\" content=\"@armoniabio\" \/>\n<meta name=\"twitter:site\" content=\"@armoniabio\" \/>\n<script type=\"application\/ld+json\" class=\"yoast-schema-graph\">{\"@context\":\"https:\/\/schema.org\",\"@graph\":[{\"@type\":\"Article\",\"@id\":\"https:\/\/armoniabio.com\/blog\/los-beneficios-de-la-baba-de-caracol-contrastados-por-un-estudio-clinico\/#article\",\"isPartOf\":{\"@id\":\"https:\/\/armoniabio.com\/blog\/los-beneficios-de-la-baba-de-caracol-contrastados-por-un-estudio-clinico\/\"},\"author\":{\"name\":\"Ana de Sus\",\"@id\":\"https:\/\/armoniabio.com\/blog\/#\/schema\/person\/1283d62e62bbb3a937177b0816975498\"},\"headline\":\"Los beneficios de la baba de caracol contrastados por un estudio cl\u00ednico\",\"datePublished\":\"2013-09-18T08:01:29+00:00\",\"dateModified\":\"2021-04-19T14:59:11+00:00\",\"mainEntityOfPage\":{\"@id\":\"https:\/\/armoniabio.com\/blog\/los-beneficios-de-la-baba-de-caracol-contrastados-por-un-estudio-clinico\/\"},\"wordCount\":472,\"commentCount\":0,\"publisher\":{\"@id\":\"https:\/\/armoniabio.com\/blog\/#organization\"},\"image\":{\"@id\":\"https:\/\/armoniabio.com\/blog\/los-beneficios-de-la-baba-de-caracol-contrastados-por-un-estudio-clinico\/#primaryimage\"},\"thumbnailUrl\":\"https:\/\/armoniabio.com\/blog\/wp-content\/uploads\/2013\/09\/28-large.jpg\",\"articleSection\":[\"Tratamiento de rostro\"],\"inLanguage\":\"es\",\"potentialAction\":[{\"@type\":\"CommentAction\",\"name\":\"Comment\",\"target\":[\"https:\/\/armoniabio.com\/blog\/los-beneficios-de-la-baba-de-caracol-contrastados-por-un-estudio-clinico\/#respond\"]}]},{\"@type\":\"WebPage\",\"@id\":\"https:\/\/armoniabio.com\/blog\/los-beneficios-de-la-baba-de-caracol-contrastados-por-un-estudio-clinico\/\",\"url\":\"https:\/\/armoniabio.com\/blog\/los-beneficios-de-la-baba-de-caracol-contrastados-por-un-estudio-clinico\/\",\"name\":\"Los beneficios de la baba de caracol contrastados por un estudio cl\u00ednico\",\"isPartOf\":{\"@id\":\"https:\/\/armoniabio.com\/blog\/#website\"},\"primaryImageOfPage\":{\"@id\":\"https:\/\/armoniabio.com\/blog\/los-beneficios-de-la-baba-de-caracol-contrastados-por-un-estudio-clinico\/#primaryimage\"},\"image\":{\"@id\":\"https:\/\/armoniabio.com\/blog\/los-beneficios-de-la-baba-de-caracol-contrastados-por-un-estudio-clinico\/#primaryimage\"},\"thumbnailUrl\":\"https:\/\/armoniabio.com\/blog\/wp-content\/uploads\/2013\/09\/28-large.jpg\",\"datePublished\":\"2013-09-18T08:01:29+00:00\",\"dateModified\":\"2021-04-19T14:59:11+00:00\",\"breadcrumb\":{\"@id\":\"https:\/\/armoniabio.com\/blog\/los-beneficios-de-la-baba-de-caracol-contrastados-por-un-estudio-clinico\/#breadcrumb\"},\"inLanguage\":\"es\",\"potentialAction\":[{\"@type\":\"ReadAction\",\"target\":[\"https:\/\/armoniabio.com\/blog\/los-beneficios-de-la-baba-de-caracol-contrastados-por-un-estudio-clinico\/\"]}]},{\"@type\":\"ImageObject\",\"inLanguage\":\"es\",\"@id\":\"https:\/\/armoniabio.com\/blog\/los-beneficios-de-la-baba-de-caracol-contrastados-por-un-estudio-clinico\/#primaryimage\",\"url\":\"https:\/\/armoniabio.com\/blog\/wp-content\/uploads\/2013\/09\/28-large.jpg\",\"contentUrl\":\"https:\/\/armoniabio.com\/blog\/wp-content\/uploads\/2013\/09\/28-large.jpg\",\"width\":812,\"height\":580},{\"@type\":\"BreadcrumbList\",\"@id\":\"https:\/\/armoniabio.com\/blog\/los-beneficios-de-la-baba-de-caracol-contrastados-por-un-estudio-clinico\/#breadcrumb\",\"itemListElement\":[{\"@type\":\"ListItem\",\"position\":1,\"name\":\"Portada\",\"item\":\"https:\/\/armoniabio.com\/blog\/\"},{\"@type\":\"ListItem\",\"position\":2,\"name\":\"Los beneficios de la baba de caracol contrastados por un estudio cl\u00ednico\"}]},{\"@type\":\"WebSite\",\"@id\":\"https:\/\/armoniabio.com\/blog\/#website\",\"url\":\"https:\/\/armoniabio.com\/blog\/\",\"name\":\"Blog armon\u00eda\",\"description\":\"\",\"publisher\":{\"@id\":\"https:\/\/armoniabio.com\/blog\/#organization\"},\"potentialAction\":[{\"@type\":\"SearchAction\",\"target\":{\"@type\":\"EntryPoint\",\"urlTemplate\":\"https:\/\/armoniabio.com\/blog\/?s={search_term_string}\"},\"query-input\":\"required name=search_term_string\"}],\"inLanguage\":\"es\"},{\"@type\":\"Organization\",\"@id\":\"https:\/\/armoniabio.com\/blog\/#organization\",\"name\":\"Armon\u00eda Cosm\u00e9tica Natural\",\"url\":\"https:\/\/armoniabio.com\/blog\/\",\"logo\":{\"@type\":\"ImageObject\",\"inLanguage\":\"es\",\"@id\":\"https:\/\/armoniabio.com\/blog\/#\/schema\/logo\/image\/\",\"url\":\"http:\/\/armoniabio.com\/blog\/wp-content\/uploads\/2021\/04\/logo_armoniabio.svg\",\"contentUrl\":\"http:\/\/armoniabio.com\/blog\/wp-content\/uploads\/2021\/04\/logo_armoniabio.svg\",\"width\":1,\"height\":1,\"caption\":\"Armon\u00eda Cosm\u00e9tica Natural\"},\"image\":{\"@id\":\"https:\/\/armoniabio.com\/blog\/#\/schema\/logo\/image\/\"},\"sameAs\":[\"https:\/\/www.facebook.com\/ArmoniaCosmetica\/\",\"https:\/\/x.com\/armoniabio\",\"https:\/\/www.instagram.com\/armoniabio\/\",\"https:\/\/www.pinterest.es\/armonacosmticanatural\/\",\"https:\/\/www.youtube.com\/channel\/UCvRU98h_rm6BNIt8CAJtQbw\"]},{\"@type\":\"Person\",\"@id\":\"https:\/\/armoniabio.com\/blog\/#\/schema\/person\/1283d62e62bbb3a937177b0816975498\",\"name\":\"Ana de Sus\"}]}<\/script>\n<!-- \/ Yoast SEO plugin. -->","yoast_head_json":{"title":"Los beneficios de la baba de caracol contrastados por un estudio cl\u00ednico","robots":{"index":"index","follow":"follow","max-snippet":"max-snippet:-1","max-image-preview":"max-image-preview:large","max-video-preview":"max-video-preview:-1"},"canonical":"https:\/\/armoniabio.com\/blog\/los-beneficios-de-la-baba-de-caracol-contrastados-por-un-estudio-clinico\/","og_locale":"es_ES","og_type":"article","og_title":"Los beneficios de la baba de caracol contrastados por un estudio cl\u00ednico","og_description":"Hoy queremos hablaros sobre los extraordinarios beneficios que la baba de caracol aporta a la piel. Por desgracia, se ha especulado mucho sobre este tema. En Armon\u00eda quer\u00edamos demostrar sus propiedades y para ello, \u00a0realizamos un Estudio Cl\u00ednico (*) en colaboraci\u00f3n con el Instituto Evic Hispania de Barcelona sobre los","og_url":"https:\/\/armoniabio.com\/blog\/los-beneficios-de-la-baba-de-caracol-contrastados-por-un-estudio-clinico\/","og_site_name":"Blog armon\u00eda","article_publisher":"https:\/\/www.facebook.com\/ArmoniaCosmetica\/","article_published_time":"2013-09-18T08:01:29+00:00","article_modified_time":"2021-04-19T14:59:11+00:00","og_image":[{"width":812,"height":580,"url":"https:\/\/armoniabio.com\/blog\/wp-content\/uploads\/2013\/09\/28-large.jpg","type":"image\/jpeg"}],"author":"Ana de Sus","twitter_card":"summary_large_image","twitter_creator":"@armoniabio","twitter_site":"@armoniabio","schema":{"@context":"https:\/\/schema.org","@graph":[{"@type":"Article","@id":"https:\/\/armoniabio.com\/blog\/los-beneficios-de-la-baba-de-caracol-contrastados-por-un-estudio-clinico\/#article","isPartOf":{"@id":"https:\/\/armoniabio.com\/blog\/los-beneficios-de-la-baba-de-caracol-contrastados-por-un-estudio-clinico\/"},"author":{"name":"Ana de Sus","@id":"https:\/\/armoniabio.com\/blog\/#\/schema\/person\/1283d62e62bbb3a937177b0816975498"},"headline":"Los beneficios de la baba de caracol contrastados por un estudio cl\u00ednico","datePublished":"2013-09-18T08:01:29+00:00","dateModified":"2021-04-19T14:59:11+00:00","mainEntityOfPage":{"@id":"https:\/\/armoniabio.com\/blog\/los-beneficios-de-la-baba-de-caracol-contrastados-por-un-estudio-clinico\/"},"wordCount":472,"commentCount":0,"publisher":{"@id":"https:\/\/armoniabio.com\/blog\/#organization"},"image":{"@id":"https:\/\/armoniabio.com\/blog\/los-beneficios-de-la-baba-de-caracol-contrastados-por-un-estudio-clinico\/#primaryimage"},"thumbnailUrl":"https:\/\/armoniabio.com\/blog\/wp-content\/uploads\/2013\/09\/28-large.jpg","articleSection":["Tratamiento de rostro"],"inLanguage":"es","potentialAction":[{"@type":"CommentAction","name":"Comment","target":["https:\/\/armoniabio.com\/blog\/los-beneficios-de-la-baba-de-caracol-contrastados-por-un-estudio-clinico\/#respond"]}]},{"@type":"WebPage","@id":"https:\/\/armoniabio.com\/blog\/los-beneficios-de-la-baba-de-caracol-contrastados-por-un-estudio-clinico\/","url":"https:\/\/armoniabio.com\/blog\/los-beneficios-de-la-baba-de-caracol-contrastados-por-un-estudio-clinico\/","name":"Los beneficios de la baba de caracol contrastados por un estudio cl\u00ednico","isPartOf":{"@id":"https:\/\/armoniabio.com\/blog\/#website"},"primaryImageOfPage":{"@id":"https:\/\/armoniabio.com\/blog\/los-beneficios-de-la-baba-de-caracol-contrastados-por-un-estudio-clinico\/#primaryimage"},"image":{"@id":"https:\/\/armoniabio.com\/blog\/los-beneficios-de-la-baba-de-caracol-contrastados-por-un-estudio-clinico\/#primaryimage"},"thumbnailUrl":"https:\/\/armoniabio.com\/blog\/wp-content\/uploads\/2013\/09\/28-large.jpg","datePublished":"2013-09-18T08:01:29+00:00","dateModified":"2021-04-19T14:59:11+00:00","breadcrumb":{"@id":"https:\/\/armoniabio.com\/blog\/los-beneficios-de-la-baba-de-caracol-contrastados-por-un-estudio-clinico\/#breadcrumb"},"inLanguage":"es","potentialAction":[{"@type":"ReadAction","target":["https:\/\/armoniabio.com\/blog\/los-beneficios-de-la-baba-de-caracol-contrastados-por-un-estudio-clinico\/"]}]},{"@type":"ImageObject","inLanguage":"es","@id":"https:\/\/armoniabio.com\/blog\/los-beneficios-de-la-baba-de-caracol-contrastados-por-un-estudio-clinico\/#primaryimage","url":"https:\/\/armoniabio.com\/blog\/wp-content\/uploads\/2013\/09\/28-large.jpg","contentUrl":"https:\/\/armoniabio.com\/blog\/wp-content\/uploads\/2013\/09\/28-large.jpg","width":812,"height":580},{"@type":"BreadcrumbList","@id":"https:\/\/armoniabio.com\/blog\/los-beneficios-de-la-baba-de-caracol-contrastados-por-un-estudio-clinico\/#breadcrumb","itemListElement":[{"@type":"ListItem","position":1,"name":"Portada","item":"https:\/\/armoniabio.com\/blog\/"},{"@type":"ListItem","position":2,"name":"Los beneficios de la baba de caracol contrastados por un estudio cl\u00ednico"}]},{"@type":"WebSite","@id":"https:\/\/armoniabio.com\/blog\/#website","url":"https:\/\/armoniabio.com\/blog\/","name":"Blog armon\u00eda","description":"","publisher":{"@id":"https:\/\/armoniabio.com\/blog\/#organization"},"potentialAction":[{"@type":"SearchAction","target":{"@type":"EntryPoint","urlTemplate":"https:\/\/armoniabio.com\/blog\/?s={search_term_string}"},"query-input":"required name=search_term_string"}],"inLanguage":"es"},{"@type":"Organization","@id":"https:\/\/armoniabio.com\/blog\/#organization","name":"Armon\u00eda Cosm\u00e9tica Natural","url":"https:\/\/armoniabio.com\/blog\/","logo":{"@type":"ImageObject","inLanguage":"es","@id":"https:\/\/armoniabio.com\/blog\/#\/schema\/logo\/image\/","url":"http:\/\/armoniabio.com\/blog\/wp-content\/uploads\/2021\/04\/logo_armoniabio.svg","contentUrl":"http:\/\/armoniabio.com\/blog\/wp-content\/uploads\/2021\/04\/logo_armoniabio.svg","width":1,"height":1,"caption":"Armon\u00eda Cosm\u00e9tica Natural"},"image":{"@id":"https:\/\/armoniabio.com\/blog\/#\/schema\/logo\/image\/"},"sameAs":["https:\/\/www.facebook.com\/ArmoniaCosmetica\/","https:\/\/x.com\/armoniabio","https:\/\/www.instagram.com\/armoniabio\/","https:\/\/www.pinterest.es\/armonacosmticanatural\/","https:\/\/www.youtube.com\/channel\/UCvRU98h_rm6BNIt8CAJtQbw"]},{"@type":"Person","@id":"https:\/\/armoniabio.com\/blog\/#\/schema\/person\/1283d62e62bbb3a937177b0816975498","name":"Ana de Sus"}]}},"_links":{"self":[{"href":"https:\/\/armoniabio.com\/blog\/wp-json\/wp\/v2\/posts\/412"}],"collection":[{"href":"https:\/\/armoniabio.com\/blog\/wp-json\/wp\/v2\/posts"}],"about":[{"href":"https:\/\/armoniabio.com\/blog\/wp-json\/wp\/v2\/types\/post"}],"author":[{"embeddable":true,"href":"https:\/\/armoniabio.com\/blog\/wp-json\/wp\/v2\/users\/10"}],"replies":[{"embeddable":true,"href":"https:\/\/armoniabio.com\/blog\/wp-json\/wp\/v2\/comments?post=412"}],"version-history":[{"count":3,"href":"https:\/\/armoniabio.com\/blog\/wp-json\/wp\/v2\/posts\/412\/revisions"}],"predecessor-version":[{"id":991,"href":"https:\/\/armoniabio.com\/blog\/wp-json\/wp\/v2\/posts\/412\/revisions\/991"}],"wp:featuredmedia":[{"embeddable":true,"href":"https:\/\/armoniabio.com\/blog\/wp-json\/wp\/v2\/media\/808"}],"wp:attachment":[{"href":"https:\/\/armoniabio.com\/blog\/wp-json\/wp\/v2\/media?parent=412"}],"wp:term":[{"taxonomy":"category","embeddable":true,"href":"https:\/\/armoniabio.com\/blog\/wp-json\/wp\/v2\/categories?post=412"},{"taxonomy":"post_tag","embeddable":true,"href":"https:\/\/armoniabio.com\/blog\/wp-json\/wp\/v2\/tags?post=412"}],"curies":[{"name":"wp","href":"https:\/\/api.w.org\/{rel}","templated":true}]}}