{"id":390,"date":"2013-06-08T18:30:40","date_gmt":"2013-06-08T16:30:40","guid":{"rendered":""},"modified":"2020-10-26T10:58:33","modified_gmt":"2020-10-26T09:58:33","slug":"que-es-el-factor-de-proteccion-solar-fps","status":"publish","type":"post","link":"https:\/\/armoniabio.com\/blog\/que-es-el-factor-de-proteccion-solar-fps\/","title":{"rendered":"\u00bfQu\u00e9 es el factor de protecci\u00f3n solar (FPS)?"},"content":{"rendered":"<div class=\"entry-content\">\n<div class=\"entry-content\">\n<div class=\"entry-content\">\n<div class=\"entry-content\">\n<div class=\"entry-content\">\n<div class=\"entry-content\">\n<div class=\"entry-content\">\n<p>Blanca, es la mujer clave en nuestro equipo de I+D. Hoy la hemos entrevistado, para que nos cuente lo que tenemos que saber para aprender a proteger nuestra piel del sol este verano.<\/p>\n<p>Nos ha contado cosas muy interesantes y que muchos desconocemos.<\/p>\n<p><strong>Blanca, \u00bfQu\u00e9 es el FPS? \u00a0<\/strong><\/p>\n<p>Las siglas <strong>FPS<\/strong> hacen referencia a las palabras<strong> Factor de Protecci\u00f3n Solar<\/strong>, tambi\u00e9n conocido como IPS (\u00cdndice de Protecci\u00f3n Solar)\u00a0 o SPF en ingl\u00e9s (Sun Protection Factor)<\/p>\n<p>Es cierto que en los \u00faltimos a\u00f1os la poblaci\u00f3n ha comenzado a adquirir una <strong>conciencia sobre los efectos y riesgos de la exposici\u00f3n al sol,<\/strong> existe todav\u00eda cierto <strong>desconocimiento a cerca de lo que significa este concepto.<\/strong> Lo que s\u00ed es cierto es que el consumidor medio lo asocia inexorablemente a los productos cosm\u00e9ticos solares.<\/p>\n<p>De manera muy general se podr\u00eda decir que <strong>el FPS es un \u00edndice temporal que indica el tiempo que una piel puede exponerse al sol sin sufrir riesgo de quemaduras debidas a la acci\u00f3n de los rayos UV<\/strong>. Es un t\u00e9rmino multiplicativo, es decir, supongamos que si una piel muestra una quemadura despu\u00e9s de 20 minutos de exposici\u00f3n solar, con un filtro solar de factor de protecci\u00f3n 3, comenzar\u00eda a notar los primeros efectos\u00a0 a los 60 minutos. Esto es, 3 veces m\u00e1s de tiempo. Es importante por tanto tener en cuenta, que una piel blanca y sensible tardar\u00e1 mucho menos tiempo en sufrir las primeras consecuencias en comparaci\u00f3n con una piel oscura, por lo que <strong>un mismo FPS no proteger\u00e1 de la misma manera a diferentes tipos de pieles<\/strong>. <strong>Cuanto m\u00e1s blanca y sensible sea la piel, necesitar\u00e1 un mayor FPS<\/strong>.<\/p>\n<p><strong>Lo m\u00e1s importante desde mi punto de vista a cerca del concepto FPS es conocer que por muy alta que sea la protecci\u00f3n solar,\u00a0 por muy alto que sea el n\u00famero asociado al SPF, no existe ning\u00fan tipo de protecci\u00f3n solar que proteja la piel al 100% frente a la radiaci\u00f3n solar\u00a0.<\/strong> Por suerte para los consumidores, la legislaci\u00f3n a cerca de la cosm\u00e9tica solar est\u00e1 cambiando y t\u00e9rminos como \u201cbarrera total\u201d o \u201cprotecci\u00f3n durante todo el d\u00eda\u201d est\u00e1n totalmente prohibidos en sus envases.<br \/>\n<strong>\u00bfTenemos que utilizar todo el verano el mismo FPS?<\/strong><\/p>\n<p>No, siempre que se haga una exposici\u00f3n con cautela. <strong>Los primeros d\u00edas lo m\u00e1s inteligente es usar un cosm\u00e9tico solar de muy alta protecci\u00f3n y progresivamente<\/strong>, y siempre teniendo en cuenta el tipo de piel, <strong>se puede ir disminuyendo el FPS<\/strong>. Insisto que desde mi punto de vista <strong>nunca se deber\u00eda rebajar un FPS 15<\/strong>. De esta manera conseguiremos un moreno mucho m\u00e1s homog\u00e9neo y bonito.<br \/>\n\u00bfTen\u00e9is alguna duda? Pod\u00e9is enviar vuestras preguntas para Blanca al correo electr\u00f3nico: <strong>info@armoniabio.com<\/strong><\/p>\n<p>En los pr\u00f3ximos d\u00edas os contamos alguno m\u00e1s de sus consejos.<\/p>\n<\/div>\n<\/div>\n<\/div>\n<\/div>\n<\/div>\n<\/div>\n<\/div>\n\n\n<div class=\"kk-star-ratings kksr-auto kksr-align-left kksr-valign-bottom\"\n    data-payload='{&quot;align&quot;:&quot;left&quot;,&quot;id&quot;:&quot;390&quot;,&quot;slug&quot;:&quot;default&quot;,&quot;valign&quot;:&quot;bottom&quot;,&quot;ignore&quot;:&quot;&quot;,&quot;reference&quot;:&quot;auto&quot;,&quot;class&quot;:&quot;&quot;,&quot;count&quot;:&quot;0&quot;,&quot;legendonly&quot;:&quot;&quot;,&quot;readonly&quot;:&quot;&quot;,&quot;score&quot;:&quot;0&quot;,&quot;starsonly&quot;:&quot;&quot;,&quot;best&quot;:&quot;5&quot;,&quot;gap&quot;:&quot;5&quot;,&quot;greet&quot;:&quot;\\u00bfTe ha gustado nuestro contenido?&quot;,&quot;legend&quot;:&quot;0\\\/5&quot;,&quot;size&quot;:&quot;24&quot;,&quot;title&quot;:&quot;\\u00bfQu\\u00e9 es el factor de protecci\\u00f3n solar (FPS)?&quot;,&quot;width&quot;:&quot;0&quot;,&quot;_legend&quot;:&quot;{score}\\\/{best}&quot;,&quot;font_factor&quot;:&quot;1.25&quot;}'>\n            \n<div class=\"kksr-stars\">\n    \n<div class=\"kksr-stars-inactive\">\n            <div class=\"kksr-star\" data-star=\"1\" style=\"padding-right: 5px\">\n            \n\n<div class=\"kksr-icon\" style=\"width: 24px; height: 24px;\"><\/div>\n        <\/div>\n            <div class=\"kksr-star\" data-star=\"2\" style=\"padding-right: 5px\">\n            \n\n<div class=\"kksr-icon\" style=\"width: 24px; height: 24px;\"><\/div>\n        <\/div>\n            <div class=\"kksr-star\" data-star=\"3\" style=\"padding-right: 5px\">\n            \n\n<div class=\"kksr-icon\" style=\"width: 24px; height: 24px;\"><\/div>\n        <\/div>\n            <div class=\"kksr-star\" data-star=\"4\" style=\"padding-right: 5px\">\n            \n\n<div class=\"kksr-icon\" style=\"width: 24px; height: 24px;\"><\/div>\n        <\/div>\n            <div class=\"kksr-star\" data-star=\"5\" style=\"padding-right: 5px\">\n            \n\n<div class=\"kksr-icon\" style=\"width: 24px; height: 24px;\"><\/div>\n        <\/div>\n    <\/div>\n    \n<div class=\"kksr-stars-active\" style=\"width: 0px;\">\n            <div class=\"kksr-star\" style=\"padding-right: 5px\">\n            \n\n<div class=\"kksr-icon\" style=\"width: 24px; height: 24px;\"><\/div>\n        <\/div>\n            <div class=\"kksr-star\" style=\"padding-right: 5px\">\n            \n\n<div class=\"kksr-icon\" style=\"width: 24px; height: 24px;\"><\/div>\n        <\/div>\n            <div class=\"kksr-star\" style=\"padding-right: 5px\">\n            \n\n<div class=\"kksr-icon\" style=\"width: 24px; height: 24px;\"><\/div>\n        <\/div>\n            <div class=\"kksr-star\" style=\"padding-right: 5px\">\n            \n\n<div class=\"kksr-icon\" style=\"width: 24px; height: 24px;\"><\/div>\n        <\/div>\n            <div class=\"kksr-star\" style=\"padding-right: 5px\">\n            \n\n<div class=\"kksr-icon\" style=\"width: 24px; height: 24px;\"><\/div>\n        <\/div>\n    <\/div>\n<\/div>\n                \n\n<div class=\"kksr-legend\" style=\"font-size: 19.2px;\">\n            <span class=\"kksr-muted\">\u00bfTe ha gustado nuestro contenido?<\/span>\n    <\/div>\n    <\/div>\n","protected":false},"excerpt":{"rendered":"<p>Blanca, es la mujer clave en nuestro equipo de I+D. Hoy la hemos entrevistado, para que nos cuente lo que tenemos que saber para aprender a proteger nuestra piel del sol este verano. Nos ha contado cosas muy interesantes y que muchos desconocemos. Blanca, \u00bfQu\u00e9 es el FPS? \u00a0 Las<\/p>\n","protected":false},"author":10,"featured_media":847,"comment_status":"open","ping_status":"open","sticky":false,"template":"","format":"standard","meta":{"footnotes":""},"categories":[12],"tags":[],"yoast_head":"<!-- This site is optimized with the Yoast SEO plugin v22.6 - https:\/\/yoast.com\/wordpress\/plugins\/seo\/ -->\n<title>\u00bfQu\u00e9 es el factor de protecci\u00f3n solar (FPS)?<\/title>\n<meta name=\"robots\" content=\"index, follow, max-snippet:-1, max-image-preview:large, max-video-preview:-1\" \/>\n<link rel=\"canonical\" href=\"https:\/\/armoniabio.com\/blog\/que-es-el-factor-de-proteccion-solar-fps\/\" \/>\n<meta property=\"og:locale\" content=\"es_ES\" \/>\n<meta property=\"og:type\" content=\"article\" \/>\n<meta property=\"og:title\" content=\"\u00bfQu\u00e9 es el factor de protecci\u00f3n solar (FPS)?\" \/>\n<meta property=\"og:description\" content=\"Blanca, es la mujer clave en nuestro equipo de I+D. Hoy la hemos entrevistado, para que nos cuente lo que tenemos que saber para aprender a proteger nuestra piel del sol este verano. Nos ha contado cosas muy interesantes y que muchos desconocemos. Blanca, \u00bfQu\u00e9 es el FPS? \u00a0 Las\" \/>\n<meta property=\"og:url\" content=\"https:\/\/armoniabio.com\/blog\/que-es-el-factor-de-proteccion-solar-fps\/\" \/>\n<meta property=\"og:site_name\" content=\"Blog armon\u00eda\" \/>\n<meta property=\"article:publisher\" content=\"https:\/\/www.facebook.com\/ArmoniaCosmetica\/\" \/>\n<meta property=\"article:published_time\" content=\"2013-06-08T16:30:40+00:00\" \/>\n<meta property=\"article:modified_time\" content=\"2020-10-26T09:58:33+00:00\" \/>\n<meta property=\"og:image\" content=\"https:\/\/armoniabio.com\/blog\/wp-content\/uploads\/2013\/06\/5-large.jpg\" \/>\n\t<meta property=\"og:image:width\" content=\"812\" \/>\n\t<meta property=\"og:image:height\" content=\"580\" \/>\n\t<meta property=\"og:image:type\" content=\"image\/jpeg\" \/>\n<meta name=\"author\" content=\"Ana de Sus\" \/>\n<meta name=\"twitter:card\" content=\"summary_large_image\" \/>\n<meta name=\"twitter:creator\" content=\"@armoniabio\" \/>\n<meta name=\"twitter:site\" content=\"@armoniabio\" \/>\n<script type=\"application\/ld+json\" class=\"yoast-schema-graph\">{\"@context\":\"https:\/\/schema.org\",\"@graph\":[{\"@type\":\"Article\",\"@id\":\"https:\/\/armoniabio.com\/blog\/que-es-el-factor-de-proteccion-solar-fps\/#article\",\"isPartOf\":{\"@id\":\"https:\/\/armoniabio.com\/blog\/que-es-el-factor-de-proteccion-solar-fps\/\"},\"author\":{\"name\":\"Ana de Sus\",\"@id\":\"https:\/\/armoniabio.com\/blog\/#\/schema\/person\/1283d62e62bbb3a937177b0816975498\"},\"headline\":\"\u00bfQu\u00e9 es el factor de protecci\u00f3n solar (FPS)?\",\"datePublished\":\"2013-06-08T16:30:40+00:00\",\"dateModified\":\"2020-10-26T09:58:33+00:00\",\"mainEntityOfPage\":{\"@id\":\"https:\/\/armoniabio.com\/blog\/que-es-el-factor-de-proteccion-solar-fps\/\"},\"wordCount\":506,\"commentCount\":0,\"publisher\":{\"@id\":\"https:\/\/armoniabio.com\/blog\/#organization\"},\"image\":{\"@id\":\"https:\/\/armoniabio.com\/blog\/que-es-el-factor-de-proteccion-solar-fps\/#primaryimage\"},\"thumbnailUrl\":\"https:\/\/armoniabio.com\/blog\/wp-content\/uploads\/2013\/06\/5-large.jpg\",\"articleSection\":[\"Consejo de experta\"],\"inLanguage\":\"es\",\"potentialAction\":[{\"@type\":\"CommentAction\",\"name\":\"Comment\",\"target\":[\"https:\/\/armoniabio.com\/blog\/que-es-el-factor-de-proteccion-solar-fps\/#respond\"]}]},{\"@type\":\"WebPage\",\"@id\":\"https:\/\/armoniabio.com\/blog\/que-es-el-factor-de-proteccion-solar-fps\/\",\"url\":\"https:\/\/armoniabio.com\/blog\/que-es-el-factor-de-proteccion-solar-fps\/\",\"name\":\"\u00bfQu\u00e9 es el factor de protecci\u00f3n solar (FPS)?\",\"isPartOf\":{\"@id\":\"https:\/\/armoniabio.com\/blog\/#website\"},\"primaryImageOfPage\":{\"@id\":\"https:\/\/armoniabio.com\/blog\/que-es-el-factor-de-proteccion-solar-fps\/#primaryimage\"},\"image\":{\"@id\":\"https:\/\/armoniabio.com\/blog\/que-es-el-factor-de-proteccion-solar-fps\/#primaryimage\"},\"thumbnailUrl\":\"https:\/\/armoniabio.com\/blog\/wp-content\/uploads\/2013\/06\/5-large.jpg\",\"datePublished\":\"2013-06-08T16:30:40+00:00\",\"dateModified\":\"2020-10-26T09:58:33+00:00\",\"breadcrumb\":{\"@id\":\"https:\/\/armoniabio.com\/blog\/que-es-el-factor-de-proteccion-solar-fps\/#breadcrumb\"},\"inLanguage\":\"es\",\"potentialAction\":[{\"@type\":\"ReadAction\",\"target\":[\"https:\/\/armoniabio.com\/blog\/que-es-el-factor-de-proteccion-solar-fps\/\"]}]},{\"@type\":\"ImageObject\",\"inLanguage\":\"es\",\"@id\":\"https:\/\/armoniabio.com\/blog\/que-es-el-factor-de-proteccion-solar-fps\/#primaryimage\",\"url\":\"https:\/\/armoniabio.com\/blog\/wp-content\/uploads\/2013\/06\/5-large.jpg\",\"contentUrl\":\"https:\/\/armoniabio.com\/blog\/wp-content\/uploads\/2013\/06\/5-large.jpg\",\"width\":812,\"height\":580},{\"@type\":\"BreadcrumbList\",\"@id\":\"https:\/\/armoniabio.com\/blog\/que-es-el-factor-de-proteccion-solar-fps\/#breadcrumb\",\"itemListElement\":[{\"@type\":\"ListItem\",\"position\":1,\"name\":\"Portada\",\"item\":\"https:\/\/armoniabio.com\/blog\/\"},{\"@type\":\"ListItem\",\"position\":2,\"name\":\"\u00bfQu\u00e9 es el factor de protecci\u00f3n solar (FPS)?\"}]},{\"@type\":\"WebSite\",\"@id\":\"https:\/\/armoniabio.com\/blog\/#website\",\"url\":\"https:\/\/armoniabio.com\/blog\/\",\"name\":\"Blog armon\u00eda\",\"description\":\"\",\"publisher\":{\"@id\":\"https:\/\/armoniabio.com\/blog\/#organization\"},\"potentialAction\":[{\"@type\":\"SearchAction\",\"target\":{\"@type\":\"EntryPoint\",\"urlTemplate\":\"https:\/\/armoniabio.com\/blog\/?s={search_term_string}\"},\"query-input\":\"required name=search_term_string\"}],\"inLanguage\":\"es\"},{\"@type\":\"Organization\",\"@id\":\"https:\/\/armoniabio.com\/blog\/#organization\",\"name\":\"Armon\u00eda Cosm\u00e9tica Natural\",\"url\":\"https:\/\/armoniabio.com\/blog\/\",\"logo\":{\"@type\":\"ImageObject\",\"inLanguage\":\"es\",\"@id\":\"https:\/\/armoniabio.com\/blog\/#\/schema\/logo\/image\/\",\"url\":\"http:\/\/armoniabio.com\/blog\/wp-content\/uploads\/2021\/04\/logo_armoniabio.svg\",\"contentUrl\":\"http:\/\/armoniabio.com\/blog\/wp-content\/uploads\/2021\/04\/logo_armoniabio.svg\",\"width\":1,\"height\":1,\"caption\":\"Armon\u00eda Cosm\u00e9tica Natural\"},\"image\":{\"@id\":\"https:\/\/armoniabio.com\/blog\/#\/schema\/logo\/image\/\"},\"sameAs\":[\"https:\/\/www.facebook.com\/ArmoniaCosmetica\/\",\"https:\/\/x.com\/armoniabio\",\"https:\/\/www.instagram.com\/armoniabio\/\",\"https:\/\/www.pinterest.es\/armonacosmticanatural\/\",\"https:\/\/www.youtube.com\/channel\/UCvRU98h_rm6BNIt8CAJtQbw\"]},{\"@type\":\"Person\",\"@id\":\"https:\/\/armoniabio.com\/blog\/#\/schema\/person\/1283d62e62bbb3a937177b0816975498\",\"name\":\"Ana de Sus\"}]}<\/script>\n<!-- \/ Yoast SEO plugin. -->","yoast_head_json":{"title":"\u00bfQu\u00e9 es el factor de protecci\u00f3n solar (FPS)?","robots":{"index":"index","follow":"follow","max-snippet":"max-snippet:-1","max-image-preview":"max-image-preview:large","max-video-preview":"max-video-preview:-1"},"canonical":"https:\/\/armoniabio.com\/blog\/que-es-el-factor-de-proteccion-solar-fps\/","og_locale":"es_ES","og_type":"article","og_title":"\u00bfQu\u00e9 es el factor de protecci\u00f3n solar (FPS)?","og_description":"Blanca, es la mujer clave en nuestro equipo de I+D. Hoy la hemos entrevistado, para que nos cuente lo que tenemos que saber para aprender a proteger nuestra piel del sol este verano. Nos ha contado cosas muy interesantes y que muchos desconocemos. Blanca, \u00bfQu\u00e9 es el FPS? \u00a0 Las","og_url":"https:\/\/armoniabio.com\/blog\/que-es-el-factor-de-proteccion-solar-fps\/","og_site_name":"Blog armon\u00eda","article_publisher":"https:\/\/www.facebook.com\/ArmoniaCosmetica\/","article_published_time":"2013-06-08T16:30:40+00:00","article_modified_time":"2020-10-26T09:58:33+00:00","og_image":[{"width":812,"height":580,"url":"https:\/\/armoniabio.com\/blog\/wp-content\/uploads\/2013\/06\/5-large.jpg","type":"image\/jpeg"}],"author":"Ana de Sus","twitter_card":"summary_large_image","twitter_creator":"@armoniabio","twitter_site":"@armoniabio","schema":{"@context":"https:\/\/schema.org","@graph":[{"@type":"Article","@id":"https:\/\/armoniabio.com\/blog\/que-es-el-factor-de-proteccion-solar-fps\/#article","isPartOf":{"@id":"https:\/\/armoniabio.com\/blog\/que-es-el-factor-de-proteccion-solar-fps\/"},"author":{"name":"Ana de Sus","@id":"https:\/\/armoniabio.com\/blog\/#\/schema\/person\/1283d62e62bbb3a937177b0816975498"},"headline":"\u00bfQu\u00e9 es el factor de protecci\u00f3n solar (FPS)?","datePublished":"2013-06-08T16:30:40+00:00","dateModified":"2020-10-26T09:58:33+00:00","mainEntityOfPage":{"@id":"https:\/\/armoniabio.com\/blog\/que-es-el-factor-de-proteccion-solar-fps\/"},"wordCount":506,"commentCount":0,"publisher":{"@id":"https:\/\/armoniabio.com\/blog\/#organization"},"image":{"@id":"https:\/\/armoniabio.com\/blog\/que-es-el-factor-de-proteccion-solar-fps\/#primaryimage"},"thumbnailUrl":"https:\/\/armoniabio.com\/blog\/wp-content\/uploads\/2013\/06\/5-large.jpg","articleSection":["Consejo de experta"],"inLanguage":"es","potentialAction":[{"@type":"CommentAction","name":"Comment","target":["https:\/\/armoniabio.com\/blog\/que-es-el-factor-de-proteccion-solar-fps\/#respond"]}]},{"@type":"WebPage","@id":"https:\/\/armoniabio.com\/blog\/que-es-el-factor-de-proteccion-solar-fps\/","url":"https:\/\/armoniabio.com\/blog\/que-es-el-factor-de-proteccion-solar-fps\/","name":"\u00bfQu\u00e9 es el factor de protecci\u00f3n solar (FPS)?","isPartOf":{"@id":"https:\/\/armoniabio.com\/blog\/#website"},"primaryImageOfPage":{"@id":"https:\/\/armoniabio.com\/blog\/que-es-el-factor-de-proteccion-solar-fps\/#primaryimage"},"image":{"@id":"https:\/\/armoniabio.com\/blog\/que-es-el-factor-de-proteccion-solar-fps\/#primaryimage"},"thumbnailUrl":"https:\/\/armoniabio.com\/blog\/wp-content\/uploads\/2013\/06\/5-large.jpg","datePublished":"2013-06-08T16:30:40+00:00","dateModified":"2020-10-26T09:58:33+00:00","breadcrumb":{"@id":"https:\/\/armoniabio.com\/blog\/que-es-el-factor-de-proteccion-solar-fps\/#breadcrumb"},"inLanguage":"es","potentialAction":[{"@type":"ReadAction","target":["https:\/\/armoniabio.com\/blog\/que-es-el-factor-de-proteccion-solar-fps\/"]}]},{"@type":"ImageObject","inLanguage":"es","@id":"https:\/\/armoniabio.com\/blog\/que-es-el-factor-de-proteccion-solar-fps\/#primaryimage","url":"https:\/\/armoniabio.com\/blog\/wp-content\/uploads\/2013\/06\/5-large.jpg","contentUrl":"https:\/\/armoniabio.com\/blog\/wp-content\/uploads\/2013\/06\/5-large.jpg","width":812,"height":580},{"@type":"BreadcrumbList","@id":"https:\/\/armoniabio.com\/blog\/que-es-el-factor-de-proteccion-solar-fps\/#breadcrumb","itemListElement":[{"@type":"ListItem","position":1,"name":"Portada","item":"https:\/\/armoniabio.com\/blog\/"},{"@type":"ListItem","position":2,"name":"\u00bfQu\u00e9 es el factor de protecci\u00f3n solar (FPS)?"}]},{"@type":"WebSite","@id":"https:\/\/armoniabio.com\/blog\/#website","url":"https:\/\/armoniabio.com\/blog\/","name":"Blog armon\u00eda","description":"","publisher":{"@id":"https:\/\/armoniabio.com\/blog\/#organization"},"potentialAction":[{"@type":"SearchAction","target":{"@type":"EntryPoint","urlTemplate":"https:\/\/armoniabio.com\/blog\/?s={search_term_string}"},"query-input":"required name=search_term_string"}],"inLanguage":"es"},{"@type":"Organization","@id":"https:\/\/armoniabio.com\/blog\/#organization","name":"Armon\u00eda Cosm\u00e9tica Natural","url":"https:\/\/armoniabio.com\/blog\/","logo":{"@type":"ImageObject","inLanguage":"es","@id":"https:\/\/armoniabio.com\/blog\/#\/schema\/logo\/image\/","url":"http:\/\/armoniabio.com\/blog\/wp-content\/uploads\/2021\/04\/logo_armoniabio.svg","contentUrl":"http:\/\/armoniabio.com\/blog\/wp-content\/uploads\/2021\/04\/logo_armoniabio.svg","width":1,"height":1,"caption":"Armon\u00eda Cosm\u00e9tica Natural"},"image":{"@id":"https:\/\/armoniabio.com\/blog\/#\/schema\/logo\/image\/"},"sameAs":["https:\/\/www.facebook.com\/ArmoniaCosmetica\/","https:\/\/x.com\/armoniabio","https:\/\/www.instagram.com\/armoniabio\/","https:\/\/www.pinterest.es\/armonacosmticanatural\/","https:\/\/www.youtube.com\/channel\/UCvRU98h_rm6BNIt8CAJtQbw"]},{"@type":"Person","@id":"https:\/\/armoniabio.com\/blog\/#\/schema\/person\/1283d62e62bbb3a937177b0816975498","name":"Ana de Sus"}]}},"_links":{"self":[{"href":"https:\/\/armoniabio.com\/blog\/wp-json\/wp\/v2\/posts\/390"}],"collection":[{"href":"https:\/\/armoniabio.com\/blog\/wp-json\/wp\/v2\/posts"}],"about":[{"href":"https:\/\/armoniabio.com\/blog\/wp-json\/wp\/v2\/types\/post"}],"author":[{"embeddable":true,"href":"https:\/\/armoniabio.com\/blog\/wp-json\/wp\/v2\/users\/10"}],"replies":[{"embeddable":true,"href":"https:\/\/armoniabio.com\/blog\/wp-json\/wp\/v2\/comments?post=390"}],"version-history":[{"count":1,"href":"https:\/\/armoniabio.com\/blog\/wp-json\/wp\/v2\/posts\/390\/revisions"}],"predecessor-version":[{"id":848,"href":"https:\/\/armoniabio.com\/blog\/wp-json\/wp\/v2\/posts\/390\/revisions\/848"}],"wp:featuredmedia":[{"embeddable":true,"href":"https:\/\/armoniabio.com\/blog\/wp-json\/wp\/v2\/media\/847"}],"wp:attachment":[{"href":"https:\/\/armoniabio.com\/blog\/wp-json\/wp\/v2\/media?parent=390"}],"wp:term":[{"taxonomy":"category","embeddable":true,"href":"https:\/\/armoniabio.com\/blog\/wp-json\/wp\/v2\/categories?post=390"},{"taxonomy":"post_tag","embeddable":true,"href":"https:\/\/armoniabio.com\/blog\/wp-json\/wp\/v2\/tags?post=390"}],"curies":[{"name":"wp","href":"https:\/\/api.w.org\/{rel}","templated":true}]}}