{"id":1593,"date":"2023-06-23T11:31:35","date_gmt":"2023-06-23T09:31:35","guid":{"rendered":"https:\/\/armoniabio.com\/blog\/?p=1593"},"modified":"2023-07-31T19:33:09","modified_gmt":"2023-07-31T17:33:09","slug":"3-productos-imprescindibles-para-proteger-tu-cara-del-sol-en-verano","status":"publish","type":"post","link":"https:\/\/armoniabio.com\/blog\/3-productos-imprescindibles-para-proteger-tu-cara-del-sol-en-verano\/","title":{"rendered":"3 productos imprescindibles para proteger tu cara del sol en verano"},"content":{"rendered":"<p><span style=\"font-weight: 400;\">Ya est\u00e1is muchas de vacaciones y es importante tener claros los imprescindibles para proteger nuestro rostro del sol y evitar no solo quemarnos sino tambi\u00e9n acelerar nuestro envejecimiento.\u00a0<\/span><\/p>\n<div id=\"ez-toc-container\" class=\"ez-toc-v2_0_77 counter-hierarchy ez-toc-counter ez-toc-grey ez-toc-container-direction\">\n<div class=\"ez-toc-title-container\">\n<p class=\"ez-toc-title\" style=\"cursor:inherit\">\u00cdndice de contenidos:<\/p>\n<span class=\"ez-toc-title-toggle\"><a href=\"#\" class=\"ez-toc-pull-right ez-toc-btn ez-toc-btn-xs ez-toc-btn-default ez-toc-toggle\" aria-label=\"Alternar tabla de contenidos\"><span class=\"ez-toc-js-icon-con\"><span class=\"\"><span class=\"eztoc-hide\" style=\"display:none;\">Toggle<\/span><span class=\"ez-toc-icon-toggle-span\"><svg style=\"fill: #999;color:#999\" xmlns=\"http:\/\/www.w3.org\/2000\/svg\" class=\"list-377408\" width=\"20px\" height=\"20px\" viewBox=\"0 0 24 24\" fill=\"none\"><path d=\"M6 6H4v2h2V6zm14 0H8v2h12V6zM4 11h2v2H4v-2zm16 0H8v2h12v-2zM4 16h2v2H4v-2zm16 0H8v2h12v-2z\" fill=\"currentColor\"><\/path><\/svg><svg style=\"fill: #999;color:#999\" class=\"arrow-unsorted-368013\" xmlns=\"http:\/\/www.w3.org\/2000\/svg\" width=\"10px\" height=\"10px\" viewBox=\"0 0 24 24\" version=\"1.2\" baseProfile=\"tiny\"><path d=\"M18.2 9.3l-6.2-6.3-6.2 6.3c-.2.2-.3.4-.3.7s.1.5.3.7c.2.2.4.3.7.3h11c.3 0 .5-.1.7-.3.2-.2.3-.5.3-.7s-.1-.5-.3-.7zM5.8 14.7l6.2 6.3 6.2-6.3c.2-.2.3-.5.3-.7s-.1-.5-.3-.7c-.2-.2-.4-.3-.7-.3h-11c-.3 0-.5.1-.7.3-.2.2-.3.5-.3.7s.1.5.3.7z\"\/><\/svg><\/span><\/span><\/span><\/a><\/span><\/div>\n<nav><ul class='ez-toc-list ez-toc-list-level-1 ' ><li class='ez-toc-page-1 ez-toc-heading-level-2'><a class=\"ez-toc-link ez-toc-heading-1\" href=\"https:\/\/armoniabio.com\/blog\/3-productos-imprescindibles-para-proteger-tu-cara-del-sol-en-verano\/#%C2%BFComo_sufre_nuestro_rostro_expuesto_al_sol\" >\u00bfC\u00f3mo sufre nuestro rostro expuesto al sol?<\/a><\/li><li class='ez-toc-page-1 ez-toc-heading-level-2'><a class=\"ez-toc-link ez-toc-heading-2\" href=\"https:\/\/armoniabio.com\/blog\/3-productos-imprescindibles-para-proteger-tu-cara-del-sol-en-verano\/#%C2%BFBasta_solo_con_aplicarnos_crema_solar_en_la_cara\" >\u00bfBasta solo con aplicarnos crema solar en la cara?<\/a><\/li><li class='ez-toc-page-1 ez-toc-heading-level-2'><a class=\"ez-toc-link ez-toc-heading-3\" href=\"https:\/\/armoniabio.com\/blog\/3-productos-imprescindibles-para-proteger-tu-cara-del-sol-en-verano\/#3_productos_faciales_para_el_sol_que_no_te_pueden_faltar\" >3 productos faciales para el sol que no te pueden faltar<\/a><\/li><li class='ez-toc-page-1 ez-toc-heading-level-2'><a class=\"ez-toc-link ez-toc-heading-4\" href=\"https:\/\/armoniabio.com\/blog\/3-productos-imprescindibles-para-proteger-tu-cara-del-sol-en-verano\/#Consejos_adicionales_para_proteger_tu_rostro_del_sol_en_verano\" >Consejos adicionales para proteger tu rostro del sol en verano<\/a><\/li><\/ul><\/nav><\/div>\n<h2><span class=\"ez-toc-section\" id=\"%C2%BFComo_sufre_nuestro_rostro_expuesto_al_sol\"><\/span>\u00bfC\u00f3mo sufre nuestro rostro expuesto al sol?<span class=\"ez-toc-section-end\"><\/span><\/h2>\n<p><b>El rostro expuesto al sol puede sufrir diversos efectos negativos<\/b><span style=\"font-weight: 400;\"> debido a la radiaci\u00f3n ultravioleta (UV) y otros factores ambientales. Estos son algunos de los posibles efectos en la piel:<\/span><\/p>\n<ul>\n<li style=\"font-weight: 400;\" aria-level=\"1\"><b>Quemaduras solares<\/b><span style=\"font-weight: 400;\">: La exposici\u00f3n excesiva al sol sin protecci\u00f3n puede provocar quemaduras solares en la piel. Los s\u00edntomas incluyen enrojecimiento, sensibilidad, dolor e inflamaci\u00f3n.<\/span><\/li>\n<li style=\"font-weight: 400;\" aria-level=\"1\"><b>Envejecimiento prematuro<\/b><span style=\"font-weight: 400;\">: La radiaci\u00f3n UV puede acelerar el envejecimiento de la piel, lo que se conoce como fotoenvejecimiento. Los signos incluyen arrugas, l\u00edneas finas, flacidez de la piel, manchas solares y textura desigual.<\/span><\/li>\n<li style=\"font-weight: 400;\" aria-level=\"1\"><b>Hiperpigmentaci\u00f3n<\/b><span style=\"font-weight: 400;\">: La exposici\u00f3n solar sin protecci\u00f3n puede estimular la producci\u00f3n excesiva de melanina, lo que puede resultar en manchas oscuras o hiperpigmentaci\u00f3n, especialmente en \u00e1reas expuestas como el rostro.<\/span><\/li>\n<li style=\"font-weight: 400;\" aria-level=\"1\"><b>P\u00e9rdida de elasticidad<\/b><span style=\"font-weight: 400;\">: Los rayos UV pueden da\u00f1ar el col\u00e1geno y la elastina en la piel, lo que puede llevar a una p\u00e9rdida de elasticidad y firmeza.\u00a0<\/span><\/li>\n<li style=\"font-weight: 400;\" aria-level=\"1\"><b>Melasma<\/b><span style=\"font-weight: 400;\">: El melasma es una afecci\u00f3n en la que aparecen manchas oscuras en el rostro, generalmente debido a factores hormonales y exposici\u00f3n al sol. La radiaci\u00f3n UV puede empeorar esta condici\u00f3n.<\/span><\/li>\n<li style=\"font-weight: 400;\" aria-level=\"1\"><b>Enfermedades en la piel<\/b><span style=\"font-weight: 400;\">: La exposici\u00f3n excesiva y prolongada al sol sin protecci\u00f3n aumenta el riesgo de desarrollar problemas serios en la piel.<\/span><\/li>\n<\/ul>\n<p><span style=\"font-weight: 400;\">Es importante proteger el rostro de la exposici\u00f3n al sol mediante el uso de protector solar, sombreros, sombrillas, gafas de sol y buscar la sombra cuando sea posible. Tambi\u00e9n se recomienda evitar la exposici\u00f3n solar directa durante las horas de mayor exposici\u00f3n y tomar medidas para cuidar y nutrir la piel, como hidrataci\u00f3n adecuada y uso de productos espec\u00edficos para protecci\u00f3n solar y reparaci\u00f3n de los da\u00f1os.<\/span><\/p>\n<p><img decoding=\"async\" loading=\"lazy\" class=\"aligncenter wp-image-1594 size-full\" title=\"C\u00f3mo sufre nuestro rostro expuesto al sol\" src=\"https:\/\/armoniabio.com\/blog\/wp-content\/uploads\/2023\/07\/post-productos-imprescindibles-para-proteger-tu-cara-del-sol-en-verano-01.jpg\" alt=\"C\u00f3mo sufre nuestro rostro expuesto al sol\" width=\"800\" height=\"580\" srcset=\"https:\/\/armoniabio.com\/blog\/wp-content\/uploads\/2023\/07\/post-productos-imprescindibles-para-proteger-tu-cara-del-sol-en-verano-01.jpg 800w, https:\/\/armoniabio.com\/blog\/wp-content\/uploads\/2023\/07\/post-productos-imprescindibles-para-proteger-tu-cara-del-sol-en-verano-01-300x218.jpg 300w, https:\/\/armoniabio.com\/blog\/wp-content\/uploads\/2023\/07\/post-productos-imprescindibles-para-proteger-tu-cara-del-sol-en-verano-01-768x557.jpg 768w\" sizes=\"(max-width: 800px) 100vw, 800px\" \/><\/p>\n<p>&nbsp;<\/p>\n<h2><span class=\"ez-toc-section\" id=\"%C2%BFBasta_solo_con_aplicarnos_crema_solar_en_la_cara\"><\/span>\u00bfBasta solo con aplicarnos crema solar en la cara?<span class=\"ez-toc-section-end\"><\/span><\/h2>\n<p><span style=\"font-weight: 400;\">Si bien aplicar crema solar en la cara es una parte crucial de la protecci\u00f3n contra el sol, tambi\u00e9n es importante tener en cuenta otras medidas de protecci\u00f3n.\u00a0<\/span><\/p>\n<p><b>Es fundamental aplicar la crema solar de manera adecuada en la cara<\/b><span style=\"font-weight: 400;\">. Aseg\u00farate de cubrir todas las \u00e1reas expuestas, incluyendo la frente, mejillas, nariz, ment\u00f3n y cuello. <\/span><b>No olvides los labios, puedes utilizar un b\u00e1lsamo labial con protecci\u00f3n solar<\/b><span style=\"font-weight: 400;\">.<\/span><\/p>\n<p><span style=\"font-weight: 400;\">La cara no es la \u00fanica parte del cuerpo expuesta al sol. <\/span><b>Es importante proteger tambi\u00e9n otras \u00e1reas expuestas, como el cuello, el escote, las orejas y las manos<\/b><span style=\"font-weight: 400;\">.\u00a0<\/span><\/p>\n<p><span style=\"font-weight: 400;\">Adem\u00e1s de la crema solar, usar ropa protectora puede brindar una capa adicional de defensa contra los rayos UV. Opta por prendas de manga larga, pantalones largos y sombreros de ala ancha para proteger tu rostro y cuerpo del sol.<\/span><\/p>\n<p><span style=\"font-weight: 400;\">No olvides proteger tus ojos de los rayos UV utilizando gafas de sol con protecci\u00f3n UV adecuada. Esto no solo proteger\u00e1 tus ojos de los da\u00f1os, sino que tambi\u00e9n ayudar\u00e1 a prevenir arrugas y manchas alrededor de los ojos.<\/span><\/p>\n<p><span style=\"font-weight: 400;\">Adem\u00e1s de aplicar crema solar, es recomendable evitar la exposici\u00f3n directa al sol durante las horas de m\u00e1s pico de sol, generalmente entre las 10 a.m. y las 4 p.m., cuando los rayos UV son m\u00e1s intensos. Busca sombra siempre que sea posible y limita el tiempo que pasas bajo el sol.<\/span><\/p>\n<p><span style=\"font-weight: 400;\">Recuerda que la crema solar es una parte importante de la protecci\u00f3n solar, pero no es la \u00fanica medida. <\/span><b>Combinar el uso de crema solar con otras pr\u00e1cticas de protecci\u00f3n solar ayudar\u00e1 a reducir el riesgo de da\u00f1os en la piel causados por el sol.<\/b><\/p>\n<p>&nbsp;<\/p>\n<h2><span class=\"ez-toc-section\" id=\"3_productos_faciales_para_el_sol_que_no_te_pueden_faltar\"><\/span>3 productos faciales para el sol que no te pueden faltar<span class=\"ez-toc-section-end\"><\/span><\/h2>\n<p><span style=\"font-weight: 400;\">Aqu\u00ed tienes tres productos faciales para protegerte del sol que no pueden faltar y c\u00f3mo utilizarlos juntos para obtener una protecci\u00f3n efectiva:<\/span><\/p>\n<ul class=\"short-products\"><li><a  title='Crema solar SPF50 Sport line' href='https:\/\/armoniabio.com\/hidratante-corporal\/crema-solar-spf50-sport-line.html' target='blank_'><img style='border-color:#F90' src='data:image\/jpg;base64,\/9j\/4AAQSkZJRgABAQAAAQABAAD\/\/gAfQ29tcHJlc3NlZCBieSBqcGVnLXJlY29tcHJlc3P\/2wCEAAkJCQkKCQoMDAoPEA4QDxUUEhIUFSAXGRcZFyAxHyQfHyQfMSw1KygrNSxOPTc3PU5aTEhMWm5iYm6Kg4q0tPIBCQkJCQoJCgwMCg8QDhAPFRQSEhQVIBcZFxkXIDEfJB8fJB8xLDUrKCs1LE49Nzc9TlpMSExabmJiboqDirS08v\/CABEIAe4BfAMBIgACEQEDEQH\/xAA0AAEAAQUBAQAAAAAAAAAAAAAABAECAwUGBwgBAQACAwEAAAAAAAAAAAAAAAADBQECBAb\/2gAMAwEAAhADEAAAAPcQAUVAAAAAAFKgAAAAAAAAAAAAAAAAApUAAAAAAAAAAAAAAAAAAAAAFKgoVAAAAAAAAAAAAAAAAAAAAAAAAAAAAAAAAAAAAAAAAAAAAAAAAAAAU0Gu+\/r5gg7fT3mA9OeYj055jQ9QeXs49PeYD0+vl49PeYD095gPUKeYSD0hSvRwAAAAAAAAAAAAU889D00XR41XJlqfVxWewstqxkUyVoKqGK0CqgrWlSl9vSbR+oyKrnyAAAAAAAAAAAAAHimPo+Op\/VbK3BJxNGw7BjOtpNj6b4nY8zvFEXtJrF4sZK5Y63i30\/zX2rrqpYsfPgAAAAAUqAAAAAAHIeU+4eE1XoNnmjZ+S1mKXzRY76xsHWaDfTcel03QaKHqtXI57a3GbKX24zs\/YvOPSLXzgddWAAAAAAUqAAAAAAWfP30H4hX22ulw5lT6KTIhzeiLJjkpIIttzSSlK5WIeORh0mtpcxtZdSQz2na810135IJuQAAAAAAAAAAAAB5P6x53ydvAyY06g9Zkl2y+iDFZKvk01KbjjljJ1jERMwNsNJtWIE+JsW3oW5iyr\/xobxgAAAAAAAAAAAAOR67SRTeNT4Wfy3s9jK1O56eet2W7pg19k22OSFlzZMZiXSbdsYL7IsctdpC3W+PRanoPGgAAAAAAAFKgAAAACFNs1z4RXJi8p7PPIjzNd5mS2RPFBpJtgkwUkUZj2yLN2CmWzO0voNN0XfwdiLzyoAAAAAAAAAAAAAAHi+u6PQeW9Xnty6Jje58M2eCFsLJXHO08eV0RQtrl5efTp7bstfZyun5nsLer3ouPPAAAAAAAAAAAAAAAec8j33B+Z9LI1ewwaZ6DYRJtP222Z7I4+I7LkOztuHDq9vF5O7n+h5frrTmdxxPf9\/JKFvSAAAAAAAUqAAAAAAAHLecepedebv8AFqOjkV\/XzV\/WSpebjerw8xvDi7bmqnQ6vLykc+x6iJP2nx+h8D6DdVdRaVQAAAAAAAAAAAAAAGp8x9V8s8\/dXy9Bu6WznS4cvj2ycF1fOXlT2Gmzq3r1W4wQ+3TbzNPuYevJ3XF9r6OjCyrwAAAAAAAKVAAAAAACL5b6t5TR2sbUb6XTWXMX9RK6eblOry4+SbDr9qhl1t0+mWOdHzT5ndjyfWenoQ7uMAAAAAAAApUAAAAAAt8v9R8xpLOBljyPNXeeXCl41zWX2MVUsxm7HRKzycMibTa9Lz\/QeqoA7eUAAAAAAAAAAAAAACnnHpHntRYaPLSXSWFJVZu8EXBsdZX91F2XO+K++yHaVdZk7Yd7vdNufW0AdUAAAAAAAAAAAAAAAFOG7njIGgn4OI58dXwmpz20Ppe48i9Cq+jcUpZ4f1FLclN12Wx3c3W7XW7L1tIE8QAAAAAAAAAAAAAAFPMfTvCmONx55nZBAzzkmkOuyx4z32x8y9F833ybKvHejvyRo1vx9\/OhzPU0wTaAAAAAAAUqAAAAAAADw\/3DxToi8+2mt33VBFzrJNLtZto22IG4s1LHsOfz3vfE3eWsPPWWHcSo8j1tOEmoAAAAAAAAAAAAAADyD1\/ld9fnuXrdf2wdZn5HZb677BHhGzh4Bm7TgsuMe5W+bvMW\/vmYtOQMgAAAAAAClQAAAAAABzHT8yfOGo2+o69bt1ptxltNZjaZyX4K5XyI8k6DNhzxvoAQ5AAAAAAAAKVClQUKgAAAAc70XOnzdpt1pevXJvNJu8qDXIFJEeRhv5MaVo99EOQAAAAAAAAClQAAApUAAaHfQz5a0nf8L1a02+n2my+zda3TOG7JQslQ5pvZ+u7qN6iIsgAAAAAAAAAAAAAAAAIM4cvru5Zef2ehjz+\/vRxm034wZzAAAAAAAAAAAAAAAAAAAAAAAAAAAAAAAAAClQpUAAAAAAAAAAAAAAAAAAAAAAKVAAAAAAAAAAAAAAAAAAAAAAAAAAUKgAAAAAAAAAAAAAAAAAAAA\/\/EAEwQAAEDAgMDBgoGCAQEBwAAAAECAxEABAUSITFBUQYQE2FxkRQWIkBQUlOBobEgIzIzYnIHMDQ1QnOSwYLR4fAVJDZgQ0RjgKKjsv\/aAAgBAQABPwCebXmP0Z8y1+jrza8+v6nWtfSOnNPNvqfRsf8Ab0fro5o545o5oqOaKjmioqKjmioqKio5oqKio5oqPSWv0RzT9Of+0tPoj9Rj+MHC7ZsoAU86sJQD8TXjlifs2O4145Yp7NjuNeOWJ+zY7jXjlifsmO4145Yn7Nj+k145Yn7NjuNeOWJ+zY7jXjlifs2O4145Yn7JjuNeOWJ+zY\/pNeOWJ+zY7jXjlifs2O4145Yn7NjuNeOeJ+zY7jXjlifs2P6TXjlifs2O4145Yn7NjuNeOWJ+yY7jXjlifsmO41a8sbw3DQfaa6LMM8AzQIIB\/XRzRzH9QYrlwhXTYW5ByS4n3mOYnX31OnNOtbvdzDm31u\/UpBUYAkmrVCm7ZhCtobSD7h53j2Hi\/wALuGgJcSnO3+dOymm0uIBzQY1FeDD1qNuY+1SmynbUVA5oFQKioHE1FRUCoqKjrrL11l665LWIusTCliUNDOe3d57jFv4DjV6yNElfSI7F60hwKHXUURNKY4Gi2obqioqKioqKioqKioqObklZ9Bh6nSPKdV8B57y9tsj9hdjeFNK+YptUgUlZFAyOaKcQNtBClKCUiSTAFK5O2twgpsr1Kn29HG1H+IbaubS4tHS2+0pC+BqKioqKioqOZpGdxIqyYFvaMNeogDz3ltb9Lgil72nULplVJNNqg86hpWHlLd4hwiejStYHEoSSKY6YvBSHCleqs8kEQJJkVcXLN9gQuLhsuqYdyTOQnYJpOFoubV66tnCG2\/tpdEdyhoaioqKio58HY6a9YEbXEj46+fY0x4RhN+1xYXFNTApsyKBpBkcxFSpCwpJggyDVouzbeS84taYOraUZpBEGCSIBpxqwXai1axNhu1zZlSczij1zFYpiLC2WrKzkWze\/1zUVFRUfQ5NMzfs\/gSpXmW79YpIUhaTsKSKfaLFy+1syOKA76bVSaaMGOZprPMyEjfA\/uRVxboanOs5pUICZHkmOIpduwjpZdWejXlMIGpM9dOMNtfbWqCSE5Ug6DedaNq2hSUrcMqWUiE9e3bXQE9GDAAQcyhA1zEalRFOtdE4pEzEa9REio+g2nMtNclmpfuHPVQkd9R59yiY6DHL0bApeYUikHSkmDQpHSBhSgEFIVsImJG3Wru2dLyEuOSSV7o6zHbupxCgbjM7rmSSI1UTr7o3044tspyuZsyErOZIMEjWNtKBMHpNUoz6mTmJoBY6MB9BzlAIUkEDN5QOs7Jq4Cg6rMrMYEmI3VHPFWyZUT1VyYbi1fX6zsf0iPP8AlqxkxVDkaLQJNJM695NNmaAps+T2cz0qlR2kzPGo5oqKioqOe2TCZrAW8mF2\/FUq7z5\/y7YlNo9HEGkDbvimWwQVrXCQYnbPUKbbZOcl0lKEBUhOu0CIPbVsw2tbWVailS8pkAEUsICZS04OBUZHyFXVtkeKG5UCohBPEGCDTtsjp2221SFJScx+J7KfQ2ClbQPRrGk7QRtBpppJaCksl1RJzCTKfcKCGko6RSVEFZCUzw4n30G23QFISUwtKVJmftbCDTiQlxaRsCiKdtwhpKgolQjpBwzCRXg7OZtHSLC1JQdgyyoSN9ZTMb5oDK2eyKsm+itLdHBtI+FHz7liznwwKyzlXSN2+Nw4U0EuNJbzpCkLKhOwhQHxEUwtDXSplLktwBBicwPVTNwgO2qoy5FSpKRp2jrpwpUn75xZ6xp8zTr5JfygQ4pRE7Uz\/mNteE5ZKUwvo0oBIBEb6U+pbSm1gHUFMACD7uNI6CBmSvMDtSRSrhLqlhxBylWYEHUGI9810raAEtpVGcKUTtMUVWpdLhLh8rNlKBB3xM14VnLvSIT9YDmIGs7Z76Fy30jfkJ0QhIXGqSEgT7jTSZcFNozraR6ziRSRAA8\/5QNdLhT44QaQmNNnqgV8N4AoGf7AVb2bKksrW\/AXrlEaHMB\/ehaglgB37wnT1aNo1JT4QPsk7BxjjRsmCSRcACQADEmQDxpNmzveAnfpp5QHGn7ZlAKkugmfs8B3nUUbW2SshTmzMrRQMpB+ZFLtbcNtOBRPkZljMPVB3deleCW+cJLsSVEGQfJEHvImnWG0sNOJXKifKTIMA7KirdOpNYc3nxCzT+PN3egMQQV2Vyn\/ANNVOeQ86AIGY6nbNDjsHeZpPdSKbkpFZaUnU1FZay0RUVFRTCYR2msDTOKIV6iCfQDiQpCxxBFXqMt471nUncaBn37SaQJ1psUzwqKUnWstZay0U0U0RUU0mEpFcnUTc3K+Aj0DjzeTEXfzKFIBPXSB76OIWbailbwkGDoaRjGHpIl8\/wBKq\/47hntVf0Gl47h5Oil\/01bPN3LKXW5ymYnqMVlq5xmzYUUglxQ9XZ30nH2CYUwsCmLhi5RmaWFDfxFEUlMqApArk0j6m4XxUPMd\/mHKloJxBw\/jBikbuqkDZVhbNXd3cdICU6nbGpNIwbD97J\/qNJwPDI\/Z\/wD5KpWC4aNlsO80yw2wgIbTlSNgrHL1YUmzZnMuM8bddiascEt2EJU8gOOb51SKdw+zcTlVbN+5IBq6tnsJukOtKJbVsn4pNNOIeabdR9lQmmkyujohR6jXJ9GWwB4rPoHlc3FwVcUg03s4cKBypJ2ACawBMm4V+UUgUjYKWNlZaw0eGY486rUIK1j5CiKIrFmA9YPiNUpzjtTWAOFdq42f4F6e+mU6k0592euKwhOWwY7CfQPKtuS2r8B1puN3eaeOW2fVwbV8q5Po+oeVxcjuFJTTeyl83Jr9suQdvR\/3oijV0B4M\/Ozo1fKuTk\/83\/g\/vTQ0p0aJH4qsk5LS3H4B6B5TtyywY3mmkkmnmFvWzraIzKTAJ0ANNYPiiBDdwlA6nFAUMIxrde\/\/AGroWnKVgZkPLXHBwK+CqY5RXTLgavmO0xlUPdTTrbzaXG1BSFCQRVifAeUDratErUpA7F6po0axd8MYfcH1k5B2qrk6yU2rrnrr07E02ISKWJW2KaGVtA4AD0Dj6Aq0QYmF1kCVqCtTMQKB49wpMk0mm6xLDmL5goWkBYHkL3pNcnLhxq5fs3OsgcFJ0NcoMNW8E3bIJcQPKA2kCsO5QW7raUXSsjoEZv4VU7iuHNpKjdtnqSrMfhV3dP41dtssoIaTsn4qVTDCLdltpA8lCYpI0FITmumk9YHmW\/zDGRNi4eBFPKh5Y2D4kGm+vTiN9I7qTTe+lbKtP+p15dnSu\/I815gdhdKKygoWdpRpNJ5MWYMqedUOGgpi0t7VGRlsJG+t9CrNOa\/a\/On0FiYJsX+ynxleJHCZPDZVziPgb7SC2otlJzK4jqq2uGXkZmlhSdhNJNN1imJM2FuVKILhHkI3k\/5VybtXFuvXrm+UpPEkyTV6pAeZ6cqFvlVJBITn0jMRurordNu+thWhbV9lZKdlMWVqphlXRwS2kyCQZjqpag4zah5WZAuloJOxQTmAJpljD+mR0aWs86QRNJFYWnNiCPzHzLf5heJzWrw\/AaugA8NMytSBTrTVwgocSFga9gpeCXLayu0f2deU0HuUbO1C1\/4Qv5UH+U78hKHE9iAn4mrbk2+65018\/PFIJUo9ppttDSEoQkJSkQANwp18tES0tSDtUkZoPYNaKEuPqWywpA6JYcJQUZydgg7TVvZNm2Yzl6ejTmSXV8OE1csDLaIS2MiXhKQNAIIppltKwQ2kHqApNYKJvAeAPoJ8Sy7+Q1fA9IBs1MAcabTESOsJFCExO7cOFTuPcKaNKOlT9D\/c01qTR0SrsNYCPr1Hgg+glRkUOIq+TCzGnlHWkrgSnQbZNJVGzQcd5BpIjqHxINNmOqlbK7e4c5NKM0zvojyFdlYEPrHT+HzLf5gdlYmD0ihEnP7gaQFKMjU7ZOwGkQDKdSNZOyKSddNY2k8KaH+pNHYa+FTpwFFXuFTQBOymRANK+wawLQvGOHoPFkDpXgrZniKEmJ2nYkcRQBMd4SPiDSW4idYOgpsaxtNKBEgjWirv2GiSagmgn\/MVH+YpqMtOfd+8VgghDp6x6C3VjA+vuBs1Mmm0E9U980hIGwUhsq7KbShsDuE082FoPGiDs2f6UEk7KCOFaAfGlH3bxTP2RTo8gdtYMIYWeKvQeLpBun6QCYimmY1V3VieP2lhLaYde9QbB+Y1c4ne3rwdddMpMoA0CeysGxxN6z0bv7Qga\/jHGnEoWAqRNRRMTvO2iTOhmKMJBVOgEzTaWylJd1MwEnYN4FKyJjKYE6jdWED\/AJY\/mPoPEmib244SPlTz9pYMlx5xKE8TtNYnynuLnM3ay01638aqFN0l1xlaXG1FK0mQRWE4o3fszsdTGdH9xRVR\/wBign3kU6AEHfEH3TRCcx27dnu291HJIjiKwsRaj8x9B8rOUKMOvnmG2yt+EnXRKZFXV5c3jxdfdK1fADgKTQpul7Ktbp60fQ80qFJ7iOBqwvmb5hLzZjcob0nhQTFGAOAo7II04U2ktkBaMwAhKwJMcDSxmKITAGyRFYcItG\/fQ9BcvxHKJzrZbq2Xbht0OgTMp0k0s2KnXi2E5S0cgMiFZqyWSsxQlv7xYAKyNI031ktiytSQkKCU7Fb4HHtNPsWmdGVacmcZ\/LGyizYpR5K0KWJEKUcp126dVMXybC4act4KSmHEgmFDrnfVrdNXDLbrapQoaHhU\/wCpoCjduN3nQluUEApVvqyvnry6fJTlaQAAN8nj11YCLVvzSP1\/6Q0xjzZ42qPmaQUhKwES5Oh3AUt3DCmBbOIVHcYI479DShheU5S\/mg8I2afGmxhZRGZ0GNtIGG\/WBxTsSYIG6do66cydI5kByZjl7ObB8UVYPQuSws+WOHWKbWlwJUCFJI0I2EUAJ4nZV50ng5LQzOIUlSRIElJkimEMtpQlsp2eURvVvJ6zVn+zNdnoP9IwjGrXrtE\/\/tVI6Xo3QAAifKVHwmnHsS6T66wQoiNjcz79aTdK2nDW9hnyYnfwpq4Z0BshotalQYkQdOoCaeuLMgRYwnOmTPDaKD7YCU+BAqTnz9eh+VO3I6HTD0ISQqFEAxOk7ObAsY8GULZ9X1Sj5CvUNZpSezYN9LdahJVATmEHNGh91Wy1LUCUQMoq10t2vyjzLf5j+ki2e8Nsnw0rouhKCvdMzRzCRJykyRTV5dNkFLxmZ46zO+kYleJMhwTxyimMSuUAgFJlRJkTt1r\/AIldJUtcplXV1Af2pzEbpzpJUPLSEqgbgCP709f3byFIW5KSAIgDZz8n8YnJaPr8oaNKO\/8ADTTiCNwouoU5ObQmKtwQy0CIOUSPQfK5IOGAESM9YspTV2pKDlEDQbKTcvjY58BSby49Yd1W7ry48oa9VKbcynyx\/TWZzinurM5xT3Vmc9Yd1FbnrUxnW4AVmk3N24AFXTx7FkfKKwuVYo1mJUQ8IJJJ2+hOVv7sH8ysa\/bVflFChtqz2ppy4YSCC6gHtFF9n2goPs+0TWZKhoQaNWn3yaarCP3o3\/OHz9CcrP3YP5grG\/2w\/lFCkiVClMtnSNK8GZ9SvBmvUrwZn1KFu0P4aIgVZ\/fCmqwfXFWv54+foTlaZwoRsDlY5+2H8ooU394j8w+kvZVl98KarBP3qz\/PT8\/QnKqBhR\/mCsd\/bP8ADQpkfXN\/mH0lbKs\/vhTVYF+9rfrfT8\/QnKUThTn5hWO+TdwNmXmbVlWlUbDSSpYlJn3USsbx3VnX\/sUFLO8d1eXxHdRzRtHdVmCXNpFNtg7VK74+VcmmwcXtQB\/46fn5mfMb+0F3ZvMyAVDQ9YrlRyaxRl7P4KsgbxS2HmzCm1JPWIoJVwq2UBE0QhSNQDRy1pRIoqFWam0qKlLApl5K\/JaCnFnYlCSZrkjycv2blu8umi0lBlKVaKJ9CwDT+FYZcz0tgwrrKBT\/ACM5MvTOGIHYpQpf6O+TatjTyOxyj+jfAtz12OxwUf0ZYHP7Vd\/1po\/oywBH\/mbs+9NI\/RvydG1VyeorpvkDyZRts1r7XV0xyV5OsRkwtj\/EM3zpm2t2EhLLDbY4ISE\/+5bd6O\/\/xAA0EQABBAEBBgQFAgYDAAAAAAABAAIDEQQhBRIxQVFhExQiQBAwMjNxI4EgNEJgcpFSYmP\/2gAIAQIBAT8A\/uZzg0Ek6LzUPUrzUPUrzUXdeai7rzUXUrzUXdeai7rzUXdeai7oZMV8T86Zu\/G4KlXb5DGl72tCHzpfRM5vK7CsFEBUbT43sGo06hX\/AAYjbeXdB8\/PFSNd1CDkFdEHoVF9L9QbB0tSbgIA5cSPhaJWG2oz3Pz9otuNp6FMdyTSiBu8LKNa6UhXRGrPwGpCxxUTfn5jbx3Jv1aJjXaItdR5rdItbpoaoghU5R6lMFMaO3z5xcTx2W+Wk6XyKie9xFAABU82qk1FoB+o0W67sU57xxUAst7kewcLaR1ClbuveK4FNdRXiIvQeg9XaxRcsY7+xzRuzPAFarDhglZPJM5wZGAfSmybJ\/8Ac\/6WVLg7tQiQPsWXEKGDHhgZPlOcd\/6Ixz7qNmDl2yEOjlq2gmwULD90iiDRCwhcw7An2O09JyofTszOP\/JzAmuNpxt6208ty2R\/0siaGrElcyeJwOocFngN2jKB1B\/2Fs4W956AD2O2HASgc6tQbRnxo3MYGkE2bFpu2Zy6nwQuHQsU8OLm40uRBH4csVF7BwI6hZsL8\/HgyoAXuawMkaONjmtm4MrpmyStLImG3OcK4KWcZGXLIOBOi2aPTIe4HsdsMG813ZTYs7ImSlh3HCw5MHqWEx0GFnTvFMfGWMvmSsfxYAx8cz2F3Th+6klycm2vyXuDTRBFKNoadCf3FLZn2Cerj7HbDbbGVBn5GNbY3W3m1wsJm1Gk35HH3uu6s3MnynDfd6QPS0Cgo5RENG61RXmJC\/eJJ1uiog52pK2eKxm9yfY7ZBMcVcLNopndPcg0lBoCbJQAC2eKxY\/Y7Y+wz\/JYezsnNfUTNObzwC2js5mJMyNk4kNequRXhgHinSNaNFvOeo2tYyzxpYX8tF+PYzx4j2A5T6jab\/PZebys79DAi8GAaF9UsHZWNii633ni9y2psKMwvfjNqQEurqhGQ71aV1Qc2wB1ATGlzbJNUNFjCseIf9R7EYkOU5rJRbQbpCRsJ8NsLg0aDdGiZlNJH6b0cxmlMeb7LbeyzPGcqBhDuL2ICkYpvC3t0VuB131WP9iL\/Eexxfuj8FD6nflAflfsUDfJbd2OY3+Ygb+mT62j+lGJ7YQzWgbtRaRR9mj2Mb9x4dSEgOu7xXiMHEFeNEeRXjMHIp8sbmkFtgiiCFJsaMzl0b91l3RQFAD2TPpCfy+FhckeB9mz6QnfHkjwPs2Ebo1TkPx8DwRPH2lnqt53Vbzuqs9f7r\/\/xAAxEQABAwIDBQgBBAMAAAAAAAABAAIDBBESIVEFMUBBkRATFSIwMmFxIxQgM4E0YHD\/2gAIAQMBAT8A\/wBmjY6R7WNFyTYLwyq0b1XhlVo3qvDKrRvVeGVWjeq8MqtG9V4ZVaN6rwyq0b1XhtVo3qvDKrRvVHZtUAThGXrUsgiqI3ncDYrEFdZ9mf7ZZBFG953AIm5J9akeJaWN3MCxRBCDigRZRVEMpIac9D+3a0mGJjL5uNz6+x33jkZoUR2YcTXN1BCqSDJF5XCxBxAFU5kLSX3sT5Qd4Hz2hbVfedrdG+vsh9pnt1CITgg44\/dYZoYzbzXuiXW93VN9ozubDsOQKrnYqmTp6+zn4apnzcIkYbkpz22O9B7btvkTdCRpLRqLrvBc5HfZBwOW4oSN115J5yUrsUr3auJ9emdhniOjgsIcBnY7wpRGwXcSSViiyub7+SEkGRtpyRfHkczvsu8j33eL3umsjeCRcbwqh2GN50aeAabOB0KifeNh1ARR3odoVc+1NKdRbgaN2KBh+FVzzRuhZEGlzyRmnDafPuR1VOKzF+Z0ZbbIBSVM8szoqcAYfe8p01bS2dKWyR38xAsQg8FocDcEXBW0nWpiNSBwOzXXgb8Kc4q+kGjXFSELEQ0rZh\/A53NzySpmh8MjTuLSqB5dRRE6EdCtqO\/HGNXE8DsrOI\/BU9HFO9r3FwIFhYp+z4x7ZJAdQ5RyTU8zIpHY2Pya4qnkFNLJDIbAuJYSqqrYIixjg57xZoCgjMNPGzmBmtqHOIfBPA7Kf5XD5TaiJ0jow7zN3hP3KocJKinjbmQ\/EVIGSFzXsaQNSo2RQ2LYWgkXBBWIuGdv6K2kbzNGjeB2Y6znqelimILhY8nDIp1E61v1MttLqnp44QcIz5k5lOjxbzldCJgbYAchdG3IKvN6g\/AHA7MNpHK905N7Lo71WG9Q\/gdnfyn6VZX09I28j8+TRvVHtB1TE574SzPy\/KY\/EOzIInNVX88n3wPeVLP8cXeckyiipyZqyTvZjnhuqirlmNr4Wjc0Kk2lJHKwTG8ZsL6LGCLg3CO4lX839lTG80n2eBMr4gSw2JyuiwvGIyAk77lOhIB8zeq\/TONwXNstnVpgkFPK4FhyY5XQlZjw3N7kWspf5H\/Z4Gb2I7h9In67HNBFls3aBI7iZ3mA8jjzQc0vxcyLJ\/vd9ngXNxAi67p2q7p+oXdSarunlGnebWNiMwVFWPbEBI0F4yuEcyeDHED\/AI9\/\/9k=' alt='Crema solar SPF50 Sport line' \/><\/a><br><a  class='product_name' title='Crema solar SPF50 Sport line' href='https:\/\/armoniabio.com\/hidratante-corporal\/crema-solar-spf50-sport-line.html' target='blank_'>Crema solar SPF50 Sport line<\/a><br><span class='price'>19,90 \u20ac<\/span><br><\/li><\/ul><p class='important'><a href='https:\/\/imacreste.com' target='_blank'>Creado por imacreste<\/a><\/p>\n<p>&nbsp;<\/p>\n<ol>\n<li><b>El protector solar facial<\/b><span style=\"font-weight: 400;\"><span style=\"font-weight: 400;\"> es el producto m\u00e1s importante para proteger tu piel del sol. Busca una <a href=\"https:\/\/armoniabio.com\/hidratante-corporal\/crema-solar-spf50-sport-line.html\">crema con un factor de protecci\u00f3n solar (FPS)<\/a> adecuado para tu tipo de piel y que ofrezca protecci\u00f3n de amplio espectro contra los rayos UVA y UVB. Aplica el protector solar generosamente antes de salir al sol, asegur\u00e1ndote de cubrir todas las \u00e1reas expuestas. Apl\u00edcalo al menos 15 minutos antes de la exposici\u00f3n solar y reaplica cada dos horas, especialmente si sudas o te mojas.<\/span><\/span>&nbsp;<\/li>\n<li><b>Para una protecci\u00f3n adicional<\/b> y una hidrataci\u00f3n diaria, <b>considera utilizar un hidratante facial que tambi\u00e9n contenga protecci\u00f3n solar<\/b>. Opta por un producto con un factor de protecci\u00f3n solar (FPS) adecuado para tus necesidades y apl\u00edcalo despu\u00e9s de tu rutina de limpieza facial. Esto te permitir\u00e1 combinar la hidrataci\u00f3n con la protecci\u00f3n solar en un solo paso.&nbsp;<\/li>\n<li>Los labios tambi\u00e9n necesitan protecci\u00f3n contra el sol. Utiliza un <b>b\u00e1lsamo labial<\/b> con factor de protecci\u00f3n solar (FPS) para proteger tus labios de los rayos UV. Aplica el b\u00e1lsamo labial generosamente en tus labios y reaplica seg\u00fan sea necesario, especialmente despu\u00e9s de comer o beber.<\/li>\n<\/ol>\n<p><img decoding=\"async\" loading=\"lazy\" class=\"aligncenter wp-image-1595 size-full\" title=\"crema protecci\u00f3n solar armonia\" src=\"https:\/\/armoniabio.com\/blog\/wp-content\/uploads\/2023\/07\/post-productos-imprescindibles-para-proteger-tu-cara-del-sol-en-verano-02.jpg\" alt=\"crema protecci\u00f3n solar armonia\" width=\"800\" height=\"580\" srcset=\"https:\/\/armoniabio.com\/blog\/wp-content\/uploads\/2023\/07\/post-productos-imprescindibles-para-proteger-tu-cara-del-sol-en-verano-02.jpg 800w, https:\/\/armoniabio.com\/blog\/wp-content\/uploads\/2023\/07\/post-productos-imprescindibles-para-proteger-tu-cara-del-sol-en-verano-02-300x218.jpg 300w, https:\/\/armoniabio.com\/blog\/wp-content\/uploads\/2023\/07\/post-productos-imprescindibles-para-proteger-tu-cara-del-sol-en-verano-02-768x557.jpg 768w\" sizes=\"(max-width: 800px) 100vw, 800px\" \/><\/p>\n<p>&nbsp;<\/p>\n<h2><span class=\"ez-toc-section\" id=\"Consejos_adicionales_para_proteger_tu_rostro_del_sol_en_verano\"><\/span>Consejos adicionales para proteger tu rostro del sol en verano<span class=\"ez-toc-section-end\"><\/span><\/h2>\n<p><span style=\"font-weight: 400;\">Adem\u00e1s de utilizar productos faciales con protecci\u00f3n solar, aqu\u00ed tienes algunos consejos adicionales para proteger tu rostro del sol durante el verano.<\/span><\/p>\n<ul>\n<li><b>Evita la exposici\u00f3n directa al sol durante las horas<\/b><span style=\"font-weight: 400;\"> de m\u00e1s radiaci\u00f3n, generalmente entre las 10 a.m. y las 4 p.m., cuando los rayos UV son m\u00e1s intensos. Busca sombra bajo \u00e1rboles, sombrillas u otras estructuras para reducir la exposici\u00f3n directa al sol.<\/span><\/li>\n<li><b>Utiliza un sombrero de ala ancha<\/b> para proteger tu rostro, cuello y parte superior de tus hombros del sol. Un sombrero de este tipo proporciona una sombra adicional y ayuda a proteger la piel del da\u00f1o solar.<\/li>\n<li><b>Protege tus ojos y la piel alrededor de ellos utilizando gafas de sol con protecci\u00f3n UV<\/b>. Elige gafas que bloqueen el 100% de los rayos UVA y UVB para asegurar una protecci\u00f3n adecuada.<\/li>\n<li><b>Opta por ropa de manga larga, pantalones largos y tejidos de protecci\u00f3n solar<\/b> UPF (Factor de Protecci\u00f3n Ultravioleta) para cubrir tu piel del sol. Esta ropa especial bloquea los rayos UV y proporciona una protecci\u00f3n adicional.<\/li>\n<li><b>Mant\u00e9n tu piel hidratada bebiendo suficiente agua durante todo el d\u00eda<\/b>. La hidrataci\u00f3n adecuada ayuda a mantener la salud y la elasticidad de la piel.<\/li>\n<li><b>Despu\u00e9s de exponerte al sol, utiliza productos calmantes y nutritivos para la piel, como aftersun<\/b> o lociones hidratantes con ingredientes suaves. Esto ayudar\u00e1 a calmar la piel y a mantenerla hidratada despu\u00e9s de la exposici\u00f3n al sol.<\/li>\n<\/ul>\n<p><b>Recuerda que la protecci\u00f3n solar es esencial durante todo el a\u00f1o, no solo en verano.<\/b><span style=\"font-weight: 400;\"> Adoptar h\u00e1bitos saludables de protecci\u00f3n solar ayudar\u00e1 a mantener tu piel sana y protegida de los efectos da\u00f1inos del sol.<\/span><\/p>\n\n\n<div class=\"kk-star-ratings kksr-auto kksr-align-left kksr-valign-bottom\"\n    data-payload='{&quot;align&quot;:&quot;left&quot;,&quot;id&quot;:&quot;1593&quot;,&quot;slug&quot;:&quot;default&quot;,&quot;valign&quot;:&quot;bottom&quot;,&quot;ignore&quot;:&quot;&quot;,&quot;reference&quot;:&quot;auto&quot;,&quot;class&quot;:&quot;&quot;,&quot;count&quot;:&quot;0&quot;,&quot;legendonly&quot;:&quot;&quot;,&quot;readonly&quot;:&quot;&quot;,&quot;score&quot;:&quot;0&quot;,&quot;starsonly&quot;:&quot;&quot;,&quot;best&quot;:&quot;5&quot;,&quot;gap&quot;:&quot;5&quot;,&quot;greet&quot;:&quot;\\u00bfTe ha gustado nuestro contenido?&quot;,&quot;legend&quot;:&quot;0\\\/5&quot;,&quot;size&quot;:&quot;24&quot;,&quot;title&quot;:&quot;3 productos imprescindibles para proteger tu cara del sol en verano&quot;,&quot;width&quot;:&quot;0&quot;,&quot;_legend&quot;:&quot;{score}\\\/{best}&quot;,&quot;font_factor&quot;:&quot;1.25&quot;}'>\n            \n<div class=\"kksr-stars\">\n    \n<div class=\"kksr-stars-inactive\">\n            <div class=\"kksr-star\" data-star=\"1\" style=\"padding-right: 5px\">\n            \n\n<div class=\"kksr-icon\" style=\"width: 24px; height: 24px;\"><\/div>\n        <\/div>\n            <div class=\"kksr-star\" data-star=\"2\" style=\"padding-right: 5px\">\n            \n\n<div class=\"kksr-icon\" style=\"width: 24px; height: 24px;\"><\/div>\n        <\/div>\n            <div class=\"kksr-star\" data-star=\"3\" style=\"padding-right: 5px\">\n            \n\n<div class=\"kksr-icon\" style=\"width: 24px; height: 24px;\"><\/div>\n        <\/div>\n            <div class=\"kksr-star\" data-star=\"4\" style=\"padding-right: 5px\">\n            \n\n<div class=\"kksr-icon\" style=\"width: 24px; height: 24px;\"><\/div>\n        <\/div>\n            <div class=\"kksr-star\" data-star=\"5\" style=\"padding-right: 5px\">\n            \n\n<div class=\"kksr-icon\" style=\"width: 24px; height: 24px;\"><\/div>\n        <\/div>\n    <\/div>\n    \n<div class=\"kksr-stars-active\" style=\"width: 0px;\">\n            <div class=\"kksr-star\" style=\"padding-right: 5px\">\n            \n\n<div class=\"kksr-icon\" style=\"width: 24px; height: 24px;\"><\/div>\n        <\/div>\n            <div class=\"kksr-star\" style=\"padding-right: 5px\">\n            \n\n<div class=\"kksr-icon\" style=\"width: 24px; height: 24px;\"><\/div>\n        <\/div>\n            <div class=\"kksr-star\" style=\"padding-right: 5px\">\n            \n\n<div class=\"kksr-icon\" style=\"width: 24px; height: 24px;\"><\/div>\n        <\/div>\n            <div class=\"kksr-star\" style=\"padding-right: 5px\">\n            \n\n<div class=\"kksr-icon\" style=\"width: 24px; height: 24px;\"><\/div>\n        <\/div>\n            <div class=\"kksr-star\" style=\"padding-right: 5px\">\n            \n\n<div class=\"kksr-icon\" style=\"width: 24px; height: 24px;\"><\/div>\n        <\/div>\n    <\/div>\n<\/div>\n                \n\n<div class=\"kksr-legend\" style=\"font-size: 19.2px;\">\n            <span class=\"kksr-muted\">\u00bfTe ha gustado nuestro contenido?<\/span>\n    <\/div>\n    <\/div>\n","protected":false},"excerpt":{"rendered":"<p>Ya est\u00e1is muchas de vacaciones y es importante tener claros los imprescindibles para proteger nuestro rostro del sol y evitar no solo quemarnos sino tambi\u00e9n acelerar nuestro envejecimiento.\u00a0 \u00bfC\u00f3mo sufre nuestro rostro expuesto al sol? El rostro expuesto al sol puede sufrir diversos efectos negativos debido a la radiaci\u00f3n ultravioleta<\/p>\n","protected":false},"author":10,"featured_media":1596,"comment_status":"closed","ping_status":"closed","sticky":false,"template":"","format":"standard","meta":{"footnotes":""},"categories":[6],"tags":[],"yoast_head":"<!-- This site is optimized with the Yoast SEO plugin v22.6 - https:\/\/yoast.com\/wordpress\/plugins\/seo\/ -->\n<title>3 productos imprescindibles para proteger tu cara del sol en verano<\/title>\n<meta name=\"description\" content=\"El rostro expuesto al sol puede sufrir efectos negativos debido a la radiaci\u00f3n UV. \u00a1Apunta estos consejos para disfrutar del verano con seguirdad!\" \/>\n<meta name=\"robots\" content=\"index, follow, max-snippet:-1, max-image-preview:large, max-video-preview:-1\" \/>\n<link rel=\"canonical\" href=\"https:\/\/armoniabio.com\/blog\/3-productos-imprescindibles-para-proteger-tu-cara-del-sol-en-verano\/\" \/>\n<meta property=\"og:locale\" content=\"es_ES\" \/>\n<meta property=\"og:type\" content=\"article\" \/>\n<meta property=\"og:title\" content=\"3 productos imprescindibles para proteger tu cara del sol en verano\" \/>\n<meta property=\"og:description\" content=\"El rostro expuesto al sol puede sufrir efectos negativos debido a la radiaci\u00f3n UV. \u00a1Apunta estos consejos para disfrutar del verano con seguirdad!\" \/>\n<meta property=\"og:url\" content=\"https:\/\/armoniabio.com\/blog\/3-productos-imprescindibles-para-proteger-tu-cara-del-sol-en-verano\/\" \/>\n<meta property=\"og:site_name\" content=\"Blog armon\u00eda\" \/>\n<meta property=\"article:publisher\" content=\"https:\/\/www.facebook.com\/ArmoniaCosmetica\/\" \/>\n<meta property=\"article:published_time\" content=\"2023-06-23T09:31:35+00:00\" \/>\n<meta property=\"article:modified_time\" content=\"2023-07-31T17:33:09+00:00\" \/>\n<meta property=\"og:image\" content=\"https:\/\/armoniabio.com\/blog\/wp-content\/uploads\/2023\/07\/post-productos-imprescindibles-para-proteger-tu-cara-del-sol-en-verano-portada.jpg\" \/>\n\t<meta property=\"og:image:width\" content=\"800\" \/>\n\t<meta property=\"og:image:height\" content=\"580\" \/>\n\t<meta property=\"og:image:type\" content=\"image\/jpeg\" \/>\n<meta name=\"author\" content=\"Ana de Sus\" \/>\n<meta name=\"twitter:card\" content=\"summary_large_image\" \/>\n<meta name=\"twitter:creator\" content=\"@armoniabio\" \/>\n<meta name=\"twitter:site\" content=\"@armoniabio\" \/>\n<script type=\"application\/ld+json\" class=\"yoast-schema-graph\">{\"@context\":\"https:\/\/schema.org\",\"@graph\":[{\"@type\":\"Article\",\"@id\":\"https:\/\/armoniabio.com\/blog\/3-productos-imprescindibles-para-proteger-tu-cara-del-sol-en-verano\/#article\",\"isPartOf\":{\"@id\":\"https:\/\/armoniabio.com\/blog\/3-productos-imprescindibles-para-proteger-tu-cara-del-sol-en-verano\/\"},\"author\":{\"name\":\"Ana de Sus\",\"@id\":\"https:\/\/armoniabio.com\/blog\/#\/schema\/person\/1283d62e62bbb3a937177b0816975498\"},\"headline\":\"3 productos imprescindibles para proteger tu cara del sol en verano\",\"datePublished\":\"2023-06-23T09:31:35+00:00\",\"dateModified\":\"2023-07-31T17:33:09+00:00\",\"mainEntityOfPage\":{\"@id\":\"https:\/\/armoniabio.com\/blog\/3-productos-imprescindibles-para-proteger-tu-cara-del-sol-en-verano\/\"},\"wordCount\":1198,\"publisher\":{\"@id\":\"https:\/\/armoniabio.com\/blog\/#organization\"},\"image\":{\"@id\":\"https:\/\/armoniabio.com\/blog\/3-productos-imprescindibles-para-proteger-tu-cara-del-sol-en-verano\/#primaryimage\"},\"thumbnailUrl\":\"https:\/\/armoniabio.com\/blog\/wp-content\/uploads\/2023\/07\/post-productos-imprescindibles-para-proteger-tu-cara-del-sol-en-verano-portada.jpg\",\"articleSection\":[\"Corporal y solar\"],\"inLanguage\":\"es\"},{\"@type\":\"WebPage\",\"@id\":\"https:\/\/armoniabio.com\/blog\/3-productos-imprescindibles-para-proteger-tu-cara-del-sol-en-verano\/\",\"url\":\"https:\/\/armoniabio.com\/blog\/3-productos-imprescindibles-para-proteger-tu-cara-del-sol-en-verano\/\",\"name\":\"3 productos imprescindibles para proteger tu cara del sol en verano\",\"isPartOf\":{\"@id\":\"https:\/\/armoniabio.com\/blog\/#website\"},\"primaryImageOfPage\":{\"@id\":\"https:\/\/armoniabio.com\/blog\/3-productos-imprescindibles-para-proteger-tu-cara-del-sol-en-verano\/#primaryimage\"},\"image\":{\"@id\":\"https:\/\/armoniabio.com\/blog\/3-productos-imprescindibles-para-proteger-tu-cara-del-sol-en-verano\/#primaryimage\"},\"thumbnailUrl\":\"https:\/\/armoniabio.com\/blog\/wp-content\/uploads\/2023\/07\/post-productos-imprescindibles-para-proteger-tu-cara-del-sol-en-verano-portada.jpg\",\"datePublished\":\"2023-06-23T09:31:35+00:00\",\"dateModified\":\"2023-07-31T17:33:09+00:00\",\"description\":\"El rostro expuesto al sol puede sufrir efectos negativos debido a la radiaci\u00f3n UV. \u00a1Apunta estos consejos para disfrutar del verano con seguirdad!\",\"breadcrumb\":{\"@id\":\"https:\/\/armoniabio.com\/blog\/3-productos-imprescindibles-para-proteger-tu-cara-del-sol-en-verano\/#breadcrumb\"},\"inLanguage\":\"es\",\"potentialAction\":[{\"@type\":\"ReadAction\",\"target\":[\"https:\/\/armoniabio.com\/blog\/3-productos-imprescindibles-para-proteger-tu-cara-del-sol-en-verano\/\"]}]},{\"@type\":\"ImageObject\",\"inLanguage\":\"es\",\"@id\":\"https:\/\/armoniabio.com\/blog\/3-productos-imprescindibles-para-proteger-tu-cara-del-sol-en-verano\/#primaryimage\",\"url\":\"https:\/\/armoniabio.com\/blog\/wp-content\/uploads\/2023\/07\/post-productos-imprescindibles-para-proteger-tu-cara-del-sol-en-verano-portada.jpg\",\"contentUrl\":\"https:\/\/armoniabio.com\/blog\/wp-content\/uploads\/2023\/07\/post-productos-imprescindibles-para-proteger-tu-cara-del-sol-en-verano-portada.jpg\",\"width\":800,\"height\":580,\"caption\":\"3 productos imprescindibles para proteger tu cara del sol en verano\"},{\"@type\":\"BreadcrumbList\",\"@id\":\"https:\/\/armoniabio.com\/blog\/3-productos-imprescindibles-para-proteger-tu-cara-del-sol-en-verano\/#breadcrumb\",\"itemListElement\":[{\"@type\":\"ListItem\",\"position\":1,\"name\":\"Portada\",\"item\":\"https:\/\/armoniabio.com\/blog\/\"},{\"@type\":\"ListItem\",\"position\":2,\"name\":\"3 productos imprescindibles para proteger tu cara del sol en verano\"}]},{\"@type\":\"WebSite\",\"@id\":\"https:\/\/armoniabio.com\/blog\/#website\",\"url\":\"https:\/\/armoniabio.com\/blog\/\",\"name\":\"Blog armon\u00eda\",\"description\":\"\",\"publisher\":{\"@id\":\"https:\/\/armoniabio.com\/blog\/#organization\"},\"potentialAction\":[{\"@type\":\"SearchAction\",\"target\":{\"@type\":\"EntryPoint\",\"urlTemplate\":\"https:\/\/armoniabio.com\/blog\/?s={search_term_string}\"},\"query-input\":\"required name=search_term_string\"}],\"inLanguage\":\"es\"},{\"@type\":\"Organization\",\"@id\":\"https:\/\/armoniabio.com\/blog\/#organization\",\"name\":\"Armon\u00eda Cosm\u00e9tica Natural\",\"url\":\"https:\/\/armoniabio.com\/blog\/\",\"logo\":{\"@type\":\"ImageObject\",\"inLanguage\":\"es\",\"@id\":\"https:\/\/armoniabio.com\/blog\/#\/schema\/logo\/image\/\",\"url\":\"http:\/\/armoniabio.com\/blog\/wp-content\/uploads\/2021\/04\/logo_armoniabio.svg\",\"contentUrl\":\"http:\/\/armoniabio.com\/blog\/wp-content\/uploads\/2021\/04\/logo_armoniabio.svg\",\"width\":1,\"height\":1,\"caption\":\"Armon\u00eda Cosm\u00e9tica Natural\"},\"image\":{\"@id\":\"https:\/\/armoniabio.com\/blog\/#\/schema\/logo\/image\/\"},\"sameAs\":[\"https:\/\/www.facebook.com\/ArmoniaCosmetica\/\",\"https:\/\/x.com\/armoniabio\",\"https:\/\/www.instagram.com\/armoniabio\/\",\"https:\/\/www.pinterest.es\/armonacosmticanatural\/\",\"https:\/\/www.youtube.com\/channel\/UCvRU98h_rm6BNIt8CAJtQbw\"]},{\"@type\":\"Person\",\"@id\":\"https:\/\/armoniabio.com\/blog\/#\/schema\/person\/1283d62e62bbb3a937177b0816975498\",\"name\":\"Ana de Sus\"}]}<\/script>\n<!-- \/ Yoast SEO plugin. -->","yoast_head_json":{"title":"3 productos imprescindibles para proteger tu cara del sol en verano","description":"El rostro expuesto al sol puede sufrir efectos negativos debido a la radiaci\u00f3n UV. \u00a1Apunta estos consejos para disfrutar del verano con seguirdad!","robots":{"index":"index","follow":"follow","max-snippet":"max-snippet:-1","max-image-preview":"max-image-preview:large","max-video-preview":"max-video-preview:-1"},"canonical":"https:\/\/armoniabio.com\/blog\/3-productos-imprescindibles-para-proteger-tu-cara-del-sol-en-verano\/","og_locale":"es_ES","og_type":"article","og_title":"3 productos imprescindibles para proteger tu cara del sol en verano","og_description":"El rostro expuesto al sol puede sufrir efectos negativos debido a la radiaci\u00f3n UV. \u00a1Apunta estos consejos para disfrutar del verano con seguirdad!","og_url":"https:\/\/armoniabio.com\/blog\/3-productos-imprescindibles-para-proteger-tu-cara-del-sol-en-verano\/","og_site_name":"Blog armon\u00eda","article_publisher":"https:\/\/www.facebook.com\/ArmoniaCosmetica\/","article_published_time":"2023-06-23T09:31:35+00:00","article_modified_time":"2023-07-31T17:33:09+00:00","og_image":[{"width":800,"height":580,"url":"https:\/\/armoniabio.com\/blog\/wp-content\/uploads\/2023\/07\/post-productos-imprescindibles-para-proteger-tu-cara-del-sol-en-verano-portada.jpg","type":"image\/jpeg"}],"author":"Ana de Sus","twitter_card":"summary_large_image","twitter_creator":"@armoniabio","twitter_site":"@armoniabio","schema":{"@context":"https:\/\/schema.org","@graph":[{"@type":"Article","@id":"https:\/\/armoniabio.com\/blog\/3-productos-imprescindibles-para-proteger-tu-cara-del-sol-en-verano\/#article","isPartOf":{"@id":"https:\/\/armoniabio.com\/blog\/3-productos-imprescindibles-para-proteger-tu-cara-del-sol-en-verano\/"},"author":{"name":"Ana de Sus","@id":"https:\/\/armoniabio.com\/blog\/#\/schema\/person\/1283d62e62bbb3a937177b0816975498"},"headline":"3 productos imprescindibles para proteger tu cara del sol en verano","datePublished":"2023-06-23T09:31:35+00:00","dateModified":"2023-07-31T17:33:09+00:00","mainEntityOfPage":{"@id":"https:\/\/armoniabio.com\/blog\/3-productos-imprescindibles-para-proteger-tu-cara-del-sol-en-verano\/"},"wordCount":1198,"publisher":{"@id":"https:\/\/armoniabio.com\/blog\/#organization"},"image":{"@id":"https:\/\/armoniabio.com\/blog\/3-productos-imprescindibles-para-proteger-tu-cara-del-sol-en-verano\/#primaryimage"},"thumbnailUrl":"https:\/\/armoniabio.com\/blog\/wp-content\/uploads\/2023\/07\/post-productos-imprescindibles-para-proteger-tu-cara-del-sol-en-verano-portada.jpg","articleSection":["Corporal y solar"],"inLanguage":"es"},{"@type":"WebPage","@id":"https:\/\/armoniabio.com\/blog\/3-productos-imprescindibles-para-proteger-tu-cara-del-sol-en-verano\/","url":"https:\/\/armoniabio.com\/blog\/3-productos-imprescindibles-para-proteger-tu-cara-del-sol-en-verano\/","name":"3 productos imprescindibles para proteger tu cara del sol en verano","isPartOf":{"@id":"https:\/\/armoniabio.com\/blog\/#website"},"primaryImageOfPage":{"@id":"https:\/\/armoniabio.com\/blog\/3-productos-imprescindibles-para-proteger-tu-cara-del-sol-en-verano\/#primaryimage"},"image":{"@id":"https:\/\/armoniabio.com\/blog\/3-productos-imprescindibles-para-proteger-tu-cara-del-sol-en-verano\/#primaryimage"},"thumbnailUrl":"https:\/\/armoniabio.com\/blog\/wp-content\/uploads\/2023\/07\/post-productos-imprescindibles-para-proteger-tu-cara-del-sol-en-verano-portada.jpg","datePublished":"2023-06-23T09:31:35+00:00","dateModified":"2023-07-31T17:33:09+00:00","description":"El rostro expuesto al sol puede sufrir efectos negativos debido a la radiaci\u00f3n UV. \u00a1Apunta estos consejos para disfrutar del verano con seguirdad!","breadcrumb":{"@id":"https:\/\/armoniabio.com\/blog\/3-productos-imprescindibles-para-proteger-tu-cara-del-sol-en-verano\/#breadcrumb"},"inLanguage":"es","potentialAction":[{"@type":"ReadAction","target":["https:\/\/armoniabio.com\/blog\/3-productos-imprescindibles-para-proteger-tu-cara-del-sol-en-verano\/"]}]},{"@type":"ImageObject","inLanguage":"es","@id":"https:\/\/armoniabio.com\/blog\/3-productos-imprescindibles-para-proteger-tu-cara-del-sol-en-verano\/#primaryimage","url":"https:\/\/armoniabio.com\/blog\/wp-content\/uploads\/2023\/07\/post-productos-imprescindibles-para-proteger-tu-cara-del-sol-en-verano-portada.jpg","contentUrl":"https:\/\/armoniabio.com\/blog\/wp-content\/uploads\/2023\/07\/post-productos-imprescindibles-para-proteger-tu-cara-del-sol-en-verano-portada.jpg","width":800,"height":580,"caption":"3 productos imprescindibles para proteger tu cara del sol en verano"},{"@type":"BreadcrumbList","@id":"https:\/\/armoniabio.com\/blog\/3-productos-imprescindibles-para-proteger-tu-cara-del-sol-en-verano\/#breadcrumb","itemListElement":[{"@type":"ListItem","position":1,"name":"Portada","item":"https:\/\/armoniabio.com\/blog\/"},{"@type":"ListItem","position":2,"name":"3 productos imprescindibles para proteger tu cara del sol en verano"}]},{"@type":"WebSite","@id":"https:\/\/armoniabio.com\/blog\/#website","url":"https:\/\/armoniabio.com\/blog\/","name":"Blog armon\u00eda","description":"","publisher":{"@id":"https:\/\/armoniabio.com\/blog\/#organization"},"potentialAction":[{"@type":"SearchAction","target":{"@type":"EntryPoint","urlTemplate":"https:\/\/armoniabio.com\/blog\/?s={search_term_string}"},"query-input":"required name=search_term_string"}],"inLanguage":"es"},{"@type":"Organization","@id":"https:\/\/armoniabio.com\/blog\/#organization","name":"Armon\u00eda Cosm\u00e9tica Natural","url":"https:\/\/armoniabio.com\/blog\/","logo":{"@type":"ImageObject","inLanguage":"es","@id":"https:\/\/armoniabio.com\/blog\/#\/schema\/logo\/image\/","url":"http:\/\/armoniabio.com\/blog\/wp-content\/uploads\/2021\/04\/logo_armoniabio.svg","contentUrl":"http:\/\/armoniabio.com\/blog\/wp-content\/uploads\/2021\/04\/logo_armoniabio.svg","width":1,"height":1,"caption":"Armon\u00eda Cosm\u00e9tica Natural"},"image":{"@id":"https:\/\/armoniabio.com\/blog\/#\/schema\/logo\/image\/"},"sameAs":["https:\/\/www.facebook.com\/ArmoniaCosmetica\/","https:\/\/x.com\/armoniabio","https:\/\/www.instagram.com\/armoniabio\/","https:\/\/www.pinterest.es\/armonacosmticanatural\/","https:\/\/www.youtube.com\/channel\/UCvRU98h_rm6BNIt8CAJtQbw"]},{"@type":"Person","@id":"https:\/\/armoniabio.com\/blog\/#\/schema\/person\/1283d62e62bbb3a937177b0816975498","name":"Ana de Sus"}]}},"_links":{"self":[{"href":"https:\/\/armoniabio.com\/blog\/wp-json\/wp\/v2\/posts\/1593"}],"collection":[{"href":"https:\/\/armoniabio.com\/blog\/wp-json\/wp\/v2\/posts"}],"about":[{"href":"https:\/\/armoniabio.com\/blog\/wp-json\/wp\/v2\/types\/post"}],"author":[{"embeddable":true,"href":"https:\/\/armoniabio.com\/blog\/wp-json\/wp\/v2\/users\/10"}],"replies":[{"embeddable":true,"href":"https:\/\/armoniabio.com\/blog\/wp-json\/wp\/v2\/comments?post=1593"}],"version-history":[{"count":3,"href":"https:\/\/armoniabio.com\/blog\/wp-json\/wp\/v2\/posts\/1593\/revisions"}],"predecessor-version":[{"id":1605,"href":"https:\/\/armoniabio.com\/blog\/wp-json\/wp\/v2\/posts\/1593\/revisions\/1605"}],"wp:featuredmedia":[{"embeddable":true,"href":"https:\/\/armoniabio.com\/blog\/wp-json\/wp\/v2\/media\/1596"}],"wp:attachment":[{"href":"https:\/\/armoniabio.com\/blog\/wp-json\/wp\/v2\/media?parent=1593"}],"wp:term":[{"taxonomy":"category","embeddable":true,"href":"https:\/\/armoniabio.com\/blog\/wp-json\/wp\/v2\/categories?post=1593"},{"taxonomy":"post_tag","embeddable":true,"href":"https:\/\/armoniabio.com\/blog\/wp-json\/wp\/v2\/tags?post=1593"}],"curies":[{"name":"wp","href":"https:\/\/api.w.org\/{rel}","templated":true}]}}